{"id":278394,"date":"2025-12-08T22:32:09","date_gmt":"2025-12-08T22:32:09","guid":{"rendered":"https:\/\/www.europesays.com\/es\/278394\/"},"modified":"2025-12-08T22:32:09","modified_gmt":"2025-12-08T22:32:09","slug":"los-astronomos-ponen-fecha-al-final-de-las-apacibles-noches-estrelladas-de-toda-la-vida","status":"publish","type":"post","link":"https:\/\/www.europesays.com\/es\/278394\/","title":{"rendered":"los astr\u00f3nomos ponen fecha al final de las apacibles noches estrelladas de toda la vida"},"content":{"rendered":"<p><b>A medida que la actividad humana en el espacio se acelera, algunos astr\u00f3nomos empiezan a temer que la imagen cl\u00e1sica del cielo nocturno<\/b>, tal como la conocemos hoy, podr\u00eda desaparecer en apenas unos a\u00f1os. As\u00ed lo recoge el medio rumano <a href=\"https:\/\/www.libertatea.ro\/stiri\/astronomi-avertizeaza-nopti-clasice-ar-putea-sa-dispara-pana-in-2040-5549608\" target=\"_blank\" rel=\"nofollow noopener\">Libertatea<\/a>, que resume un an\u00e1lisis elaborado por Alejandro Borlaff, investigador del Centro Ames <a href=\"https:\/\/www.huffingtonpost.es\/sociedad\/la-espanola-trabajo-nasa-vender-empresa-apple-comparte-surrealista-prohibicion-tuvo-semana-no-podia-mirar-direccion.html\" title=\"La espa\u00f1ola que trabaj\u00f3 para la NASA antes de vender su empresa a Apple, comparte la surrealista prohibici\u00f3n que tuvo durante una semana: \" no=\"\" pod=\"\" mirar=\"\" en=\"\" una=\"\" direcci=\"\" rel=\"nofollow noopener\" target=\"_blank\">de la NASA<\/a>, junto con un equipo de especialistas internacionales.<\/p>\n<p>Seg\u00fan el estudio, <a href=\"https:\/\/www.huffingtonpost.es\/global\/29-golpe-lanzamiento-masivo-satelites-chinos-bate-records.html\" title=\"29 de golpe: el lanzamiento masivo de sat\u00e9lites chinos que bate r\u00e9cords\" rel=\"nofollow noopener\" target=\"_blank\">el n\u00famero de sat\u00e9lites en \u00f3rbita baja se ha disparado en muy poco tiempo<\/a>. En 2019 hab\u00eda aproximadamente 2.000 objetos activos rodeando la Tierra; hoy esa cifra ya ronda los 15.000. Y el escenario para las pr\u00f3ximas d\u00e9cadas es a\u00fan m\u00e1s abrumador<b>: \u00abpara finales de 2040 podr\u00eda haber unos 560.000 objetos orbitando la Tierra\u00bb,<\/b> siempre que las solicitudes de licencia presentadas por diversas empresas y consorcios lleguen finalmente a aprobarse. La expansi\u00f3n de megaconstelaciones como Starlink o Kuiper es solo la punta del iceberg.<\/p>\n<p>Este aumento masivo no solo modifica la apariencia del cielo nocturno, sino que interfiere directamente con la investigaci\u00f3n astron\u00f3mica. Los an\u00e1lisis citados por Libertatea indican que hasta el 96 por ciento de las im\u00e1genes registradas por futuros telescopios como SHEREx (Estados Unidos), ARRAKIHS (Europa) o Xuntian (China) podr\u00edan verse afectadas por reflejos procedentes de antenas y paneles de sat\u00e9lites. <a href=\"https:\/\/www.huffingtonpost.es\/entry\/la-fascinante-fotografia-hubble-que-captura-un-par-de-rarezas-cosmicas_es_6376fa55e4b08013a8b4f8f0.html\" title=\"La fascinante fotograf\u00eda del telescopio Hubble que atrapa un par de rarezas c\u00f3smicas\" rel=\"nofollow noopener\" target=\"_blank\">Incluso el veterano telescopio Hubble, que observa sectores muy concretos del firmamento<\/a>, <b>podr\u00eda encontrarse con trazas de sat\u00e9lites en aproximadamente un tercio de sus registros.<\/b><\/p>\n<p><b>El problema no se limita a la est\u00e9tica del cielo, sino que tiene implicaciones cient\u00edficas profundas.<\/b> Las estelas brillantes que dejan los sat\u00e9lites suelen confundirse con asteroides, lo que complica el trabajo de detecci\u00f3n de objetos potencialmente peligrosos que podr\u00edan acercarse a la Tierra. Para los equipos de vigilancia del espacio cercano, distinguir entre un sat\u00e9lite iluminado y un cuerpo rocoso real es esencial, y esa diferenciaci\u00f3n se vuelve cada vez m\u00e1s dif\u00edcil con la saturaci\u00f3n orbital.<\/p>\n<p>Actualmente, existen programas capaces de eliminar de forma autom\u00e1tica las trazas de objetos artificiales en las fotograf\u00edas astron\u00f3micas.<b> Sin embargo, su eficacia depende de disponer de bases de datos extremadamente precisas y continuamente actualizadas sobre la posici\u00f3n y trayectoria de todos los sat\u00e9lites en \u00f3rbita<\/b>. Una tarea monumental si, como se\u00f1alan los investigadores, el n\u00famero de objetos se multiplica por decenas en apenas quince a\u00f1os.<\/p>\n<p>La advertencia llega en un momento clave, cuando la regulaci\u00f3n del espacio y la sostenibilidad orbital se han convertido en un asunto urgente. Si no se establecen l\u00edmites claros, concluyen los astr\u00f3nomos, <b>podr\u00eda llegar un momento en el que mirar al cielo signifique ver menos estrellas y m\u00e1s tecnolog\u00eda humana flotando sobre nuestras cabezas.<\/b><\/p>\n","protected":false},"excerpt":{"rendered":"A medida que la actividad humana en el espacio se acelera, algunos astr\u00f3nomos empiezan a temer que la&hellip;\n","protected":false},"author":2,"featured_media":278395,"comment_status":"","ping_status":"","sticky":false,"template":"","format":"standard","meta":{"footnotes":""},"categories":[81],"tags":[647,119,123,124,25,24,117,121,122,23,118,120],"class_list":{"0":"post-278394","1":"post","2":"type-post","3":"status-publish","4":"format-standard","5":"has-post-thumbnail","7":"category-ciencia-y-tecnologia","8":"tag-astronomia","9":"tag-ciencia","10":"tag-ciencia-y-tecnologia","11":"tag-cienciaytecnologia","12":"tag-es","13":"tag-espana","14":"tag-science","15":"tag-science-and-technology","16":"tag-scienceandtechnology","17":"tag-spain","18":"tag-technology","19":"tag-tecnologia"},"share_on_mastodon":{"url":"https:\/\/pubeurope.com\/@es\/115686325912527262","error":""},"_links":{"self":[{"href":"https:\/\/www.europesays.com\/es\/wp-json\/wp\/v2\/posts\/278394","targetHints":{"allow":["GET"]}}],"collection":[{"href":"https:\/\/www.europesays.com\/es\/wp-json\/wp\/v2\/posts"}],"about":[{"href":"https:\/\/www.europesays.com\/es\/wp-json\/wp\/v2\/types\/post"}],"author":[{"embeddable":true,"href":"https:\/\/www.europesays.com\/es\/wp-json\/wp\/v2\/users\/2"}],"replies":[{"embeddable":true,"href":"https:\/\/www.europesays.com\/es\/wp-json\/wp\/v2\/comments?post=278394"}],"version-history":[{"count":0,"href":"https:\/\/www.europesays.com\/es\/wp-json\/wp\/v2\/posts\/278394\/revisions"}],"wp:featuredmedia":[{"embeddable":true,"href":"https:\/\/www.europesays.com\/es\/wp-json\/wp\/v2\/media\/278395"}],"wp:attachment":[{"href":"https:\/\/www.europesays.com\/es\/wp-json\/wp\/v2\/media?parent=278394"}],"wp:term":[{"taxonomy":"category","embeddable":true,"href":"https:\/\/www.europesays.com\/es\/wp-json\/wp\/v2\/categories?post=278394"},{"taxonomy":"post_tag","embeddable":true,"href":"https:\/\/www.europesays.com\/es\/wp-json\/wp\/v2\/tags?post=278394"}],"curies":[{"name":"wp","href":"https:\/\/api.w.org\/{rel}","templated":true}]}}