{"id":278398,"date":"2025-12-08T22:34:09","date_gmt":"2025-12-08T22:34:09","guid":{"rendered":"https:\/\/www.europesays.com\/es\/278398\/"},"modified":"2025-12-08T22:34:09","modified_gmt":"2025-12-08T22:34:09","slug":"trump-europa-tiene-que-tener-cuidado-va-en-mala-direccion-internacional","status":"publish","type":"post","link":"https:\/\/www.europesays.com\/es\/278398\/","title":{"rendered":"Trump: \u201cEuropa tiene que tener cuidado, va en mala direcci\u00f3n\u201d | Internacional"},"content":{"rendered":"<p class=\"\">El presidente de Estados Unidos, Donald Trump, ha vuelto a arremeter este lunes contra la Uni\u00f3n Europea, tres d\u00edas despu\u00e9s de la publicaci\u00f3n de la nueva Estrategia de Seguridad Nacional en la que la Casa Blanca profetiza que <a href=\"https:\/\/elpais.com\/internacional\/2025-12-07\/trump-pone-a-la-ue-ante-su-mayor-temor-la-injerencia-politica-de-su-gran-aliado.html\" target=\"_self\" rel=\"nofollow noopener\" title=\"https:\/\/elpais.com\/internacional\/2025-12-07\/trump-pone-a-la-ue-ante-su-mayor-temor-la-injerencia-politica-de-su-gran-aliado.html\">Europa se enfrenta a la desaparici\u00f3n de su civilizaci\u00f3n<\/a> y viene a describir a su aliada como un <a href=\"https:\/\/elpais.com\/internacional\/2025-12-05\/trump-advierte-de-que-europa-se-enfrenta-a-la-desaparicion-de-su-civilizacion.html\" target=\"_self\" rel=\"nofollow noopener\" title=\"https:\/\/elpais.com\/internacional\/2025-12-05\/trump-advierte-de-que-europa-se-enfrenta-a-la-desaparicion-de-su-civilizacion.html\">adversario<\/a>. \u201cEuropa tiene que tener mucho cuidado. Queremos mantener a Europa como Europa. Europa est\u00e1 yendo en mala direcci\u00f3n, y es muy malo para su gente\u201d, ha sostenido en un acto en la Casa Blanca.<\/p>\n<p class=\"\">Durante el acto, en el que ha anunciado ayudas de 12.000 millones de d\u00f3lares para el sector agr\u00edcola estadounidense, Trump ha contestado a una pregunta sobre <a href=\"https:\/\/elpais.com\/opinion\/2025-12-06\/la-ue-defiende-la-ley-ante-x.html\" target=\"_self\" rel=\"nofollow noopener\" title=\"https:\/\/elpais.com\/opinion\/2025-12-06\/la-ue-defiende-la-ley-ante-x.html\">la multa de 120 millones de euros impuesta por los reguladores europeos a X<\/a>, la red social propiedad del magnate tecnol\u00f3gico Elon Musk, aliado del republicano. \u201cEs asquerosa\u201d, ha declarado acerca de la sanci\u00f3n, aunque ha reconocido que no ten\u00eda noticias en profundidad sobre ella: \u201cElon no me ha llamado para que le ayudara con eso\u201d.<\/p>\n<p class=\"\">Trump tambi\u00e9n ha asegurado que no entiende c\u00f3mo los reguladores europeos pueden justificar la medida, que cree que \u201cno es correcta\u201d. E inmediatamente ha lanzado su advertencia al continente: \u201cNo queremos que Europa cambie tant\u00edsimo. Est\u00e1n yendo en unas direcciones muy malas, y eso es algo muy serio\u201d. <\/p>\n<p class=\"\">Con estas declaraciones, Trump confirma que respalda por completo el contenido sobre Europa en la nueva Estrategia de Seguridad Nacional, el documento en el que, por ley, cada presidente debe presentar sus prioridades geopol\u00edticas de su Administraci\u00f3n al comienzo de su mandato. La que ha divulgado la Casa Blanca para este segundo mandato dibuja una Europa en supuesto declive, en riesgo de que la inmigraci\u00f3n convierta a sus habitantes de siempre en minor\u00eda y en camino de perder su propia civilizaci\u00f3n. Una Europa a la que critica m\u00e1s, pese a ser te\u00f3ricamente su mejor aliada, que a la propia Rusia, supuesta potencia hostil. <\/p>\n<p class=\"\">El documento de la Casa Blanca advierte que sus pron\u00f3sticos pueden verse cumplidos en cuesti\u00f3n de apenas dos o tres d\u00e9cadas, y llegado ese momento es posible que algunos pa\u00edses europeos hayan dejado de tener \u201ceconom\u00edas y ej\u00e9rcitos lo suficientemente fuertes como para seguir siendo aliados fiables\u201d de Washington.<\/p>\n<p class=\"\">La multa sobre la que se pronunciaba Trump, anunciada la semana pasada, es la primera sanci\u00f3n de la Comisi\u00f3n Europea bajo el nuevo Reglamento de Servicios Digitales, aprobada en 2022 y que ha ido entrando progresivamente en vigor desde 2023. La antigua Twitter, que ha pasado a denominarse X despu\u00e9s de que la adquiriese Musk hace cuatro a\u00f1os, ha sido sancionada con 120 millones de euros por tres vulneraciones de la ley.<\/p>\n<p class=\"\">Una de esas irregularidades se relaciona con el hecho de que, durante a\u00f1os, Twitter reconociese la identidad de cuentas de personalidades relevantes con una marca azul de verificaci\u00f3n. Musk cambi\u00f3 esa pol\u00edtica para permitir que cualquier usuario que pagara por el uso de la red social pudiera tener su marca azul. La Comisi\u00f3n encuentra que ese paso hace dif\u00edcil determinar la autenticidad de las cuentas y de su contenido, y expone a los usuarios a estafas y otras formas de manipulaci\u00f3n.<\/p>\n<p class=\"\">Adem\u00e1s, Bruselas ha sancionado a X por falta de transparencia en los repositorios de publicidad (que indican el contenido de los anuncios y qui\u00e9n paga por ellos) y por las restricciones de acceso a instituciones e investigadores a los datos de la plataforma.<\/p>\n","protected":false},"excerpt":{"rendered":"El presidente de Estados Unidos, Donald Trump, ha vuelto a arremeter este lunes contra la Uni\u00f3n Europea, tres&hellip;\n","protected":false},"author":2,"featured_media":278399,"comment_status":"","ping_status":"","sticky":false,"template":"","format":"standard","meta":{"footnotes":""},"categories":[42],"tags":[889,17,18,4329,352,629,13,14,11,61,62,63,64,19,20,9,2556,10,15,16,17918,952,12,6052,21,22,1617,2558,65,66,67],"class_list":{"0":"post-278398","1":"post","2":"type-post","3":"status-publish","4":"format-standard","5":"has-post-thumbnail","7":"category-internacional","8":"tag-america","9":"tag-breaking-news","10":"tag-breakingnews","11":"tag-casa-blanca","12":"tag-donald-trump","13":"tag-estados-unidos","14":"tag-featured-news","15":"tag-featurednews","16":"tag-headlines","17":"tag-internacional","18":"tag-international","19":"tag-international-news","20":"tag-internationalnews","21":"tag-latest-news","22":"tag-latestnews","23":"tag-news","24":"tag-norteamerica","25":"tag-noticias","26":"tag-noticias-destacadas","27":"tag-noticiasdestacadas","28":"tag-partido-republicano-ee-uu","29":"tag-politica","30":"tag-titulares","31":"tag-twitter","32":"tag-ultimas-noticias","33":"tag-ultimasnoticias","34":"tag-union-europea","35":"tag-washington-d-c","36":"tag-world","37":"tag-world-news","38":"tag-worldnews"},"share_on_mastodon":{"url":"","error":"Validation failed: Text character limit of 500 exceeded"},"_links":{"self":[{"href":"https:\/\/www.europesays.com\/es\/wp-json\/wp\/v2\/posts\/278398","targetHints":{"allow":["GET"]}}],"collection":[{"href":"https:\/\/www.europesays.com\/es\/wp-json\/wp\/v2\/posts"}],"about":[{"href":"https:\/\/www.europesays.com\/es\/wp-json\/wp\/v2\/types\/post"}],"author":[{"embeddable":true,"href":"https:\/\/www.europesays.com\/es\/wp-json\/wp\/v2\/users\/2"}],"replies":[{"embeddable":true,"href":"https:\/\/www.europesays.com\/es\/wp-json\/wp\/v2\/comments?post=278398"}],"version-history":[{"count":0,"href":"https:\/\/www.europesays.com\/es\/wp-json\/wp\/v2\/posts\/278398\/revisions"}],"wp:featuredmedia":[{"embeddable":true,"href":"https:\/\/www.europesays.com\/es\/wp-json\/wp\/v2\/media\/278399"}],"wp:attachment":[{"href":"https:\/\/www.europesays.com\/es\/wp-json\/wp\/v2\/media?parent=278398"}],"wp:term":[{"taxonomy":"category","embeddable":true,"href":"https:\/\/www.europesays.com\/es\/wp-json\/wp\/v2\/categories?post=278398"},{"taxonomy":"post_tag","embeddable":true,"href":"https:\/\/www.europesays.com\/es\/wp-json\/wp\/v2\/tags?post=278398"}],"curies":[{"name":"wp","href":"https:\/\/api.w.org\/{rel}","templated":true}]}}