{"id":278410,"date":"2025-12-08T22:45:17","date_gmt":"2025-12-08T22:45:17","guid":{"rendered":"https:\/\/www.europesays.com\/es\/278410\/"},"modified":"2025-12-08T22:45:17","modified_gmt":"2025-12-08T22:45:17","slug":"el-hijo-de-reyes-solucion-de-emergencia-para-xabi-alonso-en-la-previa-ante-el-city","status":"publish","type":"post","link":"https:\/\/www.europesays.com\/es\/278410\/","title":{"rendered":"El hijo de Reyes, soluci\u00f3n de emergencia para Xabi Alonso en la previa ante el City"},"content":{"rendered":"<p>La defensa se queda en cuadro, Camavinga aparece vendado y Xabi Alonso recurre al hijo de Reyes a 48 horas de recibir al Manchester City<\/p>\n<p class=\"parrafo\">El <strong>Real Madrid <\/strong>encara la semana m\u00e1s peligrosa de la temporada con <strong>un parte m\u00e9dico <\/strong>que golpea de lleno a Xabi Alonso. <a href=\"https:\/\/www.estadiodeportivo.com\/futbol\/primera-division\/real-madrid-celta-swedberg-siembra-caos-bernabeu-20251207-522989.html\" target=\"_blank\" class=\"intext-link\" rel=\"nofollow noopener\">La derrota ante el Celta ha multiplicado las dudas y las urgencias, justo cuando el Manchester City de Pep Guardiola aterriza en el Santiago Bernab\u00e9u <\/a>para un examen que puede marcar la temporada. Entre lesiones, improvisaciones defensivas y un vestuario tocado, la sorpresa del d\u00eda la firm\u00f3 <strong>Jos\u00e9 Antonio Reyes, que complet\u00f3 el entrenamiento con el primer equipo <\/strong>en pleno estado de alarma.<\/p>\n<p>Valdebebas en modo crisis: bajas, vendajes y un panorama l\u00edmite antes del City<\/p>\n<p class=\"parrafo\">El entrenamiento matinal dej\u00f3 una radiograf\u00eda inquietante. La lesi\u00f3n muscular de <strong>\u00c9der Militao<\/strong>, confirmada como baja para los pr\u00f3ximos cuatro meses, supone un golpe casi definitivo para la zaga. A ello se suma <strong>Dean Huijsen<\/strong>, tambi\u00e9n descartado, y un <strong>Eduardo Camavinga <\/strong>que apareci\u00f3 con un llamativo vendaje en el pie derecho que compromete su presencia ante el City. Su evoluci\u00f3n es una inc\u00f3gnita y la preocupaci\u00f3n es evidente a dos d\u00edas del duelo europeo.<\/p>\n<p><img decoding=\"async\" src=\"https:\/\/www.europesays.com\/es\/wp-content\/uploads\/2025\/12\/ee0f93bf-d71e-4c4d-9544-26f417ac023a_800x678.jpeg\" loading=\"lazy\"\/><\/p>\n<p class=\"parrafo\">El parte se agrava con un nuevo contratiempo: <strong>Kylian Mbapp\u00e9 sufri\u00f3 una rotura en el dedo anular de la mano izquierda<\/strong>. Podr\u00e1 jugar, pero las molestias condicionar\u00e1n sus duelos f\u00edsicos. El franc\u00e9s, que sostiene la mitad del gol ofensivo del Madrid, llegar\u00e1 limitado justo en un partido donde se espera su versi\u00f3n m\u00e1s determinante.<\/p>\n<p class=\"parrafo\">En defensa, el panorama es dram\u00e1tico. <strong>Dani Carvajal, David Alaba, Trent Alexander-Arnold y Ferland Mendy <\/strong>arrastran problemas f\u00edsicos que los sit\u00faan fuera de la rotaci\u00f3n. Xabi Alonso trabaja sobre escenarios de emergencia, obligado a recolocar perfiles y a sostener una estructura que se ha ido desmoronando con el paso de los partidos. <\/p>\n<p><a class=\"elementos-rel-t2\" href=\"https:\/\/www.estadiodeportivo.com\/futbol\/real-madrid\/valdano-exonera-xabi-alonso-dispara-plantilla-los-que-corren-son-los-jugadores-20251208-523040.html\" title=\"Valdano exonera a Xabi Alonso y dispara a la plantilla: &quot;Los que no corren son los jugadores&quot;\" rel=\"nofollow noopener\" target=\"_blank\"><\/p>\n<p class=\"titular titulo-4\">Valdano exonera a Xabi Alonso y dispara a la plantilla: \u00abLos que no corren son los jugadores\u00bb<\/p>\n<p><img decoding=\"async\" src=\"https:\/\/www.europesays.com\/es\/wp-content\/uploads\/2025\/12\/f1992daa-3bf3-43e4-a0fa-e118e480a6b1_320x180.jpeg\" alt=\"Valdano exonera a Xabi Alonso y dispara a la plantilla: &quot;Los que no corren son los jugadores&quot;\"\/><\/a><a class=\"elementos-rel-t2\" href=\"https:\/\/www.estadiodeportivo.com\/futbol\/real-madrid\/real-madrid-confirma-los-malos-presagios-con-lesion-militao-parte-medico-tiempo-baja-20251208-523034.html\" title=\"El Real Madrid confirma los peores presagios con la lesi\u00f3n de Militao: parte m\u00e9dico y tiempo de baja\" rel=\"nofollow noopener\" target=\"_blank\"><\/p>\n<p class=\"titular titulo-4\">El Real Madrid confirma los peores presagios con la lesi\u00f3n de Militao: parte m\u00e9dico y tiempo de baja<\/p>\n<p><img decoding=\"async\" src=\"https:\/\/www.europesays.com\/es\/wp-content\/uploads\/2025\/12\/e65fe4c3-bc8a-4b16-b4fa-2c8b8c15048f_320x180.jpeg\" alt=\"El Real Madrid confirma los peores presagios con la lesi\u00f3n de Militao: parte m\u00e9dico y tiempo de baja\"\/><\/a>Reyes, la nota luminosa en la semana m\u00e1s oscura del Real Madrid<\/p>\n<p class=\"parrafo\">En medio de un ambiente enrarecido, un rostro joven irrumpi\u00f3 en Valdebebas. <strong>Jos\u00e9 Reyes, hijo del eterno futbolista sevillano, entren\u00f3 a las \u00f3rdenes de Xabi Alonso<\/strong> en una sesi\u00f3n marcada por la necesidad y las ausencias. El atacante de 18 a\u00f1os, pieza importante del <strong>Juvenil A <\/strong>dirigido por Juli\u00e1n L\u00f3pez de Lerma, repite din\u00e1mica con el primer equipo despu\u00e9s de haber llamado la atenci\u00f3n de Carlo Ancelotti la pasada temporada.<\/p>\n<p class=\"parrafo\">Reyes lleg\u00f3 al c\u00e9sped con naturalidad y se mostr\u00f3 muy participativo, demostrando su crecimiento en los \u00faltimos meses. En el club valoran su madurez y su capacidad para adaptarse a distintos roles ofensivos. Su presencia en el entrenamiento fue una bocanada de aire fresco en una jornada dominada por vendajes, caras largas y una urgencia colectiva por recomponerse.<\/p>\n","protected":false},"excerpt":{"rendered":"La defensa se queda en cuadro, Camavinga aparece vendado y Xabi Alonso recurre al hijo de Reyes a&hellip;\n","protected":false},"author":2,"featured_media":278411,"comment_status":"","ping_status":"","sticky":false,"template":"","format":"standard","meta":{"footnotes":""},"categories":[268],"tags":[168,25,24,284,280,282,288,1945,3048,281,23,167],"class_list":{"0":"post-278410","1":"post","2":"type-post","3":"status-publish","4":"format-standard","5":"has-post-thumbnail","7":"category-futbol","8":"tag-deportes","9":"tag-es","10":"tag-espana","11":"tag-estadio-deportivo","12":"tag-football","13":"tag-futbol","14":"tag-laliga","15":"tag-primera-division","16":"tag-real-madrid","17":"tag-soccer","18":"tag-spain","19":"tag-sports"},"share_on_mastodon":{"url":"https:\/\/pubeurope.com\/@es\/115686377981722510","error":""},"_links":{"self":[{"href":"https:\/\/www.europesays.com\/es\/wp-json\/wp\/v2\/posts\/278410","targetHints":{"allow":["GET"]}}],"collection":[{"href":"https:\/\/www.europesays.com\/es\/wp-json\/wp\/v2\/posts"}],"about":[{"href":"https:\/\/www.europesays.com\/es\/wp-json\/wp\/v2\/types\/post"}],"author":[{"embeddable":true,"href":"https:\/\/www.europesays.com\/es\/wp-json\/wp\/v2\/users\/2"}],"replies":[{"embeddable":true,"href":"https:\/\/www.europesays.com\/es\/wp-json\/wp\/v2\/comments?post=278410"}],"version-history":[{"count":0,"href":"https:\/\/www.europesays.com\/es\/wp-json\/wp\/v2\/posts\/278410\/revisions"}],"wp:featuredmedia":[{"embeddable":true,"href":"https:\/\/www.europesays.com\/es\/wp-json\/wp\/v2\/media\/278411"}],"wp:attachment":[{"href":"https:\/\/www.europesays.com\/es\/wp-json\/wp\/v2\/media?parent=278410"}],"wp:term":[{"taxonomy":"category","embeddable":true,"href":"https:\/\/www.europesays.com\/es\/wp-json\/wp\/v2\/categories?post=278410"},{"taxonomy":"post_tag","embeddable":true,"href":"https:\/\/www.europesays.com\/es\/wp-json\/wp\/v2\/tags?post=278410"}],"curies":[{"name":"wp","href":"https:\/\/api.w.org\/{rel}","templated":true}]}}