{"id":278414,"date":"2025-12-08T22:47:33","date_gmt":"2025-12-08T22:47:33","guid":{"rendered":"https:\/\/www.europesays.com\/es\/278414\/"},"modified":"2025-12-08T22:47:33","modified_gmt":"2025-12-08T22:47:33","slug":"muere-a-los-73-anos-el-fotografo-martin-parr-conocido-por-sus-retratos-de-la-vida-britanica","status":"publish","type":"post","link":"https:\/\/www.europesays.com\/es\/278414\/","title":{"rendered":"Muere a los 73 a\u00f1os el fot\u00f3grafo Martin Parr, conocido por sus retratos de la vida brit\u00e1nica"},"content":{"rendered":"<p style=\"\">El fot\u00f3grafo brit\u00e1nico <a href=\"https:\/\/www.abc.es\/espana\/catalunya\/abci-martin-parr-reflexiona-fotos-201205290000_noticia.html\" target=\"_self\" data-voc-vtm-id=\"in-text-traffic\" title=\"Martin Parr\" data-mrf-link=\"www.abc.es\" rel=\"nofollow noopener\">Martin Parr<\/a>, famoso por sus im\u00e1genes con las que retrataba con humor la vida cotidiana de sus compatriotas, falleci\u00f3 este s\u00e1bado a los 73 a\u00f1os, anunci\u00f3 su fundaci\u00f3n el domingo en un comunicado.<\/p>\n<p style=\"\">\u00abCon gran tristeza, anunciamos que Martin Parr ( &#8230; 1952-2025) falleci\u00f3 ayer en su domicilio de Bristol\u00bb, indic\u00f3 la fundaci\u00f3n, al mismo tiempo que <strong>Magnum Photos<\/strong>, la agencia para la que el fot\u00f3grafo hab\u00eda trabajado durante muchos a\u00f1os desde que ingresara en ella en 1994.<\/p>\n<p class=\"voc-p\" style=\"\">Martin Parr (nacido en 1952 en Epsom, Surrey, Reino Unido) destaca por su trabajo documental y en la &#8216;street photography&#8217;, a la que aport\u00f3<strong> iron\u00eda, sarcasmo, color, irreverencia y sentido del humor<\/strong>. <\/p>\n<p class=\"voc-p\" style=\"\">Su abuelo, <strong>George Parr<\/strong>, fot\u00f3grafo aficionado,, le regal\u00f3 su primera c\u00e1mara a los 8 a\u00f1os y le ense\u00f1\u00f3 a revelar. Estudi\u00f3 fotograf\u00eda en Manchester y empez\u00f3 a trabajar en los a\u00f1os setenta en el norte de Inglaterra; sus fotograf\u00edas eran entonces mayoritariamente en blanco y negro.. En los a\u00f1os ochenta salt\u00f3 al color, al que le dar\u00eda una nueva dimensi\u00f3n. Cobr\u00f3 notoriedad con su serie &#8216;<a href=\"https:\/\/www.magnumphotos.com\/arts-culture\/society-arts-culture\/martin-parr-the-last-resort\/\" target=\"_self\" data-voc-vtm-id=\"in-text-traffic\" title=\"The Last Resort\" data-mrf-link=\"www.magnumphotos.com\" rel=\"nofollow noopener\">The Last Resort<\/a>&#8216; (1983\u20131985), fotograf\u00edas en la playa de New Brighton, cerca de Liverpool; fue pol\u00e9mica porque se trata de un retrato descarnado y al tiempo colorista de la clase trabajadora brit\u00e1nica de vacaciones, y se le critic\u00f3 que se burlaba de los fotografiados.<\/p>\n<p><img decoding=\"async\" loading=\"lazy\" src=\"https:\/\/www.europesays.com\/es\/wp-content\/uploads\/2025\/12\/5 LON6985-U12251312351zqg-760x600@diario_abc.jpg\" class=\"voc-img\" width=\"760\" height=\"600\" alt=\"Muere a los 73 a\u00f1os el fot\u00f3grafo Martin Parr, conocido por sus retratos de la vida brit\u00e1nica\" data-voc-vtm-id=\"in-text-traffic\"\/><\/p>\n<p>martin parr<\/p>\n<p class=\"voc-p\" style=\"\">En 1994 ingres\u00f3 en la agencia <strong>Magnum Photos<\/strong> (propuesto por <strong>Philip Jones Griffiths<\/strong>, que curiosamente hab\u00eda sido su mayor cr\u00edtico), en medio de una gran controversia. Llegar\u00eda a ser presidente de la agencia entre 2013 y 2017. <\/p>\n<p class=\"voc-p\" style=\"\">El cr\u00edtico de arte <a href=\"https:\/\/www.abc.es\/cultura\/cultural\/martin-parr-ironia-humor-armas-representacion-masiva-20231108185229-nt.html\" target=\"_self\" data-voc-vtm-id=\"in-text-traffic\" title=\"Francisco Carpio\" data-mrf-link=\"www.abc.es\" rel=\"nofollow noopener\">Francisco Carpio<\/a> dijo de \u00e9l: \u00abSus fotograf\u00edas aportan siempre grandes dosis de iron\u00eda, humor y esp\u00edritu burl\u00f3n, ingredientes ideales para reflejar aspectos aparentemente poco relacionados con estos factores, tales como una cr\u00edtica ciertamente mordaz y aguda sobre la sociedad inglesa, con especial predilecci\u00f3n por los sectores obreros y por la sufrida clase media, que, sin embargo, es capaz de expresar y mostrar con acierto a trav\u00e9s de la peculiar lente de su mordaz y sat\u00edrica visi\u00f3n, en la que el uso muy particular y vivo del color juega tambi\u00e9n un importante papel. As\u00ed, temas como el consumismo, la familia, las relaciones sociales, el turismo, la comunicaci\u00f3n, el ocio o la comida son recogidos y analizados en sus personales im\u00e1genes fotogr\u00e1ficas\u00bb.<\/p>\n<p><img decoding=\"async\" loading=\"lazy\" src=\"https:\/\/www.europesays.com\/es\/wp-content\/uploads\/2025\/12\/6 LON17731-U54152536767pRI-760x620@diario_abc.jpg\" class=\"voc-img\" width=\"760\" height=\"620\" alt=\"Muere a los 73 a\u00f1os el fot\u00f3grafo Martin Parr, conocido por sus retratos de la vida brit\u00e1nica\" data-voc-vtm-id=\"in-text-traffic\"\/><\/p>\n<p>Martin Parr<\/p>\n<p class=\"voc-p\" style=\"\">Entre sus series fotogr\u00e1ficas, destacan &#8216;Small World&#8217; (sobre turismo de masas), &#8216;Common Sense&#8217; y &#8216;Think of England&#8217;, &#8216;Luxury&#8217;, &#8216;Life&#8217;s a Beach&#8217;. Ha expuesto en museos como la Tate Modern, el Centre Pompidou, el Barbican o el Reina Sof\u00eda, y entre sus reconocimientos figura el premio PHotoEspa\u00f1a (2006), <\/p>\n<p class=\"voc-p\" style=\"\">En Espa\u00f1a se ha podido disfrutar de su trabajo en varias ocasiones; en 2012, el Centro de Cultura Contempor\u00e1nea de Barcelona (CCCB) present\u00f3 la exposici\u00f3n &#8216;Souvenir. Martin Parr, fotograf\u00eda y coleccionismo&#8217;. Hace dos a\u00f1os, expuso en M\u00e1laga -&#8216;M\u00e1lagaEXPRESS&#8217;- y Alcobendas (Madrid) -&#8216;Martin Parr. Short &amp; Sweet (Peque\u00f1a y dulce)&#8217;-. Y en 2018 comisari\u00f3 junto a Cristina de Middel la exposici\u00f3n &#8216;Players. Los fot\u00f3grafos de Magnum entran al juego&#8217; en el Espacio Fundaci\u00f3n Telef\u00f3nica.<\/p>\n","protected":false},"excerpt":{"rendered":"El fot\u00f3grafo brit\u00e1nico Martin Parr, famoso por sus im\u00e1genes con las que retrataba con humor la vida cotidiana&hellip;\n","protected":false},"author":2,"featured_media":278415,"comment_status":"","ping_status":"","sticky":false,"template":"","format":"standard","meta":{"footnotes":""},"categories":[173],"tags":[49199,988,229,233,231,230,15897,4389,232,234,146,147,25,24,6638,1730,8938,40308,67458,23,2606],"class_list":{"0":"post-278414","1":"post","2":"type-post","3":"status-publish","4":"format-standard","5":"has-post-thumbnail","7":"category-arte-y-diseno","8":"tag-agudas","9":"tag-anos","10":"tag-arte","11":"tag-arte-y-diseno","12":"tag-arts","13":"tag-arts-and-design","14":"tag-britanica","15":"tag-conocido","16":"tag-design","17":"tag-diseno","18":"tag-entertainment","19":"tag-entretenimiento","20":"tag-es","21":"tag-espana","22":"tag-fotografo","23":"tag-martin","24":"tag-muere","25":"tag-observaciones","26":"tag-parr","27":"tag-spain","28":"tag-vida"},"share_on_mastodon":{"url":"https:\/\/pubeurope.com\/@es\/115686385127199727","error":""},"_links":{"self":[{"href":"https:\/\/www.europesays.com\/es\/wp-json\/wp\/v2\/posts\/278414","targetHints":{"allow":["GET"]}}],"collection":[{"href":"https:\/\/www.europesays.com\/es\/wp-json\/wp\/v2\/posts"}],"about":[{"href":"https:\/\/www.europesays.com\/es\/wp-json\/wp\/v2\/types\/post"}],"author":[{"embeddable":true,"href":"https:\/\/www.europesays.com\/es\/wp-json\/wp\/v2\/users\/2"}],"replies":[{"embeddable":true,"href":"https:\/\/www.europesays.com\/es\/wp-json\/wp\/v2\/comments?post=278414"}],"version-history":[{"count":0,"href":"https:\/\/www.europesays.com\/es\/wp-json\/wp\/v2\/posts\/278414\/revisions"}],"wp:featuredmedia":[{"embeddable":true,"href":"https:\/\/www.europesays.com\/es\/wp-json\/wp\/v2\/media\/278415"}],"wp:attachment":[{"href":"https:\/\/www.europesays.com\/es\/wp-json\/wp\/v2\/media?parent=278414"}],"wp:term":[{"taxonomy":"category","embeddable":true,"href":"https:\/\/www.europesays.com\/es\/wp-json\/wp\/v2\/categories?post=278414"},{"taxonomy":"post_tag","embeddable":true,"href":"https:\/\/www.europesays.com\/es\/wp-json\/wp\/v2\/tags?post=278414"}],"curies":[{"name":"wp","href":"https:\/\/api.w.org\/{rel}","templated":true}]}}