{"id":278420,"date":"2025-12-08T22:53:12","date_gmt":"2025-12-08T22:53:12","guid":{"rendered":"https:\/\/www.europesays.com\/es\/278420\/"},"modified":"2025-12-08T22:53:12","modified_gmt":"2025-12-08T22:53:12","slug":"a-que-edad-empieza-a-caer-la-fertilidad-femenina-y-que-dicen-los-estudios-mas-recientes","status":"publish","type":"post","link":"https:\/\/www.europesays.com\/es\/278420\/","title":{"rendered":"A qu\u00e9 edad empieza a caer la fertilidad femenina y qu\u00e9 dicen los estudios m\u00e1s recientes"},"content":{"rendered":"<p class=\"ei-articleAperture__BreadCrumbContainer-sc-1fibpeo-5 dtLqC ei-article-aperture-breadcrumb-container\"><a href=\"https:\/\/www.elimparcial.com\" aria-label=\"El Imparcial\" class=\"ei-articleAperture__BreadcrumbAnchor-sc-1fibpeo-6 bthIHH ei-article-aperture-breadcrumb-anchor\" rel=\"nofollow noopener\" target=\"_blank\">El Imparcial<\/a> \/ <a href=\"https:\/\/www.elimparcial.com\/locurioso\" aria-label=\"Lo Curioso\" class=\"ei-articleAperture__BreadcrumbAnchor-sc-1fibpeo-6 bthIHH ei-article-aperture-breadcrumb-anchor\" rel=\"nofollow noopener\" target=\"_blank\">Lo Curioso<\/a> \/ <a href=\"https:\/\/www.elimparcial.com\/tags\/fertilidad\/\" aria-label=\"Fertilidad\" class=\"ei-articleAperture__BreadcrumbAnchor-sc-1fibpeo-6 bthIHH ei-article-aperture-breadcrumb-anchor\" rel=\"nofollow noopener\" target=\"_blank\">Fertilidad<\/a><\/p>\n<p>Los cient\u00edficos encontraron que esta disminuci\u00f3n se relaciona con la p\u00e9rdida de cohesin, una prote\u00edna que mantiene unidos los cromosomas y ayuda a reparar el ADN.<img alt=\"A qu\u00e9 edad empieza a caer la fertilidad femenina y qu\u00e9 dicen los estudios m\u00e1s recientes\" class=\"global-image\" decoding=\"async\" height=\"75\" src=\"https:\/\/www.europesays.com\/es\/wp-content\/uploads\/2025\/12\/3YMSR4GYABAS3MZNSUJB2BTH2U.png\" data-lightbox=\"https:\/\/www.europesays.com\/es\/wp-content\/uploads\/2025\/12\/3YMSR4GYABAS3MZNSUJB2BTH2U.png\" width=\"100\" fetchpriority=\"high\" loading=\"eager\"\/><\/p>\n<p class=\"image-meta-data__MetadataParagraph-sc-1uy1w81-0 kfSQp image-metadata\">Los cient\u00edficos encontraron que esta disminuci\u00f3n se relaciona con la p\u00e9rdida de cohesin, una prote\u00edna que mantiene unidos los cromosomas y ayuda a reparar el ADN\/Foto: Canva <\/p>\n<p class=\"ei-articleAperture__ByLineAuthorParagraph-sc-1fibpeo-10 cRBqZU ei-article-aperture-byline-author-paragraph\">Por <a href=\"https:\/\/www.elimparcial.com\/staff\/carolina-garcia\/\" title=\"Noticias de Carolina Garc\u00eda\" aria-label=\"Author name link\" class=\"ei-articleAperture__ByLineAuthorAnchor-sc-1fibpeo-8 lOGjW ei-article-aperture-byline-author-anchor\" rel=\"nofollow noopener\" target=\"_blank\">Carolina Garc\u00eda<\/a> \u00a0<\/p>\n<p class=\"ei-articleAperture__ByLineAuthorParagraph-sc-1fibpeo-10 cRBqZU ei-article-aperture-byline-author-paragraph\">08 de diciembre 2025<\/p>\n<p class=\"ei-articleBody__StyledText-sc-1wmd47a-1 gXgyFY body-paragraph ei-article-body-text\">CIUDAD DE M\u00c9XICO.-<b> La edad en que las mujeres deciden formar una familia ha cambiado de forma notable.<\/b> En 1970, la edad promedio para tener un primer hijo en Estados Unidos era de <b>21.4 a\u00f1os<\/b>. Para 2023, subi\u00f3 a <b>27.5<\/b>, y cada vez m\u00e1s mujeres intentan embarazarse en la treintena o cuarentena. Este cambio genera un inter\u00e9s urgente: entender por qu\u00e9 la fertilidad disminuye.<\/p>\n<p class=\"ei-articleBody__StyledText-sc-1wmd47a-1 gXgyFY body-paragraph ei-article-body-text\">Los cient\u00edficos recuerdan que \u201clas apuestas son altas\u201d, porque retrasar la maternidad incrementa la probabilidad de enfrentar dificultades para concebir. Y aunque existen alternativas como la congelaci\u00f3n de \u00f3vulos y la fecundaci\u00f3n in vitro (FIV), a\u00fan queda una pregunta abierta: <b>\u00bfqu\u00e9 causa que los \u00f3vulos pierdan calidad con el paso de los a\u00f1os?<\/b><\/p>\n<p>\u00bfQu\u00e9 ocurre con los \u00f3vulos entre los 20 y los 40 a\u00f1os?<\/p>\n<p class=\"ei-articleBody__StyledText-sc-1wmd47a-1 gXgyFY body-paragraph ei-article-body-text\">Un equipo de la Universidad de Jilin, en China, analiz\u00f3 <b>m\u00e1s de 15,000 embriones obtenidos por FIV<\/b>. El objetivo fue entender cu\u00e1ntos \u00f3vulos ten\u00edan alteraciones cromos\u00f3micas seg\u00fan la edad de la mujer.<\/p>\n<p><a aria-label=\"recommended card article link\" href=\"https:\/\/www.elimparcial.com\/locurioso\/2025\/11\/17\/como-reducir-la-edad-biologica-lo-que-la-ciencia-recomienda-para-envejecer-mejor\/\" class=\"ei-recommendedCard__RecommendedCardAnchor-sc-1walexe-1 iRTihv ei-recommended-card-anchor\" rel=\"nofollow noopener\" target=\"_blank\"><img alt=\"C\u00f3mo reducir la edad biol\u00f3gica: lo que la ciencia recomienda para envejecer mejor\" decoding=\"async\" src=\"https:\/\/www.europesays.com\/es\/wp-content\/uploads\/2025\/12\/YMR7YYHORVHI7CLZBDPLNZ6IAM.png\" class=\"ei-recommendedCard__RecommendedCardImg-sc-1walexe-2 dMwBkH ei-recommended-card-img\"\/><\/a><\/p>\n<p class=\"ei-articleBody__StyledText-sc-1wmd47a-1 gXgyFY body-paragraph ei-article-body-text\">Los resultados fueron claros. Entre los <b>20 y 32 a\u00f1os<\/b>, alrededor de <b>1 de cada 5 \u00f3vulos<\/b> ten\u00eda un error cromos\u00f3mico. Pero a partir de los <b>32 a\u00f1os<\/b>, este n\u00famero aument\u00f3 con rapidez.<\/p>\n<p class=\"ei-articleBody__StyledText-sc-1wmd47a-1 gXgyFY body-paragraph ei-article-body-text\">Para mediados de los treinta, <b>m\u00e1s de la mitad de los \u00f3vulos<\/b> presentaba <b>demasiados o muy pocos cromosomas<\/b>, un factor que provoca infertilidad, abortos espont\u00e1neos y condiciones gen\u00e9ticas como el s\u00edndrome de Down. Y el riesgo contin\u00faa creciendo a\u00f1o con a\u00f1o.<\/p>\n<p class=\"ei-articleBody__StyledText-sc-1wmd47a-1 gXgyFY body-paragraph ei-article-body-text\">Este hallazgo confirma un punto clave:<b> el envejecimiento de los \u00f3vulos no es lineal; acelera despu\u00e9s de cierta edad.<\/b><\/p>\n<p>La clave: una prote\u00edna que funciona como \u201cpegamento\u201d<\/p>\n<p class=\"ei-articleBody__StyledText-sc-1wmd47a-1 gXgyFY body-paragraph ei-article-body-text\"><b>Los investigadores detectaron que el origen de estos errores podr\u00eda estar en una prote\u00edna llamada cohesin.<\/b> Su funci\u00f3n es simple pero esencial: mantener unidas las estructuras del cromosoma mientras el \u00f3vulo madura.<\/p>\n<p class=\"ei-articleBody__StyledText-sc-1wmd47a-1 gXgyFY body-paragraph ei-article-body-text\">El problema es que <b>cohesin se desgasta con el tiempo<\/b>. El estudio encontr\u00f3 que los \u00f3vulos de mujeres mayores de 40 a\u00f1os ten\u00edan <b>hasta un tercio menos cohesin<\/b> que los \u00f3vulos de mujeres veintea\u00f1eras.<\/p>\n<p class=\"ei-articleBody__StyledText-sc-1wmd47a-1 gXgyFY body-paragraph ei-article-body-text\">Los experimentos en ratones mostraron un patr\u00f3n similar. A los <b>17 meses de edad<\/b>, equivalente a finales de los treinta en humanos, <b>m\u00e1s del 95% del cohesin hab\u00eda desaparecido<\/b>.<\/p>\n<p class=\"ei-articleBody__StyledText-sc-1wmd47a-1 gXgyFY body-paragraph ei-article-body-text\">Cuando la prote\u00edna escasea, los cromosomas <b>no permanecen juntos<\/b>. Esto provoca separaciones tempranas, movimientos incorrectos y \u00f3vulos que terminan con material gen\u00e9tico de m\u00e1s o de menos.<\/p>\n<p>C\u00f3mo afecta la p\u00e9rdida de cohesin al ADN<\/p>\n<p class=\"ei-articleBody__StyledText-sc-1wmd47a-1 gXgyFY body-paragraph ei-article-body-text\">Cohesin no solo mantiene unidos los cromosomas. Tambi\u00e9n participa en la <b>reparaci\u00f3n del ADN<\/b>. Cuando disminuye, ocurre un doble problema:<\/p>\n<ul class=\"list__StyledUnorderedList-sc-5rk09c-2 rJagZ list-unordered-list\">\n<li class=\"list__StyledListItem-sc-5rk09c-0 eKgQCy list-items\">El ADN se da\u00f1a con m\u00e1s facilidad.<\/li>\n<li class=\"list__StyledListItem-sc-5rk09c-0 eKgQCy list-items\">Los mecanismos de reparaci\u00f3n se vuelven menos eficaces.<\/li>\n<\/ul>\n<p class=\"ei-articleBody__StyledText-sc-1wmd47a-1 gXgyFY body-paragraph ei-article-body-text\">Con el tiempo, estos errores pueden generar <b>mutaciones<\/b>, fallas en la divisi\u00f3n celular y mayor riesgo de problemas en el desarrollo del embri\u00f3n. Algunas de estas fallas tambi\u00e9n se han vinculado a un aumento en el riesgo de ciertos tipos de c\u00e1ncer.<\/p>\n<p><a aria-label=\"recommended card article link\" href=\"https:\/\/www.elimparcial.com\/locurioso\/2025\/11\/17\/como-reducir-la-edad-biologica-lo-que-la-ciencia-recomienda-para-envejecer-mejor\/\" class=\"ei-recommendedCard__RecommendedCardAnchor-sc-1walexe-1 iRTihv ei-recommended-card-anchor\" rel=\"nofollow noopener\" target=\"_blank\"><img alt=\"C\u00f3mo reducir la edad biol\u00f3gica: lo que la ciencia recomienda para envejecer mejor\" decoding=\"async\" src=\"https:\/\/www.europesays.com\/es\/wp-content\/uploads\/2025\/12\/YMR7YYHORVHI7CLZBDPLNZ6IAM.png\" class=\"ei-recommendedCard__RecommendedCardImg-sc-1walexe-2 dMwBkH ei-recommended-card-img\"\/><\/a><\/p>\n<p class=\"ei-articleBody__StyledText-sc-1wmd47a-1 gXgyFY body-paragraph ei-article-body-text\">Para quienes buscan tener hijos m\u00e1s tarde en la vida, <b>este conocimiento ofrece contexto sobre por qu\u00e9 la fertilidad se vuelve m\u00e1s compleja con los a\u00f1os.<\/b><\/p>\n<p>\u00bfPor qu\u00e9 cae el nivel de cohesin en los \u00f3vulos?<\/p>\n<p class=\"ei-articleBody__StyledText-sc-1wmd47a-1 gXgyFY body-paragraph ei-article-body-text\">Aunque no existe una respuesta definitiva, los especialistas ya observan varias posibles causas:<\/p>\n<ul class=\"list__StyledUnorderedList-sc-5rk09c-2 rJagZ list-unordered-list\">\n<li class=\"list__StyledListItem-sc-5rk09c-0 eKgQCy list-items\"><b>Prote\u00ednas protectoras<\/b> que cuidan al cohesin se reducen con la edad.<\/li>\n<li class=\"list__StyledListItem-sc-5rk09c-0 eKgQCy list-items\">El <b>estr\u00e9s oxidativo<\/b>, acumulado con los a\u00f1os, puede da\u00f1arlo.<\/li>\n<li class=\"list__StyledListItem-sc-5rk09c-0 eKgQCy list-items\">Algunas <b>se\u00f1ales celulares<\/b> que lo mantienen en su sitio pierden fuerza conforme el \u00f3vulo envejece.<\/li>\n<\/ul>\n<p class=\"ei-articleBody__StyledText-sc-1wmd47a-1 gXgyFY body-paragraph ei-article-body-text\">Entre estas se\u00f1ales, dos rutas celulares han llamado la atenci\u00f3n.<\/p>\n<ol class=\"list__StyledOrderedList-sc-5rk09c-1 hHJXQB list-ordered-list\">\n<li class=\"list__StyledListItem-sc-5rk09c-0 eKgQCy list-items\"><b>mTOR<\/b>, responsable del crecimiento celular y de mantener cohesin unido a los cromosomas. Experimentos en levaduras sugieren que modificar esta v\u00eda puede reforzar su acci\u00f3n, aunque a\u00fan no se sabe si funcionar\u00eda en humanos.<\/li>\n<li class=\"list__StyledListItem-sc-5rk09c-0 eKgQCy list-items\"><b>ATM<\/b>, un mecanismo que coordina la reparaci\u00f3n del ADN y ayuda a cohesin a sostener la estructura cromos\u00f3mica. En \u00f3vulos envejecidos, ATM pierde eficiencia, lo que acelera la p\u00e9rdida de cohesin.<\/li>\n<\/ol>\n<p class=\"ei-articleBody__StyledText-sc-1wmd47a-1 gXgyFY body-paragraph ei-article-body-text\">Los cient\u00edficos proponen enfocar estudios futuros en estas rutas, pues podr\u00edan ofrecer herramientas para <b>preservar la calidad del \u00f3vulo<\/b> y ampliar la ventana f\u00e9rtil.<\/p>\n<p>\u00bfQu\u00e9 significa esto para las mujeres que buscan embarazarse?<\/p>\n<p class=\"ei-articleBody__StyledText-sc-1wmd47a-1 gXgyFY body-paragraph ei-article-body-text\">Aunque la edad sigue siendo un factor determinante para la fertilidad, estos hallazgos aportan esperanza. Comprender por qu\u00e9 los \u00f3vulos envejecen podr\u00eda ayudar a desarrollar <b>nuevos tratamientos<\/b>, mejorar t\u00e9cnicas de FIV y ofrecer alternativas a quienes desean embarazarse m\u00e1s tarde.<\/p>\n<p class=\"ei-articleBody__StyledText-sc-1wmd47a-1 gXgyFY body-paragraph ei-article-body-text\"><a href=\"https:\/\/www.elimparcial.com\/mundo\/2025\/11\/03\/despues-de-20-anos-de-intentos-un-hombre-con-problemas-de-fertilidad-logro-ser-padre-gracias-a-un-nuevo-invento-con-ia\/\" target=\"_blank\" rel=\"noreferrer nofollow noopener\" title=\"https:\/\/www.elimparcial.com\/mundo\/2025\/11\/03\/despues-de-20-anos-de-intentos-un-hombre-con-problemas-de-fertilidad-logro-ser-padre-gracias-a-un-nuevo-invento-con-ia\/\"><b>Tambi\u00e9n podr\u00eda interesarte: Despu\u00e9s de 20 a\u00f1os de intentos, un hombre con problemas de fertilidad logr\u00f3 ser padre gracias a un nuevo invento con IA<\/b><\/a><\/p>\n<p class=\"ei-articleBody__StyledText-sc-1wmd47a-1 gXgyFY body-paragraph ei-article-body-text\">Por ahora, este estudio brinda una explicaci\u00f3n clara de los cambios biol\u00f3gicos que<b> ocurren a partir de los 30 a\u00f1os y permite que las mujeres tomen decisiones informadas sobre su salud reproductiva.<\/b><\/p>\n","protected":false},"excerpt":{"rendered":"El Imparcial \/ Lo Curioso \/ Fertilidad Los cient\u00edficos encontraron que esta disminuci\u00f3n se relaciona con la p\u00e9rdida&hellip;\n","protected":false},"author":2,"featured_media":278421,"comment_status":"","ping_status":"","sticky":false,"template":"","format":"standard","meta":{"footnotes":""},"categories":[92],"tags":[1387,7993,25,24,59080,165,166,23],"class_list":{"0":"post-278420","1":"post","2":"type-post","3":"status-publish","4":"format-standard","5":"has-post-thumbnail","7":"category-salud","8":"tag-edad","9":"tag-envejecimiento","10":"tag-es","11":"tag-espana","12":"tag-fertilidad","13":"tag-health","14":"tag-salud","15":"tag-spain"},"share_on_mastodon":{"url":"https:\/\/pubeurope.com\/@es\/115686409014603086","error":""},"_links":{"self":[{"href":"https:\/\/www.europesays.com\/es\/wp-json\/wp\/v2\/posts\/278420","targetHints":{"allow":["GET"]}}],"collection":[{"href":"https:\/\/www.europesays.com\/es\/wp-json\/wp\/v2\/posts"}],"about":[{"href":"https:\/\/www.europesays.com\/es\/wp-json\/wp\/v2\/types\/post"}],"author":[{"embeddable":true,"href":"https:\/\/www.europesays.com\/es\/wp-json\/wp\/v2\/users\/2"}],"replies":[{"embeddable":true,"href":"https:\/\/www.europesays.com\/es\/wp-json\/wp\/v2\/comments?post=278420"}],"version-history":[{"count":0,"href":"https:\/\/www.europesays.com\/es\/wp-json\/wp\/v2\/posts\/278420\/revisions"}],"wp:featuredmedia":[{"embeddable":true,"href":"https:\/\/www.europesays.com\/es\/wp-json\/wp\/v2\/media\/278421"}],"wp:attachment":[{"href":"https:\/\/www.europesays.com\/es\/wp-json\/wp\/v2\/media?parent=278420"}],"wp:term":[{"taxonomy":"category","embeddable":true,"href":"https:\/\/www.europesays.com\/es\/wp-json\/wp\/v2\/categories?post=278420"},{"taxonomy":"post_tag","embeddable":true,"href":"https:\/\/www.europesays.com\/es\/wp-json\/wp\/v2\/tags?post=278420"}],"curies":[{"name":"wp","href":"https:\/\/api.w.org\/{rel}","templated":true}]}}