{"id":278427,"date":"2025-12-08T22:57:12","date_gmt":"2025-12-08T22:57:12","guid":{"rendered":"https:\/\/www.europesays.com\/es\/278427\/"},"modified":"2025-12-08T22:57:12","modified_gmt":"2025-12-08T22:57:12","slug":"el-general-chavista-preso-en-ee-uu-delata-a-delcy-como-el-verdadero-poder-del-chavismo","status":"publish","type":"post","link":"https:\/\/www.europesays.com\/es\/278427\/","title":{"rendered":"El general chavista preso en EE.UU. delata a Delcy como el verdadero poder del chavismo"},"content":{"rendered":"<p style=\"\">El \u00fanico condenado de la macrocausa abierta en Estados Unidos contra la c\u00fapula de la dictadura chavista rompe su silencio y denuncia directamente ante el presidente <strong>Donald Trump<\/strong> que los hermanos <strong>Delcy<\/strong> y <strong>Jorge Rodr\u00edguez<\/strong> son, seg\u00fan su testimonio, el verdadero n\u00facleo  &#8230; de poder del <a href=\"https:\/\/www.abc.es\/internacional\/eeuu-declara-terrorista-maduro-abre-puerta-intervencion-20251124082530-nt.html\" data-voc-vtm-id=\"in-text-traffic\" title=\"cartel de los Soles\" data-mrf-link=\"www.abc.es\" rel=\"nofollow noopener\" target=\"_blank\">cartel de los Soles<\/a>. Afirm\u00f3 que ambos operan desde la c\u00faspide del Estado con un perfil deliberadamente bajo, controlan los mecanismos pol\u00edticos y criminales del r\u00e9gimen y mantienen subordinados tanto a <strong>Nicol\u00e1s Maduro<\/strong> como a <strong>Diosdado Cabello<\/strong>.<\/p>\n<p class=\"voc-p\" style=\"\">Sostiene <strong>el general Cl\u00edver Alcal\u00e1<\/strong>, hoy en prisi\u00f3n, que Delcy, vicepresidenta, y Jorge, presidente de la Asamblea Nacional, dise\u00f1an y coordinan operaciones esenciales para la supervivencia del r\u00e9gimen, desde la manipulaci\u00f3n electoral hasta la gesti\u00f3n de redes il\u00edcitas y alianzas internacionales que apuntalan al chavismo.<\/p>\n<p class=\"voc-p\" style=\"\">\u00abDos personas fundamentales en todo este entramado delictivo son los hermanos Jorge y Delcy Rodr\u00edguez. De visibilidad menor y calculada, son los verdaderos cerebros maquiav\u00e9licos detr\u00e1s de los jefes de la corporaci\u00f3n de carteles conocida como c\u00e1rtel de los Soles\u00bb, afirma en una misiva enviada a la Casa Blanca a la que ha tenido acceso ABC.<\/p>\n<p class=\"voc-p\" style=\"\">\u00abEllos son los verdaderos controladores de Nicol\u00e1s Maduro y Diosdado Cabello. La subsistencia del r\u00e9gimen en el poder es en gran medida gracias a ellos dos\u00bb, a\u00f1ade, antes de apuntar directamente al \u00e1mbito electoral: \u00abEstoy al conocimiento del uso de m\u00e1quinas de votaci\u00f3n paralelas de Smartmatic para alterar los resultados [\u2026] Los controladores de todo este sistema son los hermanos Jorge y Delcy Rodr\u00edguez\u00bb.<\/p>\n<p class=\"voc-p\" style=\"\">La carta de esta semana llega despu\u00e9s de que la anterior <strong>Hugo &#8216;el Pollo&#8217; Carvajal<\/strong>, extraditado desde Espa\u00f1a, enviara tambi\u00e9n al presidente Trump <a href=\"https:\/\/www.abc.es\/internacional\/carvajal-destapa-origen-control-chavista-sobre-sistema-20251204041259-nt.html\" data-voc-vtm-id=\"in-text-traffic\" title=\"un escrito en el que formulaba alegaciones sobre Smartmatic\" data-mrf-link=\"www.abc.es\" rel=\"nofollow noopener\" target=\"_blank\">un escrito en el que formulaba alegaciones sobre Smartmatic<\/a>. En ese documento, Carvajal sosten\u00eda \u2013seg\u00fan su propia versi\u00f3n y sin aportar de momento pruebas t\u00e9cnicas independientes\u2013 que \u00abSmartmatic naci\u00f3 como una herramienta electoral del r\u00e9gimen venezolano\u00bb y que \u00abel sistema Smartmatic puede ser alterado; esto es un hecho\u00bb.<\/p>\n<p class=\"voc-p\" style=\"\">A\u00f1ad\u00eda adem\u00e1s que, de acuerdo con su testimonio, esa tecnolog\u00eda habr\u00eda sido \u00abexportada al extranjero, incluido Estados Unidos\u00bb, y que \u00aboperativos del r\u00e9gimen mantienen relaciones con funcionarios electorales y empresas de m\u00e1quinas de votaci\u00f3n\u00bb.<\/p>\n<p class=\"voc-p\" style=\"\">La empresa rechaza tajantemente estas acusaciones, niega haber servido intereses pol\u00edticos en ning\u00fan pa\u00eds y defiende su integridad tecnol\u00f3gica en litigios abiertos en <strong>Estados Unidos<\/strong>. En paralelo, Smartmatic afronta en Miami una imputaci\u00f3n federal que describe una presunta trama de sobornos y blanqueo vinculado a las elecciones de Filipinas de 2016, en el que la acusaci\u00f3n sostiene que directivos inflaron contratos y canalizaron pagos opacos para asegurar adjudicaciones.<\/p>\n<p class=\"voc-p\" style=\"\">Seg\u00fan fuentes de la Casa Blanca, en conversaciones reservadas <a href=\"https:\/\/www.abc.es\/internacional\/trump-rechazo-oferta-maduro-dejar-poder-fiaba-20251119223640-nt.html\" data-voc-vtm-id=\"in-text-traffic\" title=\"Nicol\u00e1s Maduro lleg\u00f3 a proponer que Delcy Rodr\u00edguez asumiera la Presidencia de Venezuela hasta 2031\" data-mrf-link=\"www.abc.es\" rel=\"nofollow noopener\" target=\"_blank\">Nicol\u00e1s Maduro lleg\u00f3 a proponer que Delcy Rodr\u00edguez asumiera la Presidencia de Venezuela hasta 2031<\/a>, consolidando su posici\u00f3n interna y la de su hermano Jorge. Delcy ha sido desde el ascenso de Maduro una aliada constante de los gobiernos socialistas en Espa\u00f1a.<\/p>\n<p><img decoding=\"async\" loading=\"lazy\" src=\"https:\/\/www.europesays.com\/es\/wp-content\/uploads\/2025\/12\/delcy-jorge-rodriguez-kP5F--760x427@diario_abc.jpg\" class=\"voc-img\" width=\"760\" height=\"427\" alt=\"La vicepresidenta chavista, Delcy Rodr\u00edguez, en una imagen reciente junto a su hermano Jorge, presidente de la Asamblea, y enfrente del ministro del Interior, Diosdado Cabello\" data-voc-vtm-id=\"in-text-traffic\"\/><\/p>\n<p>La vicepresidenta chavista, Delcy Rodr\u00edguez, en una imagen reciente junto a su hermano Jorge, presidente de la Asamblea, y enfrente del ministro del Interior, Diosdado Cabello<\/p>\n<p>Reuters<\/p>\n<p class=\"voc-p\" style=\"\">En enero de 2020 provoc\u00f3 una crisis diplom\u00e1tica <a href=\"https:\/\/www.abc.es\/espana\/gobierno-sabia-mes-delcy-venia-madrid-20240701180532-nt.html\" data-voc-vtm-id=\"in-text-traffic\" title=\"al aterrizar en el aeropuerto de Barajas pese a estar sancionada por la UE\" data-mrf-link=\"www.abc.es\" rel=\"nofollow noopener\" target=\"_blank\">al aterrizar en el aeropuerto de Barajas pese a estar sancionada por la UE<\/a>, en un viaje considerado ilegal por Bruselas y que deriv\u00f3 en el encuentro no comunicado que mantuvo con el entonces ministro <strong>Jos\u00e9 Luis \u00c1balos<\/strong>.<\/p>\n<p class=\"voc-p\" style=\"\">Desde entonces ha mantenido interlocuci\u00f3n habitual con <strong>Jos\u00e9 Luis Rodr\u00edguez Zapatero<\/strong>, uno de los expresidentes del Gobierno espa\u00f1ol m\u00e1s cercanos al chavismo. A pesar de su rol dentro del n\u00facleo duro del r\u00e9gimen, &#8216;The New York Times&#8217; lleg\u00f3 a describirla recientemente como una figura \u00abmoderada\u00bb, una caracterizaci\u00f3n que para la oposici\u00f3n democr\u00e1tica contradice tanto su trayectoria como la documentaci\u00f3n p\u00fablica disponible.<\/p>\n<p class=\"voc-p\" style=\"\">En su escrito, Alcal\u00e1 se presenta como un general retirado que \u00abse entreg\u00f3 voluntariamente\u00bb a Estados Unidos en 2020 y cumple condena tras admitir que colabor\u00f3 con las FARC \u00abpor seguir \u00f3rdenes de mi entonces superior Hugo Ch\u00e1vez\u00bb.<\/p>\n<p class=\"voc-title\">El general Cl\u00edver Alcal\u00e1 describe desde prisi\u00f3n la evoluci\u00f3n de estructuras criminales vinculadas al Estado venezolano, como el Tren de Aragua, que Maduro emple\u00f3 para consolidar su control interno<\/p>\n<p class=\"voc-p\" style=\"\">Desde prisi\u00f3n describe la evoluci\u00f3n de estructuras criminales vinculadas al Estado venezolano, como el Tren de Aragua, cuyo origen sit\u00faa en redes carcelarias que, seg\u00fan \u00e9l, fueron protegidas y utilizadas con fines pol\u00edticos y delictivos.<\/p>\n<p class=\"voc-p\" style=\"\">Afirma que Maduro emple\u00f3 esas organizaciones para consolidar su control interno y que algunas de ellas fueron \u00abexportadas a otros pa\u00edses, incluyendo a los Estados Unidos de Am\u00e9rica\u00bb.<\/p>\n<p class=\"voc-p\" style=\"\">A nivel electoral, se\u00f1ala al <strong>general Carlos Quintero<\/strong> como responsable de la \u00abtecnolog\u00eda electoral de Smartmatic utilizada para consumar fraudes\u00bb, y asegura que exist\u00edan \u00abm\u00e1quinas paralelas\u00bb que permit\u00edan alterar resultados.<\/p>\n<p class=\"voc-p\" style=\"\">Alcal\u00e1 sostiene en otra parte de su carta que Maduro gestion\u00f3 directamente la relaci\u00f3n con <strong>Ir\u00e1n<\/strong>, incluyendo contactos con la <strong>Guardia Revolucionaria<\/strong> y <strong>Hizbolah<\/strong>, y asegura que desde 2007 tuvo conocimiento de v\u00ednculos informales entre altos cargos venezolanos y legisladores estadounidenses. En materia criminal, afirma que el <strong>narcotr\u00e1fico<\/strong> y la <strong>miner\u00eda ilegal<\/strong> del Arco Minero eran actividades complementarias, y que \u00abel oro funcionaba como un elemento clave en el mecanismo de lavado de dinero del narcotr\u00e1fico\u00bb.<\/p>\n<p class=\"voc-title\">Alcal\u00e1 advierte a Trump de que el r\u00e9gimen venezolano representa \u00abuna amenaza a la seguridad nacional de Estados Unidos\u00bb y se ofrece a colaborar plenamente<\/p>\n<p class=\"voc-p\" style=\"\">A Trump le advierte de que el r\u00e9gimen venezolano representa \u00abuna amenaza a la seguridad nacional de Estados Unidos\u00bb y se declara dispuesto a colaborar plenamente: \u00abEstoy dispuesto a declarar sobre estos y otros asuntos [\u2026] Quedo a su disposici\u00f3n para contribuir a la seguridad y a la justicia de su pa\u00eds y del m\u00edo\u00bb.<\/p>\n<p class=\"voc-p\" style=\"\">Alcal\u00e1 fue <strong>condenado en Nueva York a 21 a\u00f1os y ocho meses de prisi\u00f3n<\/strong> tras declararse culpable de dos cargos federales: proveer apoyo material a una organizaci\u00f3n terrorista (las FARC) y realizar transferencias il\u00edcitas de armas, en particular granadas y lanzagranadas.<\/p>\n<p class=\"voc-p\" style=\"\">En su acuerdo con la Fiscal\u00eda reconoci\u00f3 haber facilitado protecci\u00f3n militar a las <strong>FARC<\/strong>, respaldado el env\u00edo de coca\u00edna a trav\u00e9s de Venezuela y usado su posici\u00f3n en el Ej\u00e9rcito para garantizar que los cargamentos no fueran interceptados. El tribunal concluy\u00f3 que permiti\u00f3 o facilit\u00f3 el tr\u00e1nsito de coca\u00edna desde al menos 2006 y que actu\u00f3 como parte de la estructura que Washington describe como c\u00e1rtel de los Soles.<\/p>\n<p class=\"voc-p\" style=\"\">Tras la condena, el contraste con decisiones del Ejecutivo estadounidense fue evidente. En su estrategia con Caracas, la Administraci\u00f3n Biden excarcel\u00f3 a los llamados narcosobrinos \u2013condenados por conspirar para introducir 800 kilos de coca\u00edna en Estados Unidos\u2013 y liber\u00f3 a <strong>Alex Saab<\/strong>, se\u00f1alado por Washington como testaferro de Maduro y acusado de blanqueo y corrupci\u00f3n.<\/p>\n<p class=\"voc-p\" style=\"\">Alcal\u00e1, por el contrario, se entreg\u00f3 voluntariamente, cooper\u00f3 con la Fiscal\u00eda y, incluso tras recibir m\u00e1s de dos d\u00e9cadas de prisi\u00f3n, afirma que puede seguir proporcionando informaci\u00f3n relevante sobre las redes criminales y pol\u00edticas del r\u00e9gimen.<\/p>\n","protected":false},"excerpt":{"rendered":"El \u00fanico condenado de la macrocausa abierta en Estados Unidos contra la c\u00fapula de la dictadura chavista rompe&hellip;\n","protected":false},"author":2,"featured_media":278428,"comment_status":"","ping_status":"","sticky":false,"template":"","format":"standard","meta":{"footnotes":""},"categories":[42],"tags":[17,18,1196,65709,67700,67701,115,13,14,3015,11,61,62,63,64,19,20,9,10,15,16,4233,12470,12,21,22,10346,65,66,67],"class_list":{"0":"post-278427","1":"post","2":"type-post","3":"status-publish","4":"format-standard","5":"has-post-thumbnail","7":"category-internacional","8":"tag-breaking-news","9":"tag-breakingnews","10":"tag-chavismo","11":"tag-chavista","12":"tag-delata","13":"tag-delcy","14":"tag-eeuu","15":"tag-featured-news","16":"tag-featurednews","17":"tag-general","18":"tag-headlines","19":"tag-internacional","20":"tag-international","21":"tag-international-news","22":"tag-internationalnews","23":"tag-latest-news","24":"tag-latestnews","25":"tag-news","26":"tag-noticias","27":"tag-noticias-destacadas","28":"tag-noticiasdestacadas","29":"tag-poder","30":"tag-preso","31":"tag-titulares","32":"tag-ultimas-noticias","33":"tag-ultimasnoticias","34":"tag-verdadero","35":"tag-world","36":"tag-world-news","37":"tag-worldnews"},"share_on_mastodon":{"url":"https:\/\/pubeurope.com\/@es\/115686424669637523","error":""},"_links":{"self":[{"href":"https:\/\/www.europesays.com\/es\/wp-json\/wp\/v2\/posts\/278427","targetHints":{"allow":["GET"]}}],"collection":[{"href":"https:\/\/www.europesays.com\/es\/wp-json\/wp\/v2\/posts"}],"about":[{"href":"https:\/\/www.europesays.com\/es\/wp-json\/wp\/v2\/types\/post"}],"author":[{"embeddable":true,"href":"https:\/\/www.europesays.com\/es\/wp-json\/wp\/v2\/users\/2"}],"replies":[{"embeddable":true,"href":"https:\/\/www.europesays.com\/es\/wp-json\/wp\/v2\/comments?post=278427"}],"version-history":[{"count":0,"href":"https:\/\/www.europesays.com\/es\/wp-json\/wp\/v2\/posts\/278427\/revisions"}],"wp:featuredmedia":[{"embeddable":true,"href":"https:\/\/www.europesays.com\/es\/wp-json\/wp\/v2\/media\/278428"}],"wp:attachment":[{"href":"https:\/\/www.europesays.com\/es\/wp-json\/wp\/v2\/media?parent=278427"}],"wp:term":[{"taxonomy":"category","embeddable":true,"href":"https:\/\/www.europesays.com\/es\/wp-json\/wp\/v2\/categories?post=278427"},{"taxonomy":"post_tag","embeddable":true,"href":"https:\/\/www.europesays.com\/es\/wp-json\/wp\/v2\/tags?post=278427"}],"curies":[{"name":"wp","href":"https:\/\/api.w.org\/{rel}","templated":true}]}}