{"id":278429,"date":"2025-12-08T22:58:09","date_gmt":"2025-12-08T22:58:09","guid":{"rendered":"https:\/\/www.europesays.com\/es\/278429\/"},"modified":"2025-12-08T22:58:09","modified_gmt":"2025-12-08T22:58:09","slug":"la-centuria-rinde-homenaje-musical-a-la-macarena-en-su-regreso","status":"publish","type":"post","link":"https:\/\/www.europesays.com\/es\/278429\/","title":{"rendered":"La Centuria rinde homenaje musical a la Macarena en su regreso"},"content":{"rendered":"<p>08\/12\/2025<br \/>\n<br \/><strong><br \/>\nActualizado a las 22:31h.<br \/>\n<\/strong><\/p>\n<p class=\"voc-p\" style=\"\"><strong>La banda de la Centuria no ha querido faltar a la cita del regreso de la Macarena<\/strong> en el d\u00eda de la Inmaculada. Tras una jornada muy larga y llena de emociones para los macarenos, por la noche la formaci\u00f3n musical, al igual que  &#8230; lo hiciera el Carmen de Salteras por la ma\u00f1ana, interpret\u00f3 m\u00fasica a la Virgen de la Esperanza en el interior de la bas\u00edlica.<\/p>\n<p class=\"voc-p\" style=\"\"><strong>Formaron en la plaza del Pumarejo,<\/strong> desde donde <strong>recorrieron los aleda\u00f1os de la bas\u00edlica realizando un bando,<\/strong> hasta acceder al templo y postrarse ante la Macarena en un nuevo instante de este d\u00eda tan importante, que ya forma parte de la historia de la hermandad. <\/p>\n<p class=\"voc-p\" style=\"\"><strong>Una ofrenda en forma de m\u00fasica<\/strong>, como acci\u00f3n de gracias por la vuelta al culto de la Macarena, de <strong>esta banda macarena que lleg\u00f3 al templo rodeada de personas que quisieron acompa\u00f1ar a la formaci\u00f3n hasta su Virgen.<\/strong><\/p>\n<p class=\"voc-p\" style=\"\"><strong>Son\u00f3 &#8216;Hispal\u00eds&#8217; a la llega de la Centuria Macarena a la bas\u00edlica,<\/strong> interpretada en el atrio, donde se detuvieron, hasta que accedieron a la iglesia para estar cerca de su gran devoci\u00f3n y tocar las piezas como &#8216;Salve macarena&#8217;, &#8216;Mar\u00eda, luz y esperanza&#8217; o &#8216;Eterna Macarena&#8217;.<\/p>\n<p>\nArt\u00edculo solo para suscriptores\n<\/p>\n<p>Reportar un error<\/p>\n","protected":false},"excerpt":{"rendered":"08\/12\/2025 Actualizado a las 22:31h. La banda de la Centuria no ha querido faltar a la cita del&hellip;\n","protected":false},"author":2,"featured_media":278430,"comment_status":"","ping_status":"","sticky":false,"template":"","format":"standard","meta":{"footnotes":""},"categories":[8],"tags":[17,18,67702,25,24,13,14,11,6552,19,20,60,12212,9,10,15,16,2596,3656,23,12,21,22],"class_list":{"0":"post-278429","1":"post","2":"type-post","3":"status-publish","4":"format-standard","5":"has-post-thumbnail","7":"category-espana","8":"tag-breaking-news","9":"tag-breakingnews","10":"tag-centuria","11":"tag-es","12":"tag-espana","13":"tag-featured-news","14":"tag-featurednews","15":"tag-headlines","16":"tag-homenaje","17":"tag-latest-news","18":"tag-latestnews","19":"tag-macarena","20":"tag-musical","21":"tag-news","22":"tag-noticias","23":"tag-noticias-destacadas","24":"tag-noticiasdestacadas","25":"tag-regreso","26":"tag-rinde","27":"tag-spain","28":"tag-titulares","29":"tag-ultimas-noticias","30":"tag-ultimasnoticias"},"share_on_mastodon":{"url":"https:\/\/pubeurope.com\/@es\/115686428223262346","error":""},"_links":{"self":[{"href":"https:\/\/www.europesays.com\/es\/wp-json\/wp\/v2\/posts\/278429","targetHints":{"allow":["GET"]}}],"collection":[{"href":"https:\/\/www.europesays.com\/es\/wp-json\/wp\/v2\/posts"}],"about":[{"href":"https:\/\/www.europesays.com\/es\/wp-json\/wp\/v2\/types\/post"}],"author":[{"embeddable":true,"href":"https:\/\/www.europesays.com\/es\/wp-json\/wp\/v2\/users\/2"}],"replies":[{"embeddable":true,"href":"https:\/\/www.europesays.com\/es\/wp-json\/wp\/v2\/comments?post=278429"}],"version-history":[{"count":0,"href":"https:\/\/www.europesays.com\/es\/wp-json\/wp\/v2\/posts\/278429\/revisions"}],"wp:featuredmedia":[{"embeddable":true,"href":"https:\/\/www.europesays.com\/es\/wp-json\/wp\/v2\/media\/278430"}],"wp:attachment":[{"href":"https:\/\/www.europesays.com\/es\/wp-json\/wp\/v2\/media?parent=278429"}],"wp:term":[{"taxonomy":"category","embeddable":true,"href":"https:\/\/www.europesays.com\/es\/wp-json\/wp\/v2\/categories?post=278429"},{"taxonomy":"post_tag","embeddable":true,"href":"https:\/\/www.europesays.com\/es\/wp-json\/wp\/v2\/tags?post=278429"}],"curies":[{"name":"wp","href":"https:\/\/api.w.org\/{rel}","templated":true}]}}