{"id":278435,"date":"2025-12-08T23:05:22","date_gmt":"2025-12-08T23:05:22","guid":{"rendered":"https:\/\/www.europesays.com\/es\/278435\/"},"modified":"2025-12-08T23:05:22","modified_gmt":"2025-12-08T23:05:22","slug":"ultima-vuelta-decisiva-para-vanthourenhout-y-5a-victoria-para-brand-en-la-copa-del-mundo-de-ciclocross","status":"publish","type":"post","link":"https:\/\/www.europesays.com\/es\/278435\/","title":{"rendered":"\u00daltima vuelta decisiva para Vanthourenhout y 5a victoria para Brand en la Copa del Mundo de ciclocross"},"content":{"rendered":"<p>Vanthourenhout gana en Terralba y Brand domina otra vez en Cerde\u00f1a en una doble cita marcada por el barro y las diferencias desde la \u00faltima vuelta.<\/p>\n<blockquote class=\"quote-card lateral\">\n<p>Victorias de nombres claros favoritos<\/p>\n<\/blockquote>\n<p>La jornada de la Copa del Mundo de ciclocross en Terralba, celebrada en la isla de Cerde\u00f1a, dej\u00f3 dos carreras muy distintas, pero con un denominador com\u00fan: emoci\u00f3n y dominio de los grandes especialistas. Michael Vanthourenhout se llev\u00f3 el triunfo entre los hombres tras una prueba marcada por la lluvia previa (que a\u00f1adi\u00f3 el toque de ciclocross a una cita en pleno mar mediterr\u00e1neo) y resuelta en la \u00faltima vuelta. En la carrera femenina, Lucinda Brand volvi\u00f3 a demostrar su superioridad con una actuaci\u00f3n pr\u00e1cticamente en solitario.<\/p>\n<p data-start=\"302\" data-end=\"755\">\n Contin\u00faa tras los patrocinadores<\/p>\n<p><a href=\"https:\/\/esmtb.com\/wp-content\/uploads\/2025\/12\/ci3a.jpg\" rel=\"nofollow noopener\" target=\"_blank\"><img fetchpriority=\"high\" decoding=\"async\" class=\"size-large wp-image-158329 \" src=\"https:\/\/www.europesays.com\/es\/wp-content\/uploads\/2025\/12\/ci3a-1024x637.jpg\" alt=\"\" width=\"1024\" height=\"637\"  \/><\/a><\/p>\n<p class=\"wp-caption-text\">Grupo delantero<\/p>\n<p>Vanthourenhout impone su sangre fr\u00eda en una prueba muy igualada<\/p>\n<blockquote class=\"quote-card lateral\">\n<p>La lluvia convirti\u00f3 Terralba en un escenario perfecto para los especialistas t\u00e9cnicos<\/p>\n<\/blockquote>\n<p>El d\u00eda comenz\u00f3 con bajas destacadas en la categor\u00eda masculina, ya que Thibau Nys, Lars van der Haar, Cameron Mason y Toon Aerts no tomaron la salida. Aun as\u00ed, el cartel era m\u00e1s que s\u00f3lido con nombres como Joris Nieuwenhuis, Laurens Sweeck, Niels Vandeputte, Pim Ronhaar y el propio Vanthourenhout.<\/p>\n<p data-start=\"1125\" data-end=\"1447\">Desde el inicio la carrera se mantuvo abierta. Nieuwenhuis fue el primero en mover ficha en los tramos de arena, forzando un corte que no tard\u00f3 en ser neutralizado por un grupo numeroso en el que se encontraban Vandeputte, Vandebosch, Sweeck, Ronhaar y Vanthourenhout. La igualdad marc\u00f3 toda la primera parte de la prueba.<\/p>\n<p><a href=\"https:\/\/esmtb.com\/wp-content\/uploads\/2025\/12\/ci1.jpg\" rel=\"nofollow noopener\" target=\"_blank\"><img loading=\"lazy\" decoding=\"async\" class=\"size-large wp-image-158330 \" src=\"https:\/\/www.europesays.com\/es\/wp-content\/uploads\/2025\/12\/ci1-1024x727.jpg\" alt=\"\" width=\"1024\" height=\"727\"  \/><\/a><\/p>\n<p class=\"wp-caption-text\">Vanthourenhout<\/p>\n<blockquote class=\"quote-card lateral\">\n<p>Una carrera con emoci\u00f3n hasta el final<\/p>\n<\/blockquote>\n<p>A mitad de carrera se unieron m\u00e1s corredores, entre ellos Wyseure, Kamp, Hendrikx, Meeusen e incluso el italiano Agostinacchio, que logr\u00f3 mantenerse en cabeza a pesar de una ca\u00edda. Pese a los continuos cambios de ritmo, nadie era capaz de abrir un hueco real. Vanthourenhout y Nieuwenhuis parec\u00edan los m\u00e1s fuertes, pero sin opciones claras de romper el grupo.<\/p>\n<p data-start=\"1918\" data-end=\"2219\">Todo qued\u00f3 pendiente de la \u00faltima vuelta. Fue entonces cuando Vanthourenhout encontr\u00f3 el espacio que hab\u00eda estado buscando. El belga lanz\u00f3 su movimiento definitivo, abri\u00f3 un peque\u00f1o margen y lo defendi\u00f3 con \u00e9xito ante el \u00faltimo intento de Nieuwenhuis, que no consigui\u00f3 neutralizarlo en la recta final.<\/p>\n<p>Clasificaciones Copa del Mundo de ciclocross en Terralba 2025 (masculina)<\/p>\n<tr>\nPos.<br \/>\nNombre<br \/>\nTiempo<br \/>\n<\/tr>\n<tr>\n<td>1<\/td>\n<td>Michael Vanthourenhout<\/td>\n<td>01:03:17<\/td>\n<\/tr>\n<tr>\n<td>2<\/td>\n<td>Joris Nieuwenhuis<\/td>\n<td>+ 01<\/td>\n<\/tr>\n<tr>\n<td>3<\/td>\n<td>Laurens Sweeck<\/td>\n<td>+ diferencia<\/td>\n<\/tr>\n<tr>\n<td>4<\/td>\n<td>Ryan Kamp<\/td>\n<td>+ 07<\/td>\n<\/tr>\n<tr>\n<td>5<\/td>\n<td>Niels Vandeputte<\/td>\n<td>+ 08<\/td>\n<\/tr>\n<tr>\n<td>6<\/td>\n<td>Victor Van De Putte<\/td>\n<td>+ 11<\/td>\n<\/tr>\n<tr>\n<td>7<\/td>\n<td>Toon Vandebosch<\/td>\n<td>+ 13<\/td>\n<\/tr>\n<tr>\n<td>8<\/td>\n<td>Filippo Agostinacchio<\/td>\n<td>+ 23<\/td>\n<\/tr>\n<tr>\n<td>9<\/td>\n<td>Mees Hendrikx<\/td>\n<td>+ 33<\/td>\n<\/tr>\n<tr>\n<td>10<\/td>\n<td>Pim Ronhaar<\/td>\n<td>+ 59<\/td>\n<\/tr>\n<p>Brand arrasa en Terralba y Van Anrooij vuelve a un podio casi dos a\u00f1os despu\u00e9s<\/p>\n<blockquote class=\"quote-card lateral\">\n<p>Brand sum\u00f3 su quinta victoria consecutiva con una actuaci\u00f3n incontestable<\/p>\n<\/blockquote>\n<p>La prueba femenina ofreci\u00f3 un guion totalmente distinto. El recorrido junto a la costa de Terralba, repleto de zonas t\u00e9cnicas y superficies cambiantes, se convirti\u00f3 en el escenario perfecto para que Lucinda Brand desplegara su potencia desde el primer giro.<\/p>\n<p data-start=\"3364\" data-end=\"3659\">La neerlandesa tom\u00f3 la cabeza muy pronto y solo Casasola, Van Alphen y una recuperada Shirin van Anrooij consiguieron seguir su estela en los compases iniciales. La carrera perdi\u00f3 a una de sus aspirantes cuando Ceylin del Carmen Alvarado abandon\u00f3 de forma prematura por motivos a\u00fan no aclarados.<\/p>\n<p><a href=\"https:\/\/esmtb.com\/wp-content\/uploads\/2025\/12\/ciasu2.jpg\" rel=\"nofollow noopener\" target=\"_blank\"><img loading=\"lazy\" decoding=\"async\" class=\"size-large wp-image-158328 \" src=\"https:\/\/www.europesays.com\/es\/wp-content\/uploads\/2025\/12\/ciasu2-1024x637.jpg\" alt=\"\" width=\"1024\" height=\"637\"  \/><\/a><\/p>\n<p class=\"wp-caption-text\">Brand<\/p>\n<blockquote class=\"quote-card lateral\">\n<p>Una carrera con diferencias claras<\/p>\n<\/blockquote>\n<p>Con el paso de los minutos, Brand fue ampliando su ventaja hasta superar holgadamente los veinte segundos. Por detr\u00e1s, Van Anrooij y Van Alphen mantuvieron un duelo intenso por el segundo puesto mientras Casasola intentaba no descolgarse en su carrera de casa.<\/p>\n<p data-start=\"4019\" data-end=\"4268\">La l\u00edder de Baloise Glowi Lions no tuvo sobresaltos en la parte final y cruz\u00f3 la meta en solitario, encadenando su quinto triunfo consecutivo. Van Alphen se impuso a Van Anrooij en la lucha por la segunda plaza, mientras que Casasola termin\u00f3 cuarta.<\/p>\n<p>Clasificaci\u00f3n femenina<\/p>\n<tr>\nPos.<br \/>\nNombre<br \/>\nTiempo<br \/>\n<\/tr>\n<tr>\n<td>1<\/td>\n<td>Lucinda Brand<\/td>\n<td>47:14<\/td>\n<\/tr>\n<tr>\n<td>2<\/td>\n<td>Aniek van Alphen<\/td>\n<td>+ 20<\/td>\n<\/tr>\n<tr>\n<td>3<\/td>\n<td>Shirin van Anrooij<\/td>\n<td>+ 33<\/td>\n<\/tr>\n<tr>\n<td>4<\/td>\n<td>Leonie Bentveld<\/td>\n<td>+ 1:02<\/td>\n<\/tr>\n<tr>\n<td>5<\/td>\n<td>Sara Casasola<\/td>\n<td>+ diferencia<\/td>\n<\/tr>\n<tr>\n<td>6<\/td>\n<td>Manon Bakker<\/td>\n<td>+ 1:11<\/td>\n<\/tr>\n<tr>\n<td>7<\/td>\n<td>Denise Betsema<\/td>\n<td>+ 1:26<\/td>\n<\/tr>\n<tr>\n<td>8<\/td>\n<td>Rebecca Gariboldi<\/td>\n<td>+ 1:48<\/td>\n<\/tr>\n<tr>\n<td>9<\/td>\n<td>Lucia Bramati<\/td>\n<td>+ 1:52<\/td>\n<\/tr>\n<tr>\n<td>10<\/td>\n<td>Annemarie Worst<\/td>\n<td>+ 1:58<\/td>\n<\/tr>\n<p>\u00a0<\/p>\n","protected":false},"excerpt":{"rendered":"Vanthourenhout gana en Terralba y Brand domina otra vez en Cerde\u00f1a en una doble cita marcada por el&hellip;\n","protected":false},"author":2,"featured_media":278436,"comment_status":"","ping_status":"","sticky":false,"template":"","format":"standard","meta":{"footnotes":""},"categories":[273],"tags":[313,44324,312,168,25,24,23,167],"class_list":{"0":"post-278435","1":"post","2":"type-post","3":"status-publish","4":"format-standard","5":"has-post-thumbnail","7":"category-ciclismo","8":"tag-ciclismo","9":"tag-ciclocross","10":"tag-cycling","11":"tag-deportes","12":"tag-es","13":"tag-espana","14":"tag-spain","15":"tag-sports"},"share_on_mastodon":{"url":"https:\/\/pubeurope.com\/@es\/115686456125360800","error":""},"_links":{"self":[{"href":"https:\/\/www.europesays.com\/es\/wp-json\/wp\/v2\/posts\/278435","targetHints":{"allow":["GET"]}}],"collection":[{"href":"https:\/\/www.europesays.com\/es\/wp-json\/wp\/v2\/posts"}],"about":[{"href":"https:\/\/www.europesays.com\/es\/wp-json\/wp\/v2\/types\/post"}],"author":[{"embeddable":true,"href":"https:\/\/www.europesays.com\/es\/wp-json\/wp\/v2\/users\/2"}],"replies":[{"embeddable":true,"href":"https:\/\/www.europesays.com\/es\/wp-json\/wp\/v2\/comments?post=278435"}],"version-history":[{"count":0,"href":"https:\/\/www.europesays.com\/es\/wp-json\/wp\/v2\/posts\/278435\/revisions"}],"wp:featuredmedia":[{"embeddable":true,"href":"https:\/\/www.europesays.com\/es\/wp-json\/wp\/v2\/media\/278436"}],"wp:attachment":[{"href":"https:\/\/www.europesays.com\/es\/wp-json\/wp\/v2\/media?parent=278435"}],"wp:term":[{"taxonomy":"category","embeddable":true,"href":"https:\/\/www.europesays.com\/es\/wp-json\/wp\/v2\/categories?post=278435"},{"taxonomy":"post_tag","embeddable":true,"href":"https:\/\/www.europesays.com\/es\/wp-json\/wp\/v2\/tags?post=278435"}],"curies":[{"name":"wp","href":"https:\/\/api.w.org\/{rel}","templated":true}]}}