{"id":278439,"date":"2025-12-08T23:08:11","date_gmt":"2025-12-08T23:08:11","guid":{"rendered":"https:\/\/www.europesays.com\/es\/278439\/"},"modified":"2025-12-08T23:08:11","modified_gmt":"2025-12-08T23:08:11","slug":"posible-alineacion-del-barca-ante-el-eintracht-raphinha-y-diez-mas","status":"publish","type":"post","link":"https:\/\/www.europesays.com\/es\/278439\/","title":{"rendered":"Posible alineaci\u00f3n del Bar\u00e7a ante el Eintracht: Raphinha y diez m\u00e1s"},"content":{"rendered":"<p class=\"\">Hansi Flick recupera a Raphinha para el partido de este martes ante el Eintracht, correspondiente a la sexta jornada de la Champions. <b>El delantero brasile\u00f1o, que no jug\u00f3 ante el Betis por una sobrecarga en el aductor derecho, se presenta con el gran refuerzo para seguir so\u00f1ando en Europa<\/b>. El reto se presume complicado: ni ganando los tres pr\u00f3ximos partidos est\u00e1 garantizado que el Barcelona se clasifique entre los ocho primeros. En todo caso, mientras hay vida hay esperanza, por lo que el club se agarra a un clavo ardiendo a esa opci\u00f3n: el curso pasado el list\u00f3n para eludir el \u2018play off\u2019 de repesca se qued\u00f3 en los 16 puntos, cifra que alcanzar\u00edan los blaugrana en el caso de ganar los pr\u00f3ximos tres partidos de Champions.<\/p>\n<p class=\"\"><b>La titularidad de Raphinha dejar\u00eda fuera a Marcus Rashford<\/b>, mientras que Ferran Torres, con un \u2018hat trick\u2019 en su \u00faltima aparici\u00f3n, y Lamine Yamal, que volver\u00eda a la banda derecha, ser\u00edan las otras patas del tridente.<\/p>\n<p class=\"\"><b>En el mediocampo tambi\u00e9n podr\u00eda haber novedades importantes<\/b>, sobre todo si se confirma <b>el regreso al once de Frenkie de Jong y Ferm\u00edn L\u00f3pez<\/b> -ambos jugaron media hora en La Cartuja-, mientras que Pedri ser\u00eda la pieza necesaria para completar el puzzle en la medular.<\/p>\n<p><img decoding=\"async\" src=\"https:\/\/www.europesays.com\/es\/wp-content\/uploads\/2025\/12\/SQPGNKBSXVEWVDIUVNIR26PHFY.jpg\" alt=\"Posible alineaci\u00f3n del Bar\u00e7a ante el Eintracht: Raphinha y diez m\u00e1s\" height=\"277\" width=\"1200\"   loading=\"lazy\"\/><\/p>\n<p class=\"\">Y en defensa todo apunta que <b>Jules Kound\u00e9 podr\u00eda ser el gran sacrificado -sali\u00f3 en la foto en dos de los tres goles del Betis-<\/b>, dejando <b>la banda derecha a Eric Garc\u00eda<\/b>, el jugador \u2018multiusos\u2019 m\u00e1s utilizado por Flick, mientras que<b> repetir\u00eda la pareja de centrales Pau Cubars\u00ed y Gerard Mart\u00edn<\/b>, con Alejandro Balde en el carril izquierdo.<\/p>\n<p class=\"\">Evidentemente, bajo los palos seguir\u00e1 <b>Joan Garc\u00eda<\/b>, a quien el propio <b>Hansi Flick defini\u00f3 como \u201cel n\u00famero uno\u201d <\/b>entre los porteros, ante la inminente aparici\u00f3n de Marc Andr\u00e9 Ter Stegen.<\/p>\n<p>Noticias relacionadas<\/p>\n<p class=\"\">De confirmarse esta alineaci\u00f3n, <b>Robert Lewandowski se ver\u00eda relegado por segunda vez en el banquillo<\/b>. Una situaci\u00f3n, sin duda, del todo extra\u00f1a para el internacional polaco, que<b> esta temporada ha perdido la etiqueta de titular<\/b> ante la explosi\u00f3n de un bullicioso Ferran.<\/p>\n<p class=\"\"><b>\u00a1Tus opiniones importan!<\/b> Comenta en los art\u00edculos y suscr\u00edbete gratis a nuestra <a href=\"https:\/\/asfan.as.com\/newsletters\/\" target=\"_blank\" rel=\"nofollow noopener\" title=\"https:\/\/asfan.as.com\/newsletters\/\">newsletter<\/a> y a las alertas informativas en la <a href=\"https:\/\/as.com\/aplicacion-de-as-n\/\" target=\"_blank\" rel=\"nofollow noopener\" title=\"https:\/\/as.com\/aplicacion-de-as-n\/\">App<\/a> o el canal de <a href=\"https:\/\/www.whatsapp.com\/channel\/0029VaAasdA7j6g745nz9M10\" target=\"_blank\" rel=\"nofollow noopener\" title=\"https:\/\/www.whatsapp.com\/channel\/0029VaAasdA7j6g745nz9M10\">WhatsApp<\/a>. \u00bfBuscas licenciar contenido? Haz clic <a href=\"https:\/\/profesional.elpais.com\/soluciones-sindicacion?utm_medium=interno&amp;utm_source=crosslinking&amp;utm_campaign=sindicacion_as_pie_articulos\" target=\"_blank\" rel=\"nofollow noopener\" title=\"https:\/\/profesional.elpais.com\/soluciones-sindicacion?utm_medium=interno&amp;utm_source=crosslinking&amp;utm_campaign=sindicacion_as_pie_articulos\">aqu\u00ed<\/a><\/p>\n","protected":false},"excerpt":{"rendered":"Hansi Flick recupera a Raphinha para el partido de este martes ante el Eintracht, correspondiente a la sexta&hellip;\n","protected":false},"author":2,"featured_media":278440,"comment_status":"","ping_status":"","sticky":false,"template":"","format":"standard","meta":{"footnotes":""},"categories":[268],"tags":[168,25,24,280,282,281,23,167],"class_list":{"0":"post-278439","1":"post","2":"type-post","3":"status-publish","4":"format-standard","5":"has-post-thumbnail","7":"category-futbol","8":"tag-deportes","9":"tag-es","10":"tag-espana","11":"tag-football","12":"tag-futbol","13":"tag-soccer","14":"tag-spain","15":"tag-sports"},"share_on_mastodon":{"url":"https:\/\/pubeurope.com\/@es\/115686468005963150","error":""},"_links":{"self":[{"href":"https:\/\/www.europesays.com\/es\/wp-json\/wp\/v2\/posts\/278439","targetHints":{"allow":["GET"]}}],"collection":[{"href":"https:\/\/www.europesays.com\/es\/wp-json\/wp\/v2\/posts"}],"about":[{"href":"https:\/\/www.europesays.com\/es\/wp-json\/wp\/v2\/types\/post"}],"author":[{"embeddable":true,"href":"https:\/\/www.europesays.com\/es\/wp-json\/wp\/v2\/users\/2"}],"replies":[{"embeddable":true,"href":"https:\/\/www.europesays.com\/es\/wp-json\/wp\/v2\/comments?post=278439"}],"version-history":[{"count":0,"href":"https:\/\/www.europesays.com\/es\/wp-json\/wp\/v2\/posts\/278439\/revisions"}],"wp:featuredmedia":[{"embeddable":true,"href":"https:\/\/www.europesays.com\/es\/wp-json\/wp\/v2\/media\/278440"}],"wp:attachment":[{"href":"https:\/\/www.europesays.com\/es\/wp-json\/wp\/v2\/media?parent=278439"}],"wp:term":[{"taxonomy":"category","embeddable":true,"href":"https:\/\/www.europesays.com\/es\/wp-json\/wp\/v2\/categories?post=278439"},{"taxonomy":"post_tag","embeddable":true,"href":"https:\/\/www.europesays.com\/es\/wp-json\/wp\/v2\/tags?post=278439"}],"curies":[{"name":"wp","href":"https:\/\/api.w.org\/{rel}","templated":true}]}}