{"id":278441,"date":"2025-12-08T23:09:12","date_gmt":"2025-12-08T23:09:12","guid":{"rendered":"https:\/\/www.europesays.com\/es\/278441\/"},"modified":"2025-12-08T23:09:12","modified_gmt":"2025-12-08T23:09:12","slug":"la-increible-transformacion-fisica-de-alejo-sauras-portada-de-mens-health-cuanto-mejor-tengas-el-cuerpo-mas-tiempo-retrasaras-lo-inevitable","status":"publish","type":"post","link":"https:\/\/www.europesays.com\/es\/278441\/","title":{"rendered":"La incre\u00edble transformaci\u00f3n f\u00edsica de Alejo Sauras, portada de Men&#8217;s Health: \u00abCu\u00e1nto mejor tengas el cuerpo, m\u00e1s tiempo retrasar\u00e1s lo inevitable\u00bb"},"content":{"rendered":"<p><img fetchpriority=\"high\" class=\"v-a-img\" src=\"https:\/\/www.europesays.com\/es\/wp-content\/uploads\/2025\/12\/SaurasEH-kSmB-U2404892483907aG-1200x840@Las Provincias.jpg\" loading=\"eager\" decoding=\"async\" alt=\"Alejo Sauras.\"  width=\"1200\" height=\"840\"\/><\/p>\n<p>Alejo Sauras.          EP        <\/p>\n<p>El actor acude a &#8216;El Hormiguero&#8217; junto a Salva reina para hablar de la tercera temporada de &#8216;Atasco&#8217;<\/p>\n<p class=\"v-mdl-ath__p v-mdl-ath__p--6\">\nLunes, 8 de diciembre 2025, 17:44<\/p>\n<p class=\"v-p\"><a href=\"https:\/\/www.lasprovincias.es\/culturas\/tv\/autor-libros-famosos-nivel-mundial-visita-semana-20251207011159-nt.html\" target=\"_blank\" title=\"www.lasprovincias.es\" data-voc-vtm-id=\"in-text-traffic\" data-mrf-link=\"www.lasprovincias.es\" rel=\"nofollow noopener\">&#8216;El Hormiguero&#8217;<\/a> comienza la cuenta atr\u00e1s para despedir este 2025. El programa presentado por <a href=\"https:\/\/www.lasprovincias.es\/culturas\/tv\/pablo-motos-desvela-error-impide-triunfar-sirve-20251121010000-nt.html\" target=\"_blank\" title=\"www.lasprovincias.es\" data-voc-vtm-id=\"in-text-traffic\" data-mrf-link=\"www.lasprovincias.es\" rel=\"nofollow noopener\">Pablo Motos<\/a> arranca esta segunda semana de diciembre con la meta establecida en liderar la batalla por las audiencias que mantiene con otros programas como &#8216;<a href=\"https:\/\/www.lasprovincias.es\/culturas\/tv\/pedro-ruiz-habla-claro-revuelta-momento-demasiada-20251203224724-nt.html\" target=\"_blank\" title=\"www.lasprovincias.es\" data-voc-vtm-id=\"in-text-traffic\" data-mrf-link=\"www.lasprovincias.es\" rel=\"nofollow noopener\">La Revuelta<\/a>&#8216; de David Broncano&#8217;.<\/p>\n<p class=\"v-p\">Para ello, este lunes 8 de diciembre recibe la visita de dos grandes actores del panorama nacional. Alejo Sauras y Salva Reina visitan el plat\u00f3 de las hormigas para presentar la tercera temporada de &#8216;Atasco&#8217;, disponible el 22 de diciembre.<\/p>\n<p class=\"v-p\">Nacido en las Islas Baleares, Alejo Sauras (46 a\u00f1os) es un actor conocido por interpretar a Santi Rivelles en &#8216;Al salir de clase&#8217;, a Ra\u00fal Mart\u00ednez en la serie &#8216;Los Serrano&#8217; y a El Enlace en &#8216;Estoy vivo&#8217;.<\/p>\n<p class=\"v-p\">Casi un cuarto de siglo despu\u00e9s de su salto a la fama, el actor ha vuelto a la primera l\u00ednea medi\u00e1tica. Y es que Sauras se ha convertido en el rostro principal del nuevo n\u00famero de la revista Men&#8217;s Health que enaltece la madurez activa y el cuidado personal.<\/p>\n<p class=\"v-p\">\u00abCon los a\u00f1os he aprendido que cuanto mejor tengas el cuerpo, m\u00e1s tiempo aguantar\u00e1s bien y retrasar\u00e1s todo lo posible lo inevitable\u00bb, confiesa el int\u00e9rprete. La portada muestra un Sauras disciplinado y consciente de lo que necesita su cuerpo. \u00abSoy muy nervioso, me cuesta m\u00e1s coger peso que perderlo\u00bb, explica.<\/p>\n<p><a href=\"http:\/\/www.lasprovincias.es\/culturas\/tv\/serie-suspense-basada-premio-planeta-javier-cercas-20251204154338-nt.html#vtm_modulosEngag=mod-rel:culturas:noticia:1:cmp:2-not\" class=\"v-a-link\" title=\"La serie de suspense basada en el Premio Planeta de Javier Cercas que se estrena en televisi\u00f3n\" rel=\"nofollow noopener\" target=\"_blank\"><br \/>\n<img decoding=\"async\" loading=\"lazy\" class=\"v-a-img\" src=\"https:\/\/www.europesays.com\/es\/wp-content\/uploads\/2025\/12\/terra-kM9E--366x256@Las Provincias.jpg\" alt=\"La serie de suspense basada en el Premio Planeta de Javier Cercas que se estrena en televisi\u00f3n\"\/><br \/>\n<\/a><\/p>\n<p><a href=\"http:\/\/www.lasprovincias.es\/culturas\/tv\/pasapalabra-separara-rosa-bote-2542000-euros-pronto-20251204171132-nt.html#vtm_modulosEngag=mod-rel:culturas:noticia:2:cmp:2-not\" class=\"v-a-link\" title=\"Pasapalabra: \u00abTres segundos. Es todo lo que separar\u00e1 a Rosa de un bote de 2.542.000 euros. Muy pronto\u00bb\" rel=\"nofollow noopener\" target=\"_blank\"><br \/>\n<img decoding=\"async\" loading=\"lazy\" class=\"v-a-img\" src=\"https:\/\/www.europesays.com\/es\/wp-content\/uploads\/2025\/12\/rosa-kVp-U240453530065B6C-366x256@Las Provincias.JPG\" alt=\"Pasapalabra: \u00abTres segundos. Es todo lo que separar\u00e1 a Rosa de un bote de 2.542.000 euros. Muy pronto\u00bb\"\/><br \/>\n<\/a><\/p>\n<p class=\"v-p\">Su f\u00f3rmula combina entrenamiento constante con una alimentaci\u00f3n ajustada al desgaste basada en batidos de prote\u00edna con crema de arroz como base energ\u00e9tica en d\u00edas largos de rodaje.<\/p>\n<p class=\"v-p\">Su motivaci\u00f3n no est\u00e1 relacionada con la belleza est\u00e9tica, sino que es puramente vital. \u00abYo me he hecho deportista por ego\u00edsmo vital, porque yo quiero llegar a los 65 muy fuerte\u00bb. Ese objetivo pasa por asumir incluso lo que menos le entusiasma, el trabajo de pierna.<\/p>\n<p class=\"v-p\">En la actualidad, se encuentra inmerso en varios proyectos cinermatogr\u00e1ficos como &#8216;Barrio Esperanza&#8217; o &#8216;El libro negro de las horas&#8217;. \u00abYo no s\u00e9 si estoy en mi madurez como actor, yo desde luego no lo siento\u00bb, expresa sin complejos.<\/p>\n<p>Reporta un error<\/p>\n","protected":false},"excerpt":{"rendered":"Alejo Sauras. EP El actor acude a &#8216;El Hormiguero&#8217; junto a Salva reina para hablar de la tercera&hellip;\n","protected":false},"author":2,"featured_media":278442,"comment_status":"","ping_status":"","sticky":false,"template":"","format":"standard","meta":{"footnotes":""},"categories":[174],"tags":[27003,988,255,873,146,147,25,24,256,8450,165,7982,63914,1684,67703,338,67704,29221,23,159,8447],"class_list":{"0":"post-278441","1":"post","2":"type-post","3":"status-publish","4":"format-standard","5":"has-post-thumbnail","7":"category-famosos","8":"tag-alejo","9":"tag-anos","10":"tag-celebrities","11":"tag-cuerpo","12":"tag-entertainment","13":"tag-entretenimiento","14":"tag-es","15":"tag-espana","16":"tag-famosos","17":"tag-fisica","18":"tag-health","19":"tag-increible","20":"tag-inevitable","21":"tag-mejor","22":"tag-mens","23":"tag-portada","24":"tag-retrasaras","25":"tag-sauras","26":"tag-spain","27":"tag-tiempo","28":"tag-transformacion"},"share_on_mastodon":{"url":"https:\/\/pubeurope.com\/@es\/115686471694035474","error":""},"_links":{"self":[{"href":"https:\/\/www.europesays.com\/es\/wp-json\/wp\/v2\/posts\/278441","targetHints":{"allow":["GET"]}}],"collection":[{"href":"https:\/\/www.europesays.com\/es\/wp-json\/wp\/v2\/posts"}],"about":[{"href":"https:\/\/www.europesays.com\/es\/wp-json\/wp\/v2\/types\/post"}],"author":[{"embeddable":true,"href":"https:\/\/www.europesays.com\/es\/wp-json\/wp\/v2\/users\/2"}],"replies":[{"embeddable":true,"href":"https:\/\/www.europesays.com\/es\/wp-json\/wp\/v2\/comments?post=278441"}],"version-history":[{"count":0,"href":"https:\/\/www.europesays.com\/es\/wp-json\/wp\/v2\/posts\/278441\/revisions"}],"wp:featuredmedia":[{"embeddable":true,"href":"https:\/\/www.europesays.com\/es\/wp-json\/wp\/v2\/media\/278442"}],"wp:attachment":[{"href":"https:\/\/www.europesays.com\/es\/wp-json\/wp\/v2\/media?parent=278441"}],"wp:term":[{"taxonomy":"category","embeddable":true,"href":"https:\/\/www.europesays.com\/es\/wp-json\/wp\/v2\/categories?post=278441"},{"taxonomy":"post_tag","embeddable":true,"href":"https:\/\/www.europesays.com\/es\/wp-json\/wp\/v2\/tags?post=278441"}],"curies":[{"name":"wp","href":"https:\/\/api.w.org\/{rel}","templated":true}]}}