{"id":278451,"date":"2025-12-08T23:17:17","date_gmt":"2025-12-08T23:17:17","guid":{"rendered":"https:\/\/www.europesays.com\/es\/278451\/"},"modified":"2025-12-08T23:17:17","modified_gmt":"2025-12-08T23:17:17","slug":"rosalia-y-carlos-alcaraz-en-la-lista-de-los-personajes-mas-estilosos-del-ano-de-the-new-york-times-gente","status":"publish","type":"post","link":"https:\/\/www.europesays.com\/es\/278451\/","title":{"rendered":"Rosal\u00eda y Carlos Alcaraz, en la lista de los personajes m\u00e1s estilosos del a\u00f1o de \u2018The New York Times\u2019 | Gente"},"content":{"rendered":"<p class=\"\">\u00bfQu\u00e9 significa ser una persona estilosa? Para el peri\u00f3dico The New York Times no es solo aquel que viste bien. Tambi\u00e9n lo es quien consigue captar la atenci\u00f3n, ya sea por sus elecciones estil\u00edsticas, por su forma de expresarse o por c\u00f3mo se muestra ante el mundo. \u201cEl estilo se transmite de forma m\u00e1s evidente a trav\u00e9s de la ropa, los accesorios y los cortes de pelo, pero \u00bfno podr\u00eda tambi\u00e9n reflejarse en una actitud distintiva, un gesto que cobra vida propia o incluso en el colorido remolino de un batido? \u00bfAcaso un estilo memorable no puede ser a la vez divertido y serio?\u201d, afirma el medio. Para comprender qu\u00e9 es lo que entienden ellos como estilo <a href=\"https:\/\/www.nytimes.com\/2025\/12\/07\/style\/best-dressed-people-2025.html\" target=\"_blank\" rel=\"noreferrer nofollow noopener\" title=\"https:\/\/www.nytimes.com\/2025\/12\/07\/style\/best-dressed-people-2025.html\">han elaborado una lista con las 67 personas con m\u00e1s estilosas de 2025,<\/a> aunque para ellos no todo lo que ha marcado la diferencia en este a\u00f1o que est\u00e1 a punto de terminar son personas reales. <\/p>\n<p class=\"\">Y es que entre los 67 rostros populares elegidos tambi\u00e9n hay personajes de televisi\u00f3n. E incluso han a\u00f1adido productos a su lista. Pero todos tienen algo en com\u00fan: para el medio, todos ellos les hicieron \u201creflexionar, debatir e incluso cuestionar el significado de la autoexpresi\u00f3n\u201d. Sin seguir un orden concreto, este listado incluye a cantantes, pol\u00edticos, actores, personajes de ficci\u00f3n y deportistas. \u201c\u00bfNo est\u00e1s de acuerdo con todos? Bien. De eso se trata. El estilo, por supuesto, tambi\u00e9n es subjetivo\u201d, subraya la publicaci\u00f3n antes de comenzar. <\/p>\n<p>M\u00e1s informaci\u00f3n<\/p>\n<p class=\"\">En este ranking hay presencia espa\u00f1ola gracias a Carlos Alcaraz y Rosal\u00eda. \u201c<a href=\"https:\/\/elpais.com\/gente\/2025-09-11\/todo-al-rubio-platino-alcaraz-sigue-los-pasos-de-lamine-yamal-y-broncano.html\" target=\"_blank\" rel=\"noreferrer nofollow noopener\" title=\"https:\/\/elpais.com\/gente\/2025-09-11\/todo-al-rubio-platino-alcaraz-sigue-los-pasos-de-lamine-yamal-y-broncano.html\">Tras un corte de pelo fallido, <\/a>la estrella del tenis lleg\u00f3 al Abierto de Estados Unidos con la cabeza rapada. <a href=\"https:\/\/elpais.com\/deportes\/tenis\/2025-09-07\/sinner-alcaraz-en-directo-la-final-del-us-open-en-vivo.html\" target=\"_blank\" rel=\"noreferrer nofollow noopener\" title=\"https:\/\/elpais.com\/deportes\/tenis\/2025-09-07\/sinner-alcaraz-en-directo-la-final-del-us-open-en-vivo.html\">Sali\u00f3 como campe\u00f3n <\/a>individual masculino, una victoria que celebr\u00f3 ti\u00f1\u00e9ndose de rubio platino\u201d, explican<a href=\"https:\/\/elpais.com\/gente\/2025-09-11\/todo-al-rubio-platino-alcaraz-sigue-los-pasos-de-lamine-yamal-y-broncano.html\" target=\"_blank\" rel=\"noreferrer nofollow noopener\" title=\"https:\/\/elpais.com\/gente\/2025-09-11\/todo-al-rubio-platino-alcaraz-sigue-los-pasos-de-lamine-yamal-y-broncano.html\"> sobre el porqu\u00e9 de la elecci\u00f3n del tenista<\/a>. \u201cEn su \u00e1lbum Lux, la vanguardista cantante pop present\u00f3 una sinfon\u00eda de idiomas al interpretar canciones en 13 lenguas diferentes. En <a href=\"https:\/\/elpais.com\/cultura\/2025-10-27\/rosalia-lanza-berghain-flamenco-violines-sexo-y-bjork-en-un-club-berlines.html\" target=\"_blank\" rel=\"noreferrer nofollow noopener\" title=\"https:\/\/elpais.com\/cultura\/2025-10-27\/rosalia-lanza-berghain-flamenco-violines-sexo-y-bjork-en-un-club-berlines.html\">el v\u00eddeo musical de una de esas canciones, Berghain<\/a>, represent\u00f3 de forma cautivadora la met\u00e1fora de que la vida es una sinfon\u00eda preparando caf\u00e9, planchando y viajando en autob\u00fas con el acompa\u00f1amiento de una orquesta completa\u201d,<a href=\"https:\/\/elpais.com\/eps\/2025-11-09\/rosalia-habla-de-lux-no-me-atreveria-a-ponerle-palabras-a-mi-relacion-con-dios.html\" target=\"_blank\" rel=\"noreferrer nofollow noopener\" title=\"https:\/\/elpais.com\/eps\/2025-11-09\/rosalia-habla-de-lux-no-me-atreveria-a-ponerle-palabras-a-mi-relacion-con-dios.html\"> apuntan sobre el fen\u00f3meno de la cantante catalana<\/a>. <\/p>\n<p><img alt=\"Rosalia\" decoding=\"auto\" class=\"_re lazyload a_m-h\" height=\"276\"  width=\"414\"  src=\"https:\/\/www.europesays.com\/es\/wp-content\/uploads\/2025\/12\/4NXN2ZO4AVFE3NU73SQWQNEOI4.jpg\" loading=\"lazy\"\/>Rosal\u00eda durante su actuaci\u00f3n en el programa de Jimmy Fallon.NBC (Todd Owyoung\/NBC via Getty Image)<\/p>\n<p class=\"\">En general, los cantantes son los que est\u00e1n m\u00e1s presentes en el listado. Lo abre, precisamente, A$AP Rocky por su vinculaci\u00f3n a la moda: \u201c<a href=\"https:\/\/elpais.com\/gente\/2025-04-01\/anna-wintour-desvela-cual-es-para-ella-la-pareja-de-celebridades-mejor-vestida-son-muy-talentosos-y-tienen-muchisimo-estilo.html\" target=\"_blank\" rel=\"noreferrer nofollow noopener\" title=\"https:\/\/elpais.com\/gente\/2025-04-01\/anna-wintour-desvela-cual-es-para-ella-la-pareja-de-celebridades-mejor-vestida-son-muy-talentosos-y-tienen-muchisimo-estilo.html\">Asisti\u00f3 a la gala del Met como presidente <\/a>con un atuendo de su propio dise\u00f1o; luci\u00f3 Miu Miu y Saint Laurent en el festival de cine de Cannes; y luci\u00f3 m\u00e1s Saint Laurent, junto con Gucci, en su juicio penal en Los \u00c1ngeles (<a href=\"https:\/\/elpais.com\/gente\/2025-02-19\/el-rapero-aap-rocky-declarado-no-culpable-de-dos-cargos-por-un-ataque-con-una-pistola.html\" target=\"_blank\" rel=\"noreferrer nofollow noopener\" title=\"https:\/\/elpais.com\/gente\/2025-02-19\/el-rapero-aap-rocky-declarado-no-culpable-de-dos-cargos-por-un-ataque-con-una-pistola.html\">donde fue absuelto<\/a>). Culmin\u00f3 con su nombramiento como icono de la moda por el Consejo de Dise\u00f1adores de Moda de Estados Unidos y como nuevo rostro de Chanel\u201d, explican. Le sigue <a href=\"https:\/\/elpais.com\/us\/entretenimiento\/2025-12-02\/sabrina-carpenter-se-encara-contra-trump-por-usar-su-musica-en-un-video-del-ice-jamas-me-involucren-en-beneficio-de-su-inhumana-agenda.html\" target=\"_blank\" rel=\"noreferrer nofollow noopener\" title=\"https:\/\/elpais.com\/us\/entretenimiento\/2025-12-02\/sabrina-carpenter-se-encara-contra-trump-por-usar-su-musica-en-un-video-del-ice-jamas-me-involucren-en-beneficio-de-su-inhumana-agenda.html\">Sabrina Carpenter<\/a>: \u201cLa estrella del pop apareci\u00f3 con varias prendas de color amarillo mantecoso, convirti\u00e9ndose en embajadora no oficial de<a href=\"https:\/\/elpais.com\/smoda\/moda\/2024-10-02\/amarillo-mantequilla-color-tendencia-del-otono-guia-del-inesperado-tono-que-esta-por-todas-partes.html\" target=\"_blank\" rel=\"noreferrer nofollow noopener\" title=\"https:\/\/elpais.com\/smoda\/moda\/2024-10-02\/amarillo-mantequilla-color-tendencia-del-otono-guia-del-inesperado-tono-que-esta-por-todas-partes.html\"> un color del que fue dif\u00edcil escapar este a\u00f1o\u201d. <\/a><\/p>\n<p class=\"\"><a href=\"https:\/\/elpais.com\/cultura\/2025-12-03\/bad-bunny-destrona-a-taylor-swift-y-vuelve-como-el-artista-mas-escuchado-de-spotify-en-2025.html\" target=\"_blank\" rel=\"noreferrer nofollow noopener\" title=\"https:\/\/elpais.com\/cultura\/2025-12-03\/bad-bunny-destrona-a-taylor-swift-y-vuelve-como-el-artista-mas-escuchado-de-spotify-en-2025.html\">Bad Bunny<\/a> no puede faltar aqu\u00ed: \u201cHa demostrado su poder cultural con una serie de 30 conciertos con entradas agotadas en Puerto Rico y al ser nombrado cabeza de cartel del <a href=\"https:\/\/elpais.com\/us\/entretenimiento\/2025-09-13\/bad-bunny-un-amuleto-millonario-para-la-economia-puertorriquena.html\" target=\"_blank\" rel=\"noreferrer nofollow noopener\" title=\"https:\/\/elpais.com\/us\/entretenimiento\/2025-09-13\/bad-bunny-un-amuleto-millonario-para-la-economia-puertorriquena.html\">pr\u00f3ximo espect\u00e1culo de la Super Bowl<\/a>. Ha exhibido su estilo al vestirse de Prada en la gala del Met, vestir ropa informal de calle en sus conciertos y aparecer solo en ropa interior en una valla publicitaria [en referencia a <a href=\"https:\/\/elpais.com\/gente\/2025-03-18\/bad-bunny-el-primer-artista-puertorriqueno-en-desnudarse-para-calvin-klein.html\" target=\"_blank\" rel=\"noreferrer nofollow noopener\" title=\"https:\/\/elpais.com\/gente\/2025-03-18\/bad-bunny-el-primer-artista-puertorriqueno-en-desnudarse-para-calvin-klein.html\">su campa\u00f1a como imagen de Calvin Klein<\/a>]\u201d. Otros artistas como <a href=\"https:\/\/elpais.com\/smoda\/placeres\/2025-02-05\/quien-es-doechii-la-artista-que-acaba-de-ganar-el-grammy-a-mejor-album-de-rap.html\" target=\"_blank\" rel=\"noreferrer nofollow noopener\" title=\"https:\/\/elpais.com\/smoda\/placeres\/2025-02-05\/quien-es-doechii-la-artista-que-acaba-de-ganar-el-grammy-a-mejor-album-de-rap.html\">Doechii<\/a>, <a href=\"https:\/\/elpais.com\/gente\/2025-02-09\/kendrick-lamar-el-poeta-que-todo-lo-cuenta-y-del-que-nada-se-sabe-senor-de-los-grammy-y-la-super-bowl.html\" target=\"_blank\" rel=\"noreferrer nofollow noopener\" title=\"https:\/\/elpais.com\/gente\/2025-02-09\/kendrick-lamar-el-poeta-que-todo-lo-cuenta-y-del-que-nada-se-sabe-senor-de-los-grammy-y-la-super-bowl.html\">Kendrick Lamar<\/a>, Cardi B, <a href=\"https:\/\/elpais.com\/cultura\/2025-09-29\/quien-no-querria-estar-aqui-oasis-se-despide-de-londres-con-una-explosion-de-nostalgia-generacional.html\" target=\"_blank\" rel=\"noreferrer nofollow noopener\" title=\"https:\/\/elpais.com\/cultura\/2025-09-29\/quien-no-querria-estar-aqui-oasis-se-despide-de-londres-con-una-explosion-de-nostalgia-generacional.html\">Liam y Noel Gallagher<\/a> \u2014por desencadenar una \u201cola de nostalgia de los a\u00f1os noventa\u201d con la gira de Oasis\u2014,<a href=\"https:\/\/elpais.com\/gente\/2025-02-24\/quien-es-benson-boone-de-desertor-de-american-idol-a-estrella-en-tiktok-y-exito-global-gracias-a-beautiful-things.html\" target=\"_blank\" rel=\"noreferrer nofollow noopener\" title=\"https:\/\/elpais.com\/gente\/2025-02-24\/quien-es-benson-boone-de-desertor-de-american-idol-a-estrella-en-tiktok-y-exito-global-gracias-a-beautiful-things.html\"> Benson Boone<\/a> y el grupo de KPop <a href=\"https:\/\/elpais.com\/gente\/2025-10-11\/katseye-el-primer-grupo-de-k-pop-global-nacido-en-un-reality-y-disenado-al-milimetro-para-triunfar.html\" target=\"_blank\" rel=\"noreferrer nofollow noopener\" title=\"https:\/\/elpais.com\/gente\/2025-10-11\/katseye-el-primer-grupo-de-k-pop-global-nacido-en-un-reality-y-disenado-al-milimetro-para-triunfar.html\">Katseye<\/a> completan la lista. <\/p>\n<p><img decoding=\"auto\" class=\"_re lazyload a_m-h\" height=\"276\"  width=\"414\"  src=\"https:\/\/www.europesays.com\/es\/wp-content\/uploads\/2025\/12\/FAWLPPV5QFA37P4HFJKOUNXK7Q.jpg\" loading=\"lazy\"\/>Bad Bunny durante una de sus actuaciones en Puerto Rico, el 20 de septiembre de 2025. Alejandro Granadillo (AP \/ Cordon Press)<\/p>\n<p class=\"\">Si hubo un movimiento que revolucion\u00f3 las redes sociales el pasado verano, ese fue el final de la serie El verano en que me enamor\u00e9. As\u00ed que en este listado no pod\u00edan faltar sus tres protagonistas: <a href=\"https:\/\/elpais.com\/gente\/2025-09-06\/team-conrad-o-team-jeremiah-como-los-actores-christopher-briney-y-gavin-casalegno-han-dividido-internet.html\" target=\"_blank\" rel=\"noreferrer nofollow noopener\" title=\"https:\/\/elpais.com\/gente\/2025-09-06\/team-conrad-o-team-jeremiah-como-los-actores-christopher-briney-y-gavin-casalegno-han-dividido-internet.html\">Christopher Briney, Lola Tung y Gavin Casalegno<\/a>. \u201cQuienes pensaron que el debate se calmar\u00eda pronto se equivocaron: el d\u00eda del estreno del final de la serie se anunci\u00f3 una adaptaci\u00f3n cinematogr\u00e1fica\u201d. Jennifer Lawrence, que <a href=\"https:\/\/elpais.com\/cultura\/cine\/2025-09-26\/jennifer-lawrence-recibe-el-premio-donostia-a-los-35-anos.html\" target=\"_blank\" rel=\"noreferrer nofollow noopener\" title=\"https:\/\/elpais.com\/cultura\/cine\/2025-09-26\/jennifer-lawrence-recibe-el-premio-donostia-a-los-35-anos.html\">recientemente recibi\u00f3 el premio Donostia<\/a>, tambi\u00e9n est\u00e1 presente por sus estilismos de calle: \u201cLas gafas de sol oscuras no impidieron que la actriz pasara desapercibida para los fot\u00f3grafos, donde su gusto por los abrigos de leopardo, las camisetas oversize y otras prendas casuales quedaron en plena exhibici\u00f3n\u201d. El actor Timoth\u00e9e Chalamet ha sido incluido como estiloso por iniciar \u201cuna nueva moda en forma de merchandising para su \u00faltima pel\u00edcula\u201d. <\/p>\n<p class=\"\">Claudia Sheinbaum, presidenta de M\u00e9xico, es una de las pol\u00edticas que forma parte del listado. \u201cEn su primer a\u00f1o en el cargo,<a href=\"https:\/\/elpais.com\/mexico\/2025-11-01\/claudia-sheinbaum-presidenta-del-trend-la-politica-mexicana-se-vuelve-viral-entre-los-adolescentes.html\" target=\"_blank\" rel=\"noreferrer nofollow noopener\" title=\"https:\/\/elpais.com\/mexico\/2025-11-01\/claudia-sheinbaum-presidenta-del-trend-la-politica-mexicana-se-vuelve-viral-entre-los-adolescentes.html\"> ha llamado la atenci\u00f3n sobre la moda ind\u00edgena del pa\u00eds <\/a>al usar ropa bordada y tomar medidas energ\u00e9ticas contra las grandes marcas que imitan a los artesanos locales\u201d, explican. Melania Trump es otra de las elegidas por el medio neoyorquino: \u201cDesde el inicio del segundo mandato del presidente Trump en enero, la primera dama ha adquirido la costumbre de <a href=\"https:\/\/elpais.com\/us\/entretenimiento\/2025-01-20\/melania-trump-oculta-la-mirada-con-un-sombrero-carne-de-memes-made-in-usa-para-su-retorno-a-la-casa-blanca.html\" target=\"_blank\" rel=\"noreferrer nofollow noopener\" title=\"https:\/\/elpais.com\/us\/entretenimiento\/2025-01-20\/melania-trump-oculta-la-mirada-con-un-sombrero-carne-de-memes-made-in-usa-para-su-retorno-a-la-casa-blanca.html\">usar llamativos sombreros que protegen el rostro <\/a>para hacer declaraciones\u201d. Para The New York Times, el reci\u00e9n nombrado papa Le\u00f3n XIV \u201ctransform\u00f3 para siempre la imagen del papado al convertirse en el primer papa estadounidense\u201d y la volvi\u00f3 a transformar \u201cal usar una gorra de los Chicago White Sox [de los que es aficionado] con su vestimenta papal\u201d. <\/p>\n<p><img decoding=\"auto\" class=\"_re lazyload a_m-v\" height=\"621\"  width=\"414\"  src=\"https:\/\/www.europesays.com\/es\/wp-content\/uploads\/2025\/12\/FVES3POUDBGQDEDBIRMTFYLZ6Y.jpg\" loading=\"lazy\"\/>Lola Tung y Christopher Briney, protagonistas de &#8216;El verano en que me enamor\u00e9&#8217;, en Par\u00eds, el 17 de septiembre de 2025. Julien Sarkissian \/ Bestimage (Julien Sarkissian \/ Bestimage \/ Cordon Press)<\/p>\n<p class=\"\">Pero hay elecciones un tanto diferentes y especiales, como el batido de colaboraci\u00f3n de Erewhon; el \u201cdeslumbrante\u201d Labubu que luci\u00f3 la tenista Naomi Osaka; o <a href=\"https:\/\/elpais.com\/cultura\/cine\/2025-08-27\/las-guerreras-kpop-se-convierte-en-la-pelicula-mas-vista-en-la-historia-de-netflix.html\" target=\"_blank\" rel=\"noreferrer nofollow noopener\" title=\"https:\/\/elpais.com\/cultura\/cine\/2025-08-27\/las-guerreras-kpop-se-convierte-en-la-pelicula-mas-vista-en-la-historia-de-netflix.html\">los personajes de Rumi de la exitosa Las guerreras Kpop<\/a> y Carrie Bradshaw en Just Like That&#8230; Completa la lista Pedro El\u00edas Garz\u00f3n Delvaux, <a href=\"https:\/\/elpais.com\/icon\/2025-11-12\/el-detective-del-louvre-era-un-chico-de-15-anos-cronologia-de-la-confusion-en-medio-del-robo.html\" target=\"_blank\" rel=\"noreferrer nofollow noopener\" title=\"https:\/\/elpais.com\/icon\/2025-11-12\/el-detective-del-louvre-era-un-chico-de-15-anos-cronologia-de-la-confusion-en-medio-del-robo.html\">el joven de 15 a\u00f1os que se hizo pasar por detective <\/a>durante el robo al Louvre. \u201cSe convirti\u00f3 en sensaci\u00f3n en l\u00ednea despu\u00e9s de ser fotografiado junto a oficiales de polic\u00eda afuera del museo a ra\u00edz del reciente robo de joyas\u201d. <\/p>\n","protected":false},"excerpt":{"rendered":"\u00bfQu\u00e9 significa ser una persona estilosa? Para el peri\u00f3dico The New York Times no es solo aquel que&hellip;\n","protected":false},"author":2,"featured_media":278452,"comment_status":"","ping_status":"","sticky":false,"template":"","format":"standard","meta":{"footnotes":""},"categories":[91],"tags":[1014,1015,1282,3061,545,927,146,147,25,24,256,260,19628,400,952,4147,18815,23,27947,33953],"class_list":{"0":"post-278451","1":"post","2":"type-post","3":"status-publish","4":"format-standard","5":"has-post-thumbnail","7":"category-entretenimiento","8":"tag-actores","9":"tag-actrices","10":"tag-bad-bunny","11":"tag-cantantes","12":"tag-carlos-alcaraz","13":"tag-deportistas","14":"tag-entertainment","15":"tag-entretenimiento","16":"tag-es","17":"tag-espana","18":"tag-famosos","19":"tag-gente","20":"tag-melania-trump","21":"tag-papa-leon-xiv","22":"tag-politica","23":"tag-rosalia","24":"tag-sabrina-carpenter","25":"tag-spain","26":"tag-the-new-york-times","27":"tag-timothee-chalamet"},"share_on_mastodon":{"url":"https:\/\/pubeurope.com\/@es\/115686503059040245","error":""},"_links":{"self":[{"href":"https:\/\/www.europesays.com\/es\/wp-json\/wp\/v2\/posts\/278451","targetHints":{"allow":["GET"]}}],"collection":[{"href":"https:\/\/www.europesays.com\/es\/wp-json\/wp\/v2\/posts"}],"about":[{"href":"https:\/\/www.europesays.com\/es\/wp-json\/wp\/v2\/types\/post"}],"author":[{"embeddable":true,"href":"https:\/\/www.europesays.com\/es\/wp-json\/wp\/v2\/users\/2"}],"replies":[{"embeddable":true,"href":"https:\/\/www.europesays.com\/es\/wp-json\/wp\/v2\/comments?post=278451"}],"version-history":[{"count":0,"href":"https:\/\/www.europesays.com\/es\/wp-json\/wp\/v2\/posts\/278451\/revisions"}],"wp:featuredmedia":[{"embeddable":true,"href":"https:\/\/www.europesays.com\/es\/wp-json\/wp\/v2\/media\/278452"}],"wp:attachment":[{"href":"https:\/\/www.europesays.com\/es\/wp-json\/wp\/v2\/media?parent=278451"}],"wp:term":[{"taxonomy":"category","embeddable":true,"href":"https:\/\/www.europesays.com\/es\/wp-json\/wp\/v2\/categories?post=278451"},{"taxonomy":"post_tag","embeddable":true,"href":"https:\/\/www.europesays.com\/es\/wp-json\/wp\/v2\/tags?post=278451"}],"curies":[{"name":"wp","href":"https:\/\/api.w.org\/{rel}","templated":true}]}}