{"id":278455,"date":"2025-12-08T23:19:13","date_gmt":"2025-12-08T23:19:13","guid":{"rendered":"https:\/\/www.europesays.com\/es\/278455\/"},"modified":"2025-12-08T23:19:13","modified_gmt":"2025-12-08T23:19:13","slug":"el-viento-tumba-el-precio-de-la-luz-pero-el-consumidor-teme-un-alza-en-la-factura-para-2026-por-los-costes-fijos","status":"publish","type":"post","link":"https:\/\/www.europesays.com\/es\/278455\/","title":{"rendered":"El viento tumba el precio de la luz pero el consumidor teme un alza en la factura para 2026 por los costes fijos"},"content":{"rendered":"<p>Noviembre marc\u00f3 un punto de inflexi\u00f3n en la generaci\u00f3n el\u00e9ctrica del sistema espa\u00f1ol en los \u00faltimos meses. La energ\u00eda e\u00f3lica produjo el mes pasado 6. &#8230; 949 GWh -un 67% m\u00e1s que en octubre- y fue la tecnolog\u00eda que m\u00e1s aport\u00f3 al mix, con un 31,1% del total, seg\u00fan los datos de Red El\u00e9ctrica. La fuerte entrada de esta fuente de energ\u00eda en las franjas de madrugada, en las horas solares y al anochecer logr\u00f3 desplazar al gas, que aport\u00f3 un 18,4% tras dos meses consecutivos en los duplic\u00f3 su peso en la generaci\u00f3n alcanzando en octubre su nivel m\u00e1s alto desde el apag\u00f3n. <\/p>\n<p class=\"v-p\">As\u00ed, el precio medio del mercado mayorista de electricidad se situ\u00f3 en 58,65 \u20ac\/MWh, el nivel m\u00e1s bajo para un mes de noviembre desde 2020, seg\u00fan los registros hist\u00f3ricos que recopila el Operador del Mercado Ib\u00e9rico de la Energ\u00eda (OMIE), y un 44% por debajo del mismo periodo de 2024. Y diciembre, con datos hasta el d\u00eda 8, sigue la misma tendencia en la estructura de generaci\u00f3n y de precio. \u00abPor el momento el viento sostiene la calma del &#8216;pool&#8217; el\u00e9ctrico, pero basta con que se apague para que el mercado vuelva a dispararse por encima de los 110 \u20ac\/MWh\u00bb, advierten desde Tempos Energ\u00eda. <\/p>\n<p class=\"v-p\">En el entorno de precios actual y a falta de pocas semanas para confirmar que 2025 ser\u00e1 un ejercicio hist\u00f3rico en t\u00e9rminos de generaci\u00f3n renovable, la \u00e9olica se refuerza como la primera tecnolog\u00eda con 53.143 GWh acumulados hasta noviembre, seguida de la fotovoltaica (47.904 GWh) y la nuclear (47.008 GWh), que mantienen el pulso por la segunda posici\u00f3n. <\/p>\n<p class=\"v-p\">Lejos del abaratamiento que podr\u00edan suponer estas perspectivas en el bolsillo, la parte fija del recibo -que supone aproximadamente el 50% del precio final que pagan los usuarios junto al IVA- s\u00ed sufrir\u00e1 incrementos sin contar los impuestos a partir de enero: un 4,1% en la parte de los peajes que corresponde fijar a la Comisi\u00f3n Nacional de los Mercados y la Competencia (CNMC) y una subida media de algo m\u00e1s del 10% en los cargos del sistema que dependen del Gobierno. <\/p>\n<p class=\"v-p\">En el primer caso, el impacto final en la factura que calcula la CNMC se situar\u00eda entre el 0,6% y el 2,8%, depende del tipo de consumo y punto de acceso. En cuanto a los cargos netos, el importe a financiar por parte de los usuarios el a\u00f1o que viene ser\u00e1 un 15% superior al que se estableci\u00f3 para 2025 y que, ajustado al aumento de demanda esperado, reducir\u00eda este porcentaje a algo m\u00e1s del 10% para 2026.<\/p>\n<p>Cr\u00edticas<\/p>\n<p class=\"v-p\">Por ahora, las propuesta de sendas subidas se encuentran en fase de audiencia p\u00fablica, pero desde la Asociaci\u00f3n Espa\u00f1ola de Consumidores (Asescon) rechazan lo que consideran una subida \u00abdesproporcionada\u00bb y que afectar\u00eda a todos los usuarios por igual \u00abpenalizando a las rentas m\u00e1s bajas que tienen importantes problemas para pagar sus facturas de suministros\u00bb. Seg\u00fan la OCU, las propuestas que se est\u00e1n planteando en 2026 har\u00e1n que la parte fija de la factura el\u00e9ctrica suba un 4,1%. Junto al incremento por la financiaci\u00f3n del bono social (50%), la factura final se encarecer\u00e1 en 15,03 euros al a\u00f1o.<\/p>\n<p class=\"v-cmp-fgn__t\">\n15<br \/>\neuros anuales\n<\/p>\n<p class=\"v-p\">Es la subida que estima la OCU en la factura final por el 4,1% de la parte fija y el incremento por la financiaci\u00f3n del bono social<\/p>\n<p class=\"v-p\">Frente a estas denuncias, fuentes de Transici\u00f3n Ecol\u00f3gica defienden que atendiendo a los cambios previstos en los costes regulados y al precio futuro de la energ\u00eda para el pr\u00f3ximo ejercicio que refleja OMIP (56,7 \u20ac\/MWh el 28 de noviembre), el descenso en la factura alcanzar\u00e1 un 8,55% en la industria, un 9,91% en la industria electrointensiva y un 4,95% en el caso de las pymes, por lo que el descenso de la factura rondar\u00e1 entre el 4,5% y el 10 %. El problema es que estas proyecciones se basan en los precios de los mercados a futuro y no recoge posibles contratiempos que lleven a que esa cifra de 56 euros pueda superarse. <\/p>\n<p class=\"v-p\">Todo ello sin olvidar el modo reforzado que est\u00e1 aplicando Red El\u00e9ctrica desde el cero energ\u00e9tico y que ha supuesto hasta noviembre un sobrecoste de 486 millones de euros, aproximadamente unos 4c\u00e9ntimos de euro al d\u00eda para los consumidores del PVPC. No obstante, el importe final a abonar por cada consumidor puede diferir en funci\u00f3n de si se encuentra en el mercado regulado o en el libre y de la evoluci\u00f3n del mercado mayorista. <\/p>\n","protected":false},"excerpt":{"rendered":"Noviembre marc\u00f3 un punto de inflexi\u00f3n en la generaci\u00f3n el\u00e9ctrica del sistema espa\u00f1ol en los \u00faltimos meses. La&hellip;\n","protected":false},"author":2,"featured_media":278456,"comment_status":"","ping_status":"","sticky":false,"template":"","format":"standard","meta":{"footnotes":""},"categories":[80],"tags":[3076,7429,82,26342,37258,95,94,25,24,5848,17192,1875,3282,23,20627,18158,6641],"class_list":{"0":"post-278455","1":"post","2":"type-post","3":"status-publish","4":"format-standard","5":"has-post-thumbnail","7":"category-economia","8":"tag-3076","9":"tag-alza","10":"tag-business","11":"tag-consumidor","12":"tag-costes","13":"tag-economia","14":"tag-economy","15":"tag-es","16":"tag-espana","17":"tag-factura","18":"tag-fijos","19":"tag-luz","20":"tag-precio","21":"tag-spain","22":"tag-teme","23":"tag-tumba","24":"tag-viento"},"share_on_mastodon":{"url":"https:\/\/pubeurope.com\/@es\/115686510798641285","error":""},"_links":{"self":[{"href":"https:\/\/www.europesays.com\/es\/wp-json\/wp\/v2\/posts\/278455","targetHints":{"allow":["GET"]}}],"collection":[{"href":"https:\/\/www.europesays.com\/es\/wp-json\/wp\/v2\/posts"}],"about":[{"href":"https:\/\/www.europesays.com\/es\/wp-json\/wp\/v2\/types\/post"}],"author":[{"embeddable":true,"href":"https:\/\/www.europesays.com\/es\/wp-json\/wp\/v2\/users\/2"}],"replies":[{"embeddable":true,"href":"https:\/\/www.europesays.com\/es\/wp-json\/wp\/v2\/comments?post=278455"}],"version-history":[{"count":0,"href":"https:\/\/www.europesays.com\/es\/wp-json\/wp\/v2\/posts\/278455\/revisions"}],"wp:featuredmedia":[{"embeddable":true,"href":"https:\/\/www.europesays.com\/es\/wp-json\/wp\/v2\/media\/278456"}],"wp:attachment":[{"href":"https:\/\/www.europesays.com\/es\/wp-json\/wp\/v2\/media?parent=278455"}],"wp:term":[{"taxonomy":"category","embeddable":true,"href":"https:\/\/www.europesays.com\/es\/wp-json\/wp\/v2\/categories?post=278455"},{"taxonomy":"post_tag","embeddable":true,"href":"https:\/\/www.europesays.com\/es\/wp-json\/wp\/v2\/tags?post=278455"}],"curies":[{"name":"wp","href":"https:\/\/api.w.org\/{rel}","templated":true}]}}