{"id":278465,"date":"2025-12-08T23:28:22","date_gmt":"2025-12-08T23:28:22","guid":{"rendered":"https:\/\/www.europesays.com\/es\/278465\/"},"modified":"2025-12-08T23:28:22","modified_gmt":"2025-12-08T23:28:22","slug":"roche-y-perico-llevaron-el-tour-1987-a-otro-nivel","status":"publish","type":"post","link":"https:\/\/www.europesays.com\/es\/278465\/","title":{"rendered":"Roche y Perico llevaron el Tour 1987 a otro nivel\u00a0"},"content":{"rendered":"<p data-start=\"214\" data-end=\"647\">Es curioso c\u00f3mo, durante a\u00f1os, nos quedamos enganchados a 1998, a Pantani, al \u00faltimo doblete Giro\u2013Tour, como si aquel fuera el \u00faltimo gran acto de fe del ciclismo moderno.<\/p>\n<p data-start=\"214\" data-end=\"647\">Pero ahora, mirando el calendario con un punto de melancol\u00eda, la efem\u00e9ride que emerge con m\u00e1s brillo es otra: <strong>Stephen Roche, 1987, el a\u00f1o en que un solo ciclista consigui\u00f3 unir Giro, Tour y Mundial en una misma campa\u00f1a<\/strong>.<\/p>\n<p><a class=\"wppaslink\" href=\"https:\/\/joanseguidor.com\/pas\/ccmm-valenciana\/44016\/0\" target=\"_blank\" rel=\"nofollow noopener\"><img decoding=\"async\" src=\"data:image\/svg+xml,%3Csvg%20xmlns=\" http:=\"\" alt=\"CCMM Valenciana\" border=\"0\" data-lazy-src=\"https:\/\/www.europesays.com\/es\/wp-content\/uploads\/2025\/12\/1765236500_259_aralleida-hivern-970x250-crea2-es.jpg\"\/><\/a><\/p>\n<p data-start=\"214\" data-end=\"647\">Un a\u00f1o que no cabe en una sola frase.<\/p>\n<p data-start=\"649\" data-end=\"1115\">Porque reducir la temporada de Roche a ese triplete hist\u00f3rico es mutilarla.<\/p>\n<p data-start=\"649\" data-end=\"1115\">Su 1987 fue m\u00e1s ancho, m\u00e1s profundo, m\u00e1s de todo.<\/p>\n<p data-start=\"649\" data-end=\"1115\">Fue tambi\u00e9n la <a href=\"https:\/\/joanseguidor.com\/claude-criquielion-lieja-bastogne-lieja\/\" target=\"_blank\" rel=\"noopener nofollow\">Lieja<\/a> que tuvo entre las manos y que se le escap\u00f3 ante un Argentin plet\u00f3rico. Fue un corredor competitivo desde febrero hasta octubre, siempre afilado, siempre presente, siempre en modo campe\u00f3n del mundo en potencia. Un ciclista que encontraba la manera de estar en la fotograf\u00eda incluso cuando el resultado no le acompa\u00f1aba.<\/p>\n<p data-start=\"1117\" data-end=\"1541\">El <strong data-start=\"1120\" data-end=\"1135\">Tour del 87<\/strong>, adem\u00e1s, lo tengo clavado entre los primeros recuerdos n\u00edtidos de infancia ciclista.<\/p>\n<p data-start=\"1117\" data-end=\"1541\">Y sin dudarlo lo pongo entre las mejores carreras que jam\u00e1s hayamos visto.<\/p>\n<p data-start=\"1117\" data-end=\"1541\">Aquel pelot\u00f3n respiraba otra cosa.<\/p>\n<p data-start=\"1117\" data-end=\"1541\"><strong>La generaci\u00f3n ochentera \u2014sin Lemond, con Fignon sin filo\u2014 dejaba paso a un mano a mano de thriller entre Pedro Delgado y Stephen Roche<\/strong>, dos corredores dispuestos a ponerse al l\u00edmite d\u00eda s\u00ed y d\u00eda tambi\u00e9n.<\/p>\n<p data-start=\"1543\" data-end=\"2139\"><strong>La carrera fue un vaiv\u00e9n perpetuo, una novela por entregas.<\/strong><\/p>\n<p data-start=\"1543\" data-end=\"2139\">Desde la cronoescalada al Ventoux, con la tarde gloriosa de Jean-Fran\u00e7ois Bernard, el Tour se sumergi\u00f3 en una din\u00e1mica de sobresaltos que a\u00fan hoy cuesta ordenar. Villard-de-Lans, con aquel ataque en pleno avituallamiento.<\/p>\n<p data-start=\"1543\" data-end=\"2139\">Los Alpes, con Perico desatado entre Alpe d\u2019Huez y La Plagne, donde el irland\u00e9s acab\u00f3 como vemos en la foto.<\/p>\n<p data-start=\"1543\" data-end=\"2139\">Y Roche, siempre Roche, resistiendo m\u00e1s all\u00e1 de lo razonable, desmayado en la meta pero jam\u00e1s vencido.<\/p>\n<p data-start=\"1543\" data-end=\"2139\">Todo culminaba en Dijon, en aquella crono eterna que enterr\u00f3 las opciones de Perico y coron\u00f3 al irland\u00e9s por pura tenacidad, por pura fe en s\u00ed mismo.<\/p>\n<p data-start=\"2141\" data-end=\"2436\">Qu\u00e9 ciclista era Roche. Qu\u00e9 inteligencia fina, qu\u00e9 apariencia de seda sobre un instinto feroz.<\/p>\n<p data-start=\"2141\" data-end=\"2436\"><strong>Ven\u00eda de un Giro incendiado por su duelo con Visentini<\/strong> y terminar\u00eda el a\u00f1o vestido de arco\u00edris junto a Sean Kelly, como si el destino hubiera querido darle un brillo final a una temporada irrepetible.<\/p>\n<p data-start=\"2438\" data-end=\"2557\" data-is-last-node=\"\" data-is-only-node=\"\"><strong data-start=\"2438\" data-end=\"2482\">Victorias sufridas, victorias de verdad.<\/strong> As\u00ed era aquel 1987, as\u00ed era Stephen Roche.<\/p>\n<p data-start=\"2438\" data-end=\"2557\" data-is-last-node=\"\" data-is-only-node=\"\">Un a\u00f1o que todav\u00eda hoy palpita.<\/p>\n<p data-start=\"2438\" data-end=\"2557\" data-is-last-node=\"\" data-is-only-node=\"\"><strong><a href=\"https:\/\/terresdelebre.travel\/cycling\/es\/deportivo\" target=\"_blank\" rel=\"noopener nofollow\"><img loading=\"lazy\" decoding=\"async\" class=\"aligncenter\" src=\"data:image\/svg+xml,%3Csvg%20xmlns=\" http:=\"\" alt=\"\" width=\"1024\" height=\"400\" data-lazy-src=\"https:\/\/www.europesays.com\/es\/wp-content\/uploads\/2025\/10\/1024x400-cicloturisme-joanseguidor.jpg\"\/><\/a><\/strong><\/p>\n","protected":false},"excerpt":{"rendered":"Es curioso c\u00f3mo, durante a\u00f1os, nos quedamos enganchados a 1998, a Pantani, al \u00faltimo doblete Giro\u2013Tour, como si&hellip;\n","protected":false},"author":2,"featured_media":278466,"comment_status":"","ping_status":"","sticky":false,"template":"","format":"standard","meta":{"footnotes":""},"categories":[273],"tags":[313,312,168,25,24,2548,36623,23,167,67705,67706],"class_list":{"0":"post-278465","1":"post","2":"type-post","3":"status-publish","4":"format-standard","5":"has-post-thumbnail","7":"category-ciclismo","8":"tag-ciclismo","9":"tag-cycling","10":"tag-deportes","11":"tag-es","12":"tag-espana","13":"tag-featured","14":"tag-pedro-delgado","15":"tag-spain","16":"tag-sports","17":"tag-stephen-roche","18":"tag-tourfrancia-c"},"share_on_mastodon":{"url":"https:\/\/pubeurope.com\/@es\/115686546006517445","error":""},"_links":{"self":[{"href":"https:\/\/www.europesays.com\/es\/wp-json\/wp\/v2\/posts\/278465","targetHints":{"allow":["GET"]}}],"collection":[{"href":"https:\/\/www.europesays.com\/es\/wp-json\/wp\/v2\/posts"}],"about":[{"href":"https:\/\/www.europesays.com\/es\/wp-json\/wp\/v2\/types\/post"}],"author":[{"embeddable":true,"href":"https:\/\/www.europesays.com\/es\/wp-json\/wp\/v2\/users\/2"}],"replies":[{"embeddable":true,"href":"https:\/\/www.europesays.com\/es\/wp-json\/wp\/v2\/comments?post=278465"}],"version-history":[{"count":0,"href":"https:\/\/www.europesays.com\/es\/wp-json\/wp\/v2\/posts\/278465\/revisions"}],"wp:featuredmedia":[{"embeddable":true,"href":"https:\/\/www.europesays.com\/es\/wp-json\/wp\/v2\/media\/278466"}],"wp:attachment":[{"href":"https:\/\/www.europesays.com\/es\/wp-json\/wp\/v2\/media?parent=278465"}],"wp:term":[{"taxonomy":"category","embeddable":true,"href":"https:\/\/www.europesays.com\/es\/wp-json\/wp\/v2\/categories?post=278465"},{"taxonomy":"post_tag","embeddable":true,"href":"https:\/\/www.europesays.com\/es\/wp-json\/wp\/v2\/tags?post=278465"}],"curies":[{"name":"wp","href":"https:\/\/api.w.org\/{rel}","templated":true}]}}