{"id":278469,"date":"2025-12-08T23:31:11","date_gmt":"2025-12-08T23:31:11","guid":{"rendered":"https:\/\/www.europesays.com\/es\/278469\/"},"modified":"2025-12-08T23:31:11","modified_gmt":"2025-12-08T23:31:11","slug":"ruben-garcia-nunca-se-rinde","status":"publish","type":"post","link":"https:\/\/www.europesays.com\/es\/278469\/","title":{"rendered":"Rub\u00e9n Garc\u00eda nunca se rinde"},"content":{"rendered":"<p data-mrf-recirculation=\"Links P\u00e1rrafos\" class=\"ue-c-article__paragraph paragraph ue-c-article--first-letter-highlighted\"><strong>Osasuna<\/strong>, seg\u00fan cantan sus aficionados, <strong>nunca se rinde<\/strong>. Y <strong>Rub\u00e9n Garc\u00eda<\/strong>, tampoco. El rojillo, que pasa por un delicado momento personal, se sobrepuso a todo y fue <strong>decisivo ante el Levante<\/strong>. Primero dio una <strong>asistencia<\/strong> y despu\u00e9s marc\u00f3 <strong>un gol<\/strong>. Ganaron los navarros en <strong>El Sadar<\/strong> y pusieron fin a una mala, y larga, racha de <strong>seis partidos consecutivos sin conseguir el triunfo<\/strong> en LaLiga, una dura traves\u00eda en la que s\u00f3lo hab\u00edan sumado dos puntos de 18. Ahora, salen de la crisis y se alejan un poco del descenso. El triunfo rojillo se convierte en el <strong>drama granota<\/strong>. No funcion\u00f3 en el Levante el <strong>&#8216;efecto \u00c1lvaro del Moral&#8217;<\/strong>. El equipo suma una nueva derrota, la quinta seguida, y es <strong>colista<\/strong>.<\/p>\n<p>Gol de V\u00edctor Mu\u00f1oz (1-0) en el Osasuna 2-0 LevanteSportian<\/p>\n<p data-mrf-recirculation=\"Links P\u00e1rrafos\" class=\"ue-c-article__paragraph paragraph\"><strong>Encerr\u00f3 Osasuna<\/strong> al Levante en el inicio. Ni un minuto necesitaron los rojillos para generar peligro. Lo desbarat\u00f3 <strong>Matturro<\/strong> que tap\u00f3 el remate peligros\u00edsimo de <strong>Moncayola<\/strong>\u00a0en el interior del \u00e1rea. Sucedi\u00f3 apenas a los <strong>30 segundos<\/strong>. Fue toda una declaraci\u00f3n de intenciones. <strong>V\u00edctor Mu\u00f1oz<\/strong> lo intent\u00f3 despu\u00e9s con un disparo lejano. Empujaban los navarros, achicaba el Levante como pod\u00eda.<\/p>\n<p data-mrf-recirculation=\"Links P\u00e1rrafos\" class=\"ue-c-article__paragraph paragraph\"><strong>No sal\u00edan de su campo los granotas<\/strong>. Era s\u00f3lo cuesti\u00f3n de tiempo que llegara el primero de Osasuna. Y no se hizo esperar. En el <strong>minuto 13<\/strong>, un centro desde la banda derecha de <strong>Rub\u00e9n Garc\u00eda<\/strong>, que la puso tensa y bien dirigida al segundo palo, acab\u00f3 con un <strong>cabezazo de V\u00edctor Mu\u00f1oz<\/strong>, m\u00e1s listo que <strong>Toljan<\/strong>, en el fondo de la red. Lo merec\u00edan, desde luego, los rojillos.<\/p>\n<p><img decoding=\"async\" src=\"https:\/\/www.europesays.com\/es\/wp-content\/uploads\/2025\/12\/69375667d862b.png\" class=\"ue-c-article__image\" alt=\"\"\/>Sergio Herrera y un poco de fortuna<\/p>\n<p data-mrf-recirculation=\"Links P\u00e1rrafos\" class=\"ue-c-article__paragraph paragraph\">El <strong>Levante<\/strong> no se vino abajo con el tanto. <strong>Mejor\u00f3 sus prestaciones<\/strong>. <strong>Arriaga<\/strong> mov\u00eda al equipo desde la <strong>medular<\/strong>, incluso se anim\u00f3 con un golpeo que oblig\u00f3 a <strong>Sergio\u00a0Herrera<\/strong> a emplearse a fondo. Lo mismo sucedi\u00f3 despu\u00e9s, ya al filo de la media hora, con un remate de <strong>Romero<\/strong> al que respondi\u00f3 el meta con otro parad\u00f3n. Pas\u00f3 el susto <strong>Osasuna<\/strong> y volvi\u00f3 a acertar. Tuvo <strong>suerte,<\/strong> porque el disparo\u00a0desde la frontal de <strong>Rub\u00e9n Garc\u00eda<\/strong>\u00a0toc\u00f3 en <strong>Brugu\u00e9<\/strong> y se desvi\u00f3 ligeramente. <strong>2-0<\/strong> en el minuto <strong>36<\/strong>.<\/p>\n<p>Gol de Rub\u00e9n Garc\u00eda (2-0) en el Osasuna 2-0 LevanteSportian<\/p>\n<p data-mrf-recirculation=\"Links P\u00e1rrafos\" class=\"ue-c-article__paragraph paragraph\"><strong>Ryan<\/strong> sostuvo al Levante y le mantuvo en el partido con sus <strong>paradas<\/strong> en el segundo tiempo. Dos consecutivas de mucho m\u00e9rito a <strong>V\u00edctor Mu\u00f1oz<\/strong>, muy activo, y otra a\u00fan mejor a <strong>Budimir<\/strong>, al que le sac\u00f3 con el pie un remate que era gol. Los granotas tuvieron tambi\u00e9n la suya, pero a <strong>Brugu\u00e9<\/strong> se le hizo de noche en el \u00e1rea y no pudo conectar con un bal\u00f3n que apenas ten\u00eda que empujar. M\u00e1s clara fue despu\u00e9s, ya en el <strong>minuto 72<\/strong>, la de <strong>Iker Losada<\/strong> tras una buena salida a la contra. Pero apareci\u00f3 <strong>Boyomo<\/strong> para sacar el remate justo antes de que se colara en la porter\u00eda. Los de Lisci jugaron con el reloj hasta el final. <strong>Rub\u00e9n Garc\u00eda<\/strong>, ya saben, nunca se rinde y los rojillos, tampoco. <strong>Resurge Osasuna.<\/strong><\/p>\n","protected":false},"excerpt":{"rendered":"Osasuna, seg\u00fan cantan sus aficionados, nunca se rinde. Y Rub\u00e9n Garc\u00eda, tampoco. El rojillo, que pasa por un&hellip;\n","protected":false},"author":2,"featured_media":278470,"comment_status":"","ping_status":"","sticky":false,"template":"","format":"standard","meta":{"footnotes":""},"categories":[268],"tags":[168,25,24,280,282,281,23,167],"class_list":{"0":"post-278469","1":"post","2":"type-post","3":"status-publish","4":"format-standard","5":"has-post-thumbnail","7":"category-futbol","8":"tag-deportes","9":"tag-es","10":"tag-espana","11":"tag-football","12":"tag-futbol","13":"tag-soccer","14":"tag-spain","15":"tag-sports"},"share_on_mastodon":{"url":"https:\/\/pubeurope.com\/@es\/115686558229319182","error":""},"_links":{"self":[{"href":"https:\/\/www.europesays.com\/es\/wp-json\/wp\/v2\/posts\/278469","targetHints":{"allow":["GET"]}}],"collection":[{"href":"https:\/\/www.europesays.com\/es\/wp-json\/wp\/v2\/posts"}],"about":[{"href":"https:\/\/www.europesays.com\/es\/wp-json\/wp\/v2\/types\/post"}],"author":[{"embeddable":true,"href":"https:\/\/www.europesays.com\/es\/wp-json\/wp\/v2\/users\/2"}],"replies":[{"embeddable":true,"href":"https:\/\/www.europesays.com\/es\/wp-json\/wp\/v2\/comments?post=278469"}],"version-history":[{"count":0,"href":"https:\/\/www.europesays.com\/es\/wp-json\/wp\/v2\/posts\/278469\/revisions"}],"wp:featuredmedia":[{"embeddable":true,"href":"https:\/\/www.europesays.com\/es\/wp-json\/wp\/v2\/media\/278470"}],"wp:attachment":[{"href":"https:\/\/www.europesays.com\/es\/wp-json\/wp\/v2\/media?parent=278469"}],"wp:term":[{"taxonomy":"category","embeddable":true,"href":"https:\/\/www.europesays.com\/es\/wp-json\/wp\/v2\/categories?post=278469"},{"taxonomy":"post_tag","embeddable":true,"href":"https:\/\/www.europesays.com\/es\/wp-json\/wp\/v2\/tags?post=278469"}],"curies":[{"name":"wp","href":"https:\/\/api.w.org\/{rel}","templated":true}]}}