{"id":27849,"date":"2025-08-05T19:26:07","date_gmt":"2025-08-05T19:26:07","guid":{"rendered":"https:\/\/www.europesays.com\/es\/27849\/"},"modified":"2025-08-05T19:26:07","modified_gmt":"2025-08-05T19:26:07","slug":"evenepoel-sabe-que-debe-mejorar-mucho-no-lo-siguiente-joanseguidor-com","status":"publish","type":"post","link":"https:\/\/www.europesays.com\/es\/27849\/","title":{"rendered":"Evenepoel sabe que debe mejorar mucho no, lo siguiente &#8211; joanseguidor.com"},"content":{"rendered":"<ol>\n<li><a href=\"https:\/\/news.google.com\/rss\/articles\/CBMidEFVX3lxTE9ZeXp1cVI1TW1tOHA2QU1JdUhfYXB4RkJOOVhpQzJhek9pUVU2NmFQYU95X2JhOWJoNlVqRFVjQjFIOXY5REt5UTVoZ1JSaFVXNWUwT1hjek1LLTNLNWJ2UHVPRmpEMEtfWThpcXZLR2tHTk0z?oc=5\" target=\"_blank\" rel=\"nofollow noopener\">Evenepoel sabe que debe mejorar mucho no, lo siguiente<\/a>&nbsp;&nbsp;joanseguidor.com<\/li>\n<li><a href=\"https:\/\/news.google.com\/rss\/articles\/CBMiowJBVV95cUxPbFk0SlBYTmhXNnNHbXUzM2VpUEtSbDllU19NZEJnRHBfVGwwZUdCMTBUX1IwcXlNYV81VF9pY2JwcHJIQXFQS0NxM0p0aDZEUjRJUDJiNzZES1JFbS02dEFLc0hYRF9GQnU3STFBOGNrejVLeVRORXlhSkpwdHBPYTJmX3R4N2VYalZUMlRhbTJCWXBvUmxGQVlsQ3EtZEkwNWtJclpPSlNBeVRRUWJ6NjNXY1pPN0wwZUVlZ1dRN2pGaDNHUUlUXzNWRlRzRjlHUnBQUTQwQWxBZGp4cG8tSGNGM29UUEtSYjl5OURiaUJDYUc2eDUtSzNHMExfbVZEaEZSWnZfcURKbHUwcGhReXlyZ1ROT0poYy05SURNSVBoNlE?oc=5\" target=\"_blank\" rel=\"nofollow noopener\">La enigm\u00e1tica cita de Evenepoel al volver a entrenar: \u00abSi supieras cu\u00e1nto tiempo hemos perdido&#8230;\u00bb<\/a>&nbsp;&nbsp;Eurosport<\/li>\n<li><a href=\"https:\/\/news.google.com\/rss\/articles\/CBMixgFBVV95cUxQeWtnT1NNSmxvaloyN0pyak1QTHlzX1ZpR0lYZ013NzZ4dUlxRzc2ZHVlUEEzMXZTQmdiTGhVNHNvZU1lZWoxMG5vTkR3d0gwY19ZMmR4bUFobWlyMFR0bGdpa1lXM3dDS3J6TXFjc0pGTDh5STVVcTR3cGJNSkNid19jQVpvcUFhdEFIVDBfMzdQYW9zREFjUWk0TDc5RUl5QlktTTVyTDVGSy1VZ2lPQVFLUzE3MHRGSHhiYUlEVHJtSHRjNVE?oc=5\" target=\"_blank\" rel=\"nofollow noopener\">\u00a1Remco Evenepoel est\u00e1 de vuelta con un espectacular entrenamiento de 105 kil\u00f3metros en B\u00e9lgica!<\/a>&nbsp;&nbsp;Ciclismoaldia.es<\/li>\n<li><a href=\"https:\/\/news.google.com\/rss\/articles\/CBMijwFBVV95cUxPazJNU0FuVE9ldUFUUFFpUlNTN0pwa2NPUnN1N0p6aUFDLVc4ZmltT1loUXR6aWc2VW1ndmNlNmpGNFI0bzJncGQ0V0hsZV9PMGRES1N0Q2trMHlMNlg2bnM5YnZJajA5Z1k3aFNCSFEyZzhUbDdKd29HcFBBUkpIaTY0a2Q2b1dnVjM1T19ubw?oc=5\" target=\"_blank\" rel=\"nofollow noopener\">Remco Evenepoel regresa: \u00abSi supieras cu\u00e1nto perdimos\u00bb<\/a>&nbsp;&nbsp;Ciclismo Internacional<\/li>\n<\/ol>\n","protected":false},"excerpt":{"rendered":"Evenepoel sabe que debe mejorar mucho no, lo siguiente&nbsp;&nbsp;joanseguidor.com La enigm\u00e1tica cita de Evenepoel al volver a entrenar:&hellip;\n","protected":false},"author":2,"featured_media":27850,"comment_status":"","ping_status":"","sticky":false,"template":"","format":"standard","meta":{"footnotes":""},"categories":[273],"tags":[313,312,168,25,24,2548,7618,23,167],"class_list":{"0":"post-27849","1":"post","2":"type-post","3":"status-publish","4":"format-standard","5":"has-post-thumbnail","7":"category-ciclismo","8":"tag-ciclismo","9":"tag-cycling","10":"tag-deportes","11":"tag-es","12":"tag-espana","13":"tag-featured","14":"tag-remco-evenepoel","15":"tag-spain","16":"tag-sports"},"share_on_mastodon":{"url":"","error":""},"_links":{"self":[{"href":"https:\/\/www.europesays.com\/es\/wp-json\/wp\/v2\/posts\/27849","targetHints":{"allow":["GET"]}}],"collection":[{"href":"https:\/\/www.europesays.com\/es\/wp-json\/wp\/v2\/posts"}],"about":[{"href":"https:\/\/www.europesays.com\/es\/wp-json\/wp\/v2\/types\/post"}],"author":[{"embeddable":true,"href":"https:\/\/www.europesays.com\/es\/wp-json\/wp\/v2\/users\/2"}],"replies":[{"embeddable":true,"href":"https:\/\/www.europesays.com\/es\/wp-json\/wp\/v2\/comments?post=27849"}],"version-history":[{"count":0,"href":"https:\/\/www.europesays.com\/es\/wp-json\/wp\/v2\/posts\/27849\/revisions"}],"wp:featuredmedia":[{"embeddable":true,"href":"https:\/\/www.europesays.com\/es\/wp-json\/wp\/v2\/media\/27850"}],"wp:attachment":[{"href":"https:\/\/www.europesays.com\/es\/wp-json\/wp\/v2\/media?parent=27849"}],"wp:term":[{"taxonomy":"category","embeddable":true,"href":"https:\/\/www.europesays.com\/es\/wp-json\/wp\/v2\/categories?post=27849"},{"taxonomy":"post_tag","embeddable":true,"href":"https:\/\/www.europesays.com\/es\/wp-json\/wp\/v2\/tags?post=27849"}],"curies":[{"name":"wp","href":"https:\/\/api.w.org\/{rel}","templated":true}]}}