{"id":278491,"date":"2025-12-08T23:45:15","date_gmt":"2025-12-08T23:45:15","guid":{"rendered":"https:\/\/www.europesays.com\/es\/278491\/"},"modified":"2025-12-08T23:45:15","modified_gmt":"2025-12-08T23:45:15","slug":"agencia-de-la-onu-denuncia-que-autoridades-israelies-decomisaron-activos-en-jerusalen","status":"publish","type":"post","link":"https:\/\/www.europesays.com\/es\/278491\/","title":{"rendered":"Agencia de la ONU denuncia que autoridades israel\u00edes decomisaron activos en Jerusal\u00e9n"},"content":{"rendered":"<p>    <img src=\"https:\/\/www.europesays.com\/es\/wp-content\/uploads\/2025\/12\/2025-12-08T153A173A37Z-90604195.jpg\" width=\"1024\" height=\"682\" alt=\"\" loading=\"eager\" decoding=\"sync\" fetchpriority=\"high\"\/><\/p>\n<p>            afp_tickers        <\/p>\n<p>        Este contenido fue publicado en    <\/p>\n<p>        08 diciembre 2025 &#8211; 22:00\n<\/p>\n<p>El director de la agencia de Naciones Unidas para los refugiados palestinos (UNRWA) denunci\u00f3 que las autoridades israel\u00edes decomisaron sus activos en las instalaciones de Jerusal\u00e9n Este el lunes, lo que Israel justific\u00f3 como un operativo para cobrar impuestos adeudados, pese a que la ONU est\u00e1 exenta de tributos.<\/p>\n<p>\u00abHoy temprano en la ma\u00f1ana, la polic\u00eda israel\u00ed acompa\u00f1ada por funcionarios municipales irrumpieron por la fuerza en el complejo de la UNRWA en Jerusal\u00e9n Este\u00bb, dijo Philippe Lazzarini en X.<\/p>\n<p>Con camiones y montacargas, las autoridades tomaron \u00abmuebles, equipos y otras propiedades\u00bb, y la bandera de la sede de Naciones Unidas fue reemplazada por una israel\u00ed, a\u00f1adi\u00f3 Lazzarini.<\/p>\n<p>El director fue declarado persona no grata por las autoridades israel\u00edes, que prohibieron a comienzos de a\u00f1o a su agencia operar en el pa\u00eds.<\/p>\n<p>La polic\u00eda indic\u00f3 a AFP en un comunicado que los decomisos fueron \u00abllevados a cabo por la municipalidad de Jerusal\u00e9n como parte de un procedimiento de cobro de deudas\u00bb.<\/p>\n<p>\u00abLa polic\u00eda estaba presente para garantizar la actividad de la municipalidad\u00bb, se\u00f1al\u00f3 el comunicado.<\/p>\n<p>El portavoz de la polic\u00eda de Jerusal\u00e9n, Dean Elsdunne, afirm\u00f3 que el cobro de la deuda est\u00e1 relacionada con la Arnona, un impuesto predial que cubre los servicios municipales.<\/p>\n<p>Pero Roland Friedrich, director de UNRWA para Cisjordania y el este de Jerusal\u00e9n, cuestion\u00f3 esa evaluaci\u00f3n.<\/p>\n<p>\u00abNo hay deuda porque Naciones Unidas, y la UNRWA hace parte de ella, no est\u00e1 obligada a ning\u00fan tipo de impuesto, seg\u00fan la ley internacional y la ley que Israel mismo adopt\u00f3\u00bb, dijo.<\/p>\n<p>Seg\u00fan la convenci\u00f3n de 1946, la ONU y sus activos no pueden ser objeto de impuestos en los pa\u00edses anfitriones.<\/p>\n<p>La sede de la UNRWA en Jerusal\u00e9n Este, en la zona anexada por Israel, estaba vac\u00eda de personal desde enero, cuando la ley que prohib\u00eda sus operaciones entr\u00f3 en vigor, tras una larga batalla de meses en torno a sus actividades en la Franja de Gaza.<\/p>\n<p>Israel acus\u00f3 a la UNRWA de proteger a milicianos de Ham\u00e1s, y la legislaci\u00f3n tambi\u00e9n prohibi\u00f3 los contactos entre la agencia y funcionarios israel\u00edes.<\/p>\n<p>Aunque la ley se aplica en Jerusal\u00e9n Este por haber sido anexado por Israel, la agencia todav\u00eda opera en Cisjordania y Gaza.<\/p>\n<p>\u00abCualquiera que sea la medida tomada a nivel nacional, el complejo conserva su estatuto de instalaci\u00f3n de Naciones Unidas, inmune a cualquier forma de interferencia\u00bb, puntualiz\u00f3 Lazzarini.<\/p>\n<p>El secretario general de la ONU, Antonio Guterres, emiti\u00f3 una declaraci\u00f3n para condenar la entrada sin autorizaci\u00f3n de las autoridades israel\u00edes a la sede.<\/p>\n<p>\u00abEste recinto contin\u00faa siendo propiedad de Naciones Unidas y es inviolable e inmune a cualquier forma de interferencia\u00bb, agreg\u00f3 en un mensaje en el que inst\u00f3 a Israel a \u00abtomar inmediatamente todas las acciones necesarias para restaurar, preservar y mantener la inviolabilidad de las instalaciones de la UNRWA\u00bb.<\/p>\n<p>lba-crb\/raz\/smw\/eg\/mb-an\/hgs<\/p>\n","protected":false},"excerpt":{"rendered":"afp_tickers Este contenido fue publicado en 08 diciembre 2025 &#8211; 22:00 El director de la agencia de Naciones&hellip;\n","protected":false},"author":2,"featured_media":278492,"comment_status":"","ping_status":"","sticky":false,"template":"","format":"standard","meta":{"footnotes":""},"categories":[5],"tags":[635,17,18,636,25,24,13,14,11,19,20,9,10,15,16,23,90,12,21,22],"class_list":{"0":"post-278491","1":"post","2":"type-post","3":"status-publish","4":"format-standard","5":"has-post-thumbnail","7":"category-titulares","8":"tag-armed-conflict","9":"tag-breaking-news","10":"tag-breakingnews","11":"tag-conflict","12":"tag-es","13":"tag-espana","14":"tag-featured-news","15":"tag-featurednews","16":"tag-headlines","17":"tag-latest-news","18":"tag-latestnews","19":"tag-news","20":"tag-noticias","21":"tag-noticias-destacadas","22":"tag-noticiasdestacadas","23":"tag-spain","24":"tag-ticker","25":"tag-titulares","26":"tag-ultimas-noticias","27":"tag-ultimasnoticias"},"share_on_mastodon":{"url":"https:\/\/pubeurope.com\/@es\/115686613284368877","error":""},"_links":{"self":[{"href":"https:\/\/www.europesays.com\/es\/wp-json\/wp\/v2\/posts\/278491","targetHints":{"allow":["GET"]}}],"collection":[{"href":"https:\/\/www.europesays.com\/es\/wp-json\/wp\/v2\/posts"}],"about":[{"href":"https:\/\/www.europesays.com\/es\/wp-json\/wp\/v2\/types\/post"}],"author":[{"embeddable":true,"href":"https:\/\/www.europesays.com\/es\/wp-json\/wp\/v2\/users\/2"}],"replies":[{"embeddable":true,"href":"https:\/\/www.europesays.com\/es\/wp-json\/wp\/v2\/comments?post=278491"}],"version-history":[{"count":0,"href":"https:\/\/www.europesays.com\/es\/wp-json\/wp\/v2\/posts\/278491\/revisions"}],"wp:featuredmedia":[{"embeddable":true,"href":"https:\/\/www.europesays.com\/es\/wp-json\/wp\/v2\/media\/278492"}],"wp:attachment":[{"href":"https:\/\/www.europesays.com\/es\/wp-json\/wp\/v2\/media?parent=278491"}],"wp:term":[{"taxonomy":"category","embeddable":true,"href":"https:\/\/www.europesays.com\/es\/wp-json\/wp\/v2\/categories?post=278491"},{"taxonomy":"post_tag","embeddable":true,"href":"https:\/\/www.europesays.com\/es\/wp-json\/wp\/v2\/tags?post=278491"}],"curies":[{"name":"wp","href":"https:\/\/api.w.org\/{rel}","templated":true}]}}