{"id":278497,"date":"2025-12-08T23:54:16","date_gmt":"2025-12-08T23:54:16","guid":{"rendered":"https:\/\/www.europesays.com\/es\/278497\/"},"modified":"2025-12-08T23:54:16","modified_gmt":"2025-12-08T23:54:16","slug":"osasuna-toma-aire-a-lomos-de-aimar-y-ruben-2-0","status":"publish","type":"post","link":"https:\/\/www.europesays.com\/es\/278497\/","title":{"rendered":"Osasuna toma aire a lomos de Aimar y Rub\u00e9n (2-0)"},"content":{"rendered":"<p>                                    <img decoding=\"async\" src=\"https:\/\/www.europesays.com\/es\/wp-content\/uploads\/2025\/12\/b5a3d2a3-8299-421b-a32a-be4f582cbd41_source-aspect-ratio_default_0.jpeg\" alt=\"Sagrario Zabaleta Echarte\"\/><\/p>\n<p>                                            <a href=\"https:\/\/www.noticiasdenavarra.com\/autores\/sagrario-zabaleta-echarte.html\" class=\"signature\" rel=\"nofollow noopener\" target=\"_blank\">Sagrario Zabaleta Echarte<\/a><\/p>\n<p class=\"article-body__text \">\n        <strong>Punto y Seguimos, por Sagrario Zabaleta<\/strong>\n<\/p>\n<p class=\"article-body__text \">\n        Por fin Osasuna ha vuelto a ganar en casa: lo necesitaba el equipo, la afici\u00f3n y el entrenador. El p\u00fablico se marcha contento, y a diferencia de la primera parte en la que alg\u00fan silbido se ha escuchado, la segunda mitad ha transcurrido con tranquilidad, y con c\u00e1nticos en la grada -por la parte sur y sobre todo en los \u00faltimos momentos-. En la segunda parte, los dos porteros no han tenido mucho trabajo. Tres puntos m\u00e1s y a Barcelona! \ud83d\udcaa<\/p>\n","protected":false},"excerpt":{"rendered":"Sagrario Zabaleta Echarte Punto y Seguimos, por Sagrario Zabaleta Por fin Osasuna ha vuelto a ganar en casa:&hellip;\n","protected":false},"author":2,"featured_media":278498,"comment_status":"","ping_status":"","sticky":false,"template":"","format":"standard","meta":{"footnotes":""},"categories":[268],"tags":[168,2125,25,24,280,282,4712,3151,621,281,23,167],"class_list":{"0":"post-278497","1":"post","2":"type-post","3":"status-publish","4":"format-standard","5":"has-post-thumbnail","7":"category-futbol","8":"tag-deportes","9":"tag-directo","10":"tag-es","11":"tag-espana","12":"tag-football","13":"tag-futbol","14":"tag-inicio","15":"tag-levante","16":"tag-osasuna","17":"tag-soccer","18":"tag-spain","19":"tag-sports"},"share_on_mastodon":{"url":"https:\/\/pubeurope.com\/@es\/115686648682977994","error":""},"_links":{"self":[{"href":"https:\/\/www.europesays.com\/es\/wp-json\/wp\/v2\/posts\/278497","targetHints":{"allow":["GET"]}}],"collection":[{"href":"https:\/\/www.europesays.com\/es\/wp-json\/wp\/v2\/posts"}],"about":[{"href":"https:\/\/www.europesays.com\/es\/wp-json\/wp\/v2\/types\/post"}],"author":[{"embeddable":true,"href":"https:\/\/www.europesays.com\/es\/wp-json\/wp\/v2\/users\/2"}],"replies":[{"embeddable":true,"href":"https:\/\/www.europesays.com\/es\/wp-json\/wp\/v2\/comments?post=278497"}],"version-history":[{"count":0,"href":"https:\/\/www.europesays.com\/es\/wp-json\/wp\/v2\/posts\/278497\/revisions"}],"wp:featuredmedia":[{"embeddable":true,"href":"https:\/\/www.europesays.com\/es\/wp-json\/wp\/v2\/media\/278498"}],"wp:attachment":[{"href":"https:\/\/www.europesays.com\/es\/wp-json\/wp\/v2\/media?parent=278497"}],"wp:term":[{"taxonomy":"category","embeddable":true,"href":"https:\/\/www.europesays.com\/es\/wp-json\/wp\/v2\/categories?post=278497"},{"taxonomy":"post_tag","embeddable":true,"href":"https:\/\/www.europesays.com\/es\/wp-json\/wp\/v2\/tags?post=278497"}],"curies":[{"name":"wp","href":"https:\/\/api.w.org\/{rel}","templated":true}]}}