{"id":278499,"date":"2025-12-08T23:55:09","date_gmt":"2025-12-08T23:55:09","guid":{"rendered":"https:\/\/www.europesays.com\/es\/278499\/"},"modified":"2025-12-08T23:55:09","modified_gmt":"2025-12-08T23:55:09","slug":"la-despedida-de-manu-sorprende-a-los-invitados-de-pasapalabra-que-bueno-eres","status":"publish","type":"post","link":"https:\/\/www.europesays.com\/es\/278499\/","title":{"rendered":"La despedida de Manu sorprende a los invitados de &#8216;Pasapalabra&#8217;: \u00ab\u00a1Qu\u00e9 bueno eres!\u00bb"},"content":{"rendered":"<p class=\"c-paragraph\"><b><b>Manu volvi\u00f3 a conquistar a los invitados de<\/b><\/b>\u00a0<a href=\"https:\/\/www.20minutos.es\/tags\/instituciones-empresas\/pasapalabra.html\" title=\"Pasapalabra&#039;\" rel=\"nofollow noopener\" target=\"_blank\">Pasapalabra<\/a>\u00a0con su original despedida, logrando sus aplausos y sorprendi\u00e9ndoles, un programa m\u00e1s, y ya van 397.<\/p>\n<p class=\"c-paragraph\">Y es que las \u00faltimas palabras que le dedica el madrile\u00f1o a los famosos que le han acompa\u00f1ado a \u00e9l y a Rosa durante tres d\u00edas jugando con sus nombres\u00a0<b><b>son un cl\u00e1sico del programa de Antena 3<\/b><\/b>.<\/p>\n<p class=\"c-paragraph\">Este lunes disputaron su tercer y \u00faltimo programa\u00a0<b><b>Alain Hern\u00e1ndez,\u00a0<\/b><\/b><b><b>Lorena G\u00f3mez, Cristina Alc\u00e1zar y Jos\u00e9 Manuel Zapata<\/b><\/b>, para los que tuvo unas palabras el madrile\u00f1o.<\/p>\n<p class=\"c-paragraph\">\u00abQuer\u00eda despedirme de los invitados, tanto de las rubias como de las &#8216;lorenas&#8217; (por\u00a0Lorena G\u00f3mez). <b>Hab\u00e9is pegado un zapatazo sobre la mesa<\/b> (por\u00a0Jos\u00e9 Manuel Zapata)\u00bb, afirm\u00f3.<\/p>\n<p class=\"c-paragraph\">Y continu\u00f3 diciendo a los miembros de su equipo: \u00ab<b>Lo hab\u00e9is hecho genial, a la entrada y a la salida <\/b>(por\u00a0Alain Hern\u00e1ndez), as\u00ed que pod\u00e9is &#8216;alcazar&#8217; lo que quer\u00e1is\u00bb.<\/p>\n<p class=\"c-paragraph\">El concursante logr\u00f3 arrancar los aplausos de los invitados, del p\u00fablico y del presentador: \u00ab\u00a1Qu\u00e9 fuerte!\u00bb, exclamaron la cantante y la actriz. <b>\u00ab\u00a1Qu\u00e9 bueno!\u00bb, a\u00f1adi\u00f3 el int\u00e9rprete<\/b>.<\/p>\n","protected":false},"excerpt":{"rendered":"Manu volvi\u00f3 a conquistar a los invitados de\u00a0Pasapalabra\u00a0con su original despedida, logrando sus aplausos y sorprendi\u00e9ndoles, un programa&hellip;\n","protected":false},"author":2,"featured_media":278500,"comment_status":"","ping_status":"","sticky":false,"template":"","format":"standard","meta":{"footnotes":""},"categories":[174],"tags":[255,204,146,147,25,24,256,3551,4417,7565,6924,23],"class_list":{"0":"post-278499","1":"post","2":"type-post","3":"status-publish","4":"format-standard","5":"has-post-thumbnail","7":"category-famosos","8":"tag-celebrities","9":"tag-despedida","10":"tag-entertainment","11":"tag-entretenimiento","12":"tag-es","13":"tag-espana","14":"tag-famosos","15":"tag-invitados","16":"tag-los","17":"tag-manu","18":"tag-sorprende","19":"tag-spain"},"share_on_mastodon":{"url":"https:\/\/pubeurope.com\/@es\/115686652201356598","error":""},"_links":{"self":[{"href":"https:\/\/www.europesays.com\/es\/wp-json\/wp\/v2\/posts\/278499","targetHints":{"allow":["GET"]}}],"collection":[{"href":"https:\/\/www.europesays.com\/es\/wp-json\/wp\/v2\/posts"}],"about":[{"href":"https:\/\/www.europesays.com\/es\/wp-json\/wp\/v2\/types\/post"}],"author":[{"embeddable":true,"href":"https:\/\/www.europesays.com\/es\/wp-json\/wp\/v2\/users\/2"}],"replies":[{"embeddable":true,"href":"https:\/\/www.europesays.com\/es\/wp-json\/wp\/v2\/comments?post=278499"}],"version-history":[{"count":0,"href":"https:\/\/www.europesays.com\/es\/wp-json\/wp\/v2\/posts\/278499\/revisions"}],"wp:featuredmedia":[{"embeddable":true,"href":"https:\/\/www.europesays.com\/es\/wp-json\/wp\/v2\/media\/278500"}],"wp:attachment":[{"href":"https:\/\/www.europesays.com\/es\/wp-json\/wp\/v2\/media?parent=278499"}],"wp:term":[{"taxonomy":"category","embeddable":true,"href":"https:\/\/www.europesays.com\/es\/wp-json\/wp\/v2\/categories?post=278499"},{"taxonomy":"post_tag","embeddable":true,"href":"https:\/\/www.europesays.com\/es\/wp-json\/wp\/v2\/tags?post=278499"}],"curies":[{"name":"wp","href":"https:\/\/api.w.org\/{rel}","templated":true}]}}