{"id":278507,"date":"2025-12-09T00:03:11","date_gmt":"2025-12-09T00:03:11","guid":{"rendered":"https:\/\/www.europesays.com\/es\/278507\/"},"modified":"2025-12-09T00:03:11","modified_gmt":"2025-12-09T00:03:11","slug":"una-visita-inesperada-hace-que-rosalia-salga-corriendo-en-mitad-de-una-entrevista-y-se-desatan-los-comentarios","status":"publish","type":"post","link":"https:\/\/www.europesays.com\/es\/278507\/","title":{"rendered":"Una visita inesperada hace que Rosal\u00eda salga corriendo en mitad de una entrevista y se desatan los comentarios"},"content":{"rendered":"<p>Una interrupci\u00f3n inesperada. Un desafortunado visitante se ha colado en una entrevista a la cantante Rosal\u00eda. Durante la conversaci\u00f3n, para <a href=\"https:\/\/x.com\/showdavida\/status\/1997848521496481877\" target=\"_blank\" rel=\"nofollow\">el programa de televisi\u00f3n brasile\u00f1o Fant\u00e1stico Show da Vida,<\/a> y a los pies del Cristo Redentor de R\u00edo de Janeiro, una gran cucaracha se asom\u00f3 a los pies de la cantante, que no dudo ni un segundo en salir corriendo. <b>Est\u00e1 claro que no se lleva bien con los insectos.<\/b><\/p>\n<p>En un clip que ha circulado en redes sociales, se puede ver como la catalana habla tranquilamente con una periodista. En mitad de la conversaci\u00f3n, un insecto quita protagonismo a la catalana, que <b>sale corriendo, sin pensarlo, y visiblemente afectada,<\/b> <b>comienza a hacer se\u00f1ales de desesperaci\u00f3n:<\/b> \u00ab\u00a1No, no, no!\u00bb, emite. La presentadora, por su parte, empieza a re\u00edr sin parar.<\/p>\n<p>Muchos de los seguidores de la cantante se han pasado por las redes sociales para comentar y bromear el suceso. <b>\u00ab\u00bfNo ser\u00e1 un murci\u00e9lago? Si parece una vaca ese bicho\u00bb<\/b>, cuestiona una internauta. \u00abNunca voy a entender a la gente que ni se inmuta al ver una cucaracha. El d\u00eda que vea una volando me convierto en Usain Bolt\u00bb, bromea otra. \u00abRosal\u00eda somos todos los que les tenemos fobia a esos bichos&#8230;\u00bb.<\/p>\n<p>El lugar de la entrevista no es casualidad. La cantante <b>reserv\u00f3 los aleda\u00f1os del Cristo Redentor brasile\u00f1o para presentar su disco en ese pa\u00eds<\/b>. \u00abDeciros que me siento muy agradecida de que aqu\u00ed en Brasil siempre me hayan acogido con tanto cari\u00f1o. Muchas gracias y no coj\u00e1is fr\u00edo, por favor\u00bb, brome\u00f3 en sus declaraciones al p\u00fablico en la misma jornada que fue atacada por un insecto de grandes dimensiones.<\/p>\n<p>Adem\u00e1s, la catalana fue acompa\u00f1ada en todo momento por la cantante portuguesa Carminho, con la que comparte uno de los temas de su nuevo disco Lux. \u00abFue muy generosa conmigo. <a href=\"https:\/\/www.huffingtonpost.es\/life\/cultura\/carminho-sobre-colaboracion-rosalia-canciones-muchas-enamoramientos-colaboraciones-encuentros-asi.html\" title=\"Carminho, sobre su colaboraci\u00f3n con Rosal\u00eda: \" canciones=\"\" se=\"\" pueden=\"\" hacer=\"\" muchas=\"\" pero=\"\" enamoramientos=\"\" colaboraciones=\"\" y=\"\" encuentros=\"\" as=\"\" no=\"\" rel=\"nofollow noopener\" target=\"_blank\">Ella trajo un fado a mi vida, <\/a>y no hay lugar m\u00e1s especial en el que pod\u00edamos hacer esto\u00bb, agreg\u00f3 Rosal\u00eda.<\/p>\n","protected":false},"excerpt":{"rendered":"Una interrupci\u00f3n inesperada. Un desafortunado visitante se ha colado en una entrevista a la cantante Rosal\u00eda. Durante la&hellip;\n","protected":false},"author":2,"featured_media":278508,"comment_status":"","ping_status":"","sticky":false,"template":"","format":"standard","meta":{"footnotes":""},"categories":[91],"tags":[3216,146,147,25,24,18954,4147,23,807],"class_list":{"0":"post-278507","1":"post","2":"type-post","3":"status-publish","4":"format-standard","5":"has-post-thumbnail","7":"category-entretenimiento","8":"tag-brasil","9":"tag-entertainment","10":"tag-entretenimiento","11":"tag-es","12":"tag-espana","13":"tag-rio-de-janeiro","14":"tag-rosalia","15":"tag-spain","16":"tag-television"},"share_on_mastodon":{"url":"https:\/\/pubeurope.com\/@es\/115686684053998306","error":""},"_links":{"self":[{"href":"https:\/\/www.europesays.com\/es\/wp-json\/wp\/v2\/posts\/278507","targetHints":{"allow":["GET"]}}],"collection":[{"href":"https:\/\/www.europesays.com\/es\/wp-json\/wp\/v2\/posts"}],"about":[{"href":"https:\/\/www.europesays.com\/es\/wp-json\/wp\/v2\/types\/post"}],"author":[{"embeddable":true,"href":"https:\/\/www.europesays.com\/es\/wp-json\/wp\/v2\/users\/2"}],"replies":[{"embeddable":true,"href":"https:\/\/www.europesays.com\/es\/wp-json\/wp\/v2\/comments?post=278507"}],"version-history":[{"count":0,"href":"https:\/\/www.europesays.com\/es\/wp-json\/wp\/v2\/posts\/278507\/revisions"}],"wp:featuredmedia":[{"embeddable":true,"href":"https:\/\/www.europesays.com\/es\/wp-json\/wp\/v2\/media\/278508"}],"wp:attachment":[{"href":"https:\/\/www.europesays.com\/es\/wp-json\/wp\/v2\/media?parent=278507"}],"wp:term":[{"taxonomy":"category","embeddable":true,"href":"https:\/\/www.europesays.com\/es\/wp-json\/wp\/v2\/categories?post=278507"},{"taxonomy":"post_tag","embeddable":true,"href":"https:\/\/www.europesays.com\/es\/wp-json\/wp\/v2\/tags?post=278507"}],"curies":[{"name":"wp","href":"https:\/\/api.w.org\/{rel}","templated":true}]}}