{"id":278515,"date":"2025-12-09T00:07:13","date_gmt":"2025-12-09T00:07:13","guid":{"rendered":"https:\/\/www.europesays.com\/es\/278515\/"},"modified":"2025-12-09T00:07:13","modified_gmt":"2025-12-09T00:07:13","slug":"la-amenaza-de-los-directivos-de-vina-rock-a-las-bandas-del-boicot-quien-se-sume-que-se-olvide-de-tocar-aqui-en-su-puta-vida","status":"publish","type":"post","link":"https:\/\/www.europesays.com\/es\/278515\/","title":{"rendered":"La amenaza de los directivos de Vi\u00f1a Rock a las bandas del boicot: \u00abQuien se sume, que se olvide de tocar aqu\u00ed en su puta vida\u00bb"},"content":{"rendered":"<p>El Vi\u00f1a Rock afronta uno de los momentos m\u00e1s delicados de sus casi tres d\u00e9cadas de historia. A menos de cinco meses de abrir puertas,  &#8230; el festival que tradicionalmente inaugura la temporada sigue sin desvelar su cartel de 2026. La organizaci\u00f3n asegura que habr\u00e1 anuncio este martes, muy tarde para lo habitual en la industria \u2014antes de la pandemia, el avance llegaba siempre entre septiembre y octubre\u2014, lo que ha disparado las especulaciones sobre su capacidad para cerrar artistas.<\/p>\n<p class=\"v-p\">El retraso tiene un origen claro: el boicot de decenas de bandas tras conocerse los v\u00ednculos del festival con el fondo inversor estadounidense KKR, propietario del conglomerado Superstruct. Desde mayo, grupos hist\u00f3ricos del evento como Ferm\u00edn Muguruza, Boikot, Porretas, Reincidentes, Non Servium, Kaos Urbano, El \u00daltimo Ke Zierre, Ska-P, Sons of Aguirre o Los Chikos del Ma\u00edz anunciaron que no volver\u00edan a subirse a su escenario. El listado super\u00f3 el centenar en cuesti\u00f3n de semanas.<\/p>\n<p><a href=\"http:\/\/www.elcorreo.com\/culturas\/musica\/decenas-bandas-niegan-tocar-festivales-vina-rock-20250516181652-nt.html#vtm_modulosEngag=mod-rel:culturas:noticia:1:cmp:1-not\" class=\"v-a-link\" aria-label=\"Imagen\" rel=\"nofollow noopener\" target=\"_blank\"><\/p>\n<p><img decoding=\"async\" loading=\"lazy\" src=\"https:\/\/www.europesays.com\/es\/wp-content\/uploads\/2025\/12\/vinarock-kvLE--366x256@El Correo.jpg\" class=\"v-a-img\" width=\"258\" height=\"180\" alt=\"\" data-voc-vtm-id=\"in-text-traffic\"\/><\/p>\n<p><\/a><\/p>\n<p class=\"v-p\">El golpe m\u00e1s reciente lo ha dado Soziedad Alkoh\u00f3lika, uno de los nombres con m\u00e1s presencias en la historia del Vi\u00f1a. Su cantante, Juan Ace\u00f1a, confirma que tambi\u00e9n han rechazado volver: \u00abNos contactaron para este a\u00f1o y les dijimos que no vamos a tocar en ning\u00fan festival que mantenga v\u00ednculos, de cualquier tipo, con KKR\u00bb, afirma.<\/p>\n<p>\u00abMis bandas no quieren ir\u00bb<\/p>\n<p class=\"v-p\">La presi\u00f3n alcanza tambi\u00e9n a las agencias. Desde Propaganda Pel Fet \u2014con artistas como Lia Kali, Tribade o Las Ninyas del Corro\u2014, su representante Litus Tenesa admite que han recibido llamadas, pero que la respuesta ha sido un\u00e1nime: \u00abSi no cambian las cosas, no llevar\u00e9 grupos. Todos pasan del Vi\u00f1a Rock\u00bb. Otras empresas del sector reconocen la misma situaci\u00f3n: negativas rotundas de sus artistas y ninguna voluntad de asociarse al festival.<\/p>\n<p class=\"v-p\">Una agencia que lleva m\u00e1s de una d\u00e9cada trabajando con el Vi\u00f1a resume la escena: \u00abCuando estall\u00f3 la pol\u00e9mica, todas mis bandas dijeron que no. Unas de forma tajante y otras porque temen que su presencia all\u00ed les pueda estallar en la cara\u00bb.<\/p>\n<p class=\"v-p\">La tensi\u00f3n entre organizaci\u00f3n y profesionales ha llegado a extremos poco habituales. Varias fuentes del sector aseguran haber escuchado amenazas directas por parte de responsables del festival: \u00abNos acordaremos de todos los que no quieran tocar ahora\u00bb o \u00abel que se sume al boicot, que se olvide de tocar en el Vi\u00f1a en su puta vida\u00bb. Esta presi\u00f3n explica que muchas agencias prefieran no revelar su nombre. Tal y como recogi\u00f3 elDiario.es, muchas agencias ya han comunicado a la organizaci\u00f3n que no ofrecer\u00e1n propuestas mientras persista la relaci\u00f3n con KKR.<\/p>\n<p class=\"v-p\">Con este escenario, el festival ha tenido que buscar alternativas para recomponer el cartel. El rap y el metal parecen los g\u00e9neros con menos bajas, seg\u00fan coinciden varias fuentes consultadas, mientras que la programaci\u00f3n de punk y rock contestatario \u2014la esencia hist\u00f3rica del Vi\u00f1a\u2014 es la m\u00e1s dif\u00edcil de completar.<\/p>\n<p>Malestar del p\u00fablico<\/p>\n<p class=\"v-p\">El silencio del festival tambi\u00e9n ha encendido al p\u00fablico. En sus redes, los comentarios han pasado de reclamar avances \u2014\u00abel a\u00f1o pasado ya hab\u00eda m\u00e1s de 20 artistas confirmados\u00bb\u2014 a poner en duda la continuidad del evento o exigir devoluciones de abonos comprados tras la edici\u00f3n de 2025. Otros ironizan con supuestos cabezas de cartel mientras esperan explicaciones.<\/p>\n<p class=\"v-p\">A la dificultad interna se suma un escenario externo m\u00e1s competitivo: Rocanrola y Extrem\u00fasika, dos festivales dirigidos a audiencias similares, han decidido celebrar sus ediciones de 2026 el mismo fin de semana que el Vi\u00f1a Rock. Ambos ya han anunciado carteles con artistas que figuran entre quienes se han distanciado del festival albacete\u00f1o.<\/p>\n<p>\u00abEl festival se hace al 100%\u00bb<\/p>\n<p class=\"v-p\">Pese al malestar generalizado, el responsable de comunicaci\u00f3n del Vi\u00f1a Rock, Andoni Loizaga, insiste en que la edici\u00f3n de 2026 est\u00e1 garantizada: \u00abEl festival se hace al cien por cien, que la gente est\u00e9 tranquila\u00bb. El primer adelanto del cartel llegar\u00e1 el 9 de diciembre y dos d\u00edas despu\u00e9s se pondr\u00e1n a la venta los abonos a 42,50 euros.<\/p>\n<p class=\"v-p\">La organizaci\u00f3n, adem\u00e1s, ha anunciado que duplicar\u00e1 las donaciones que los asistentes hagan a la causa palestina durante la compra de entradas, una medida que en redes ha sido interpretada por parte del p\u00fablico como un intento de lavar su imagen tras las cr\u00edticas.<\/p>\n","protected":false},"excerpt":{"rendered":"El Vi\u00f1a Rock afronta uno de los momentos m\u00e1s delicados de sus casi tres d\u00e9cadas de historia. A&hellip;\n","protected":false},"author":2,"featured_media":278516,"comment_status":"","ping_status":"","sticky":false,"template":"","format":"standard","meta":{"footnotes":""},"categories":[8],"tags":[39651,11188,35163,17,18,1564,25,24,13,14,11,25450,19,20,9,10,15,16,62609,17032,1273,67711,23,28465,12,13981,21,22,2606,67710],"class_list":{"0":"post-278515","1":"post","2":"type-post","3":"status-publish","4":"format-standard","5":"has-post-thumbnail","7":"category-espana","8":"tag-amenazan","9":"tag-bandas","10":"tag-boicot","11":"tag-breaking-news","12":"tag-breakingnews","13":"tag-directivos","14":"tag-es","15":"tag-espana","16":"tag-featured-news","17":"tag-featurednews","18":"tag-headlines","19":"tag-kkr","20":"tag-latest-news","21":"tag-latestnews","22":"tag-news","23":"tag-noticias","24":"tag-noticias-destacadas","25":"tag-noticiasdestacadas","26":"tag-olvide","27":"tag-puta","28":"tag-rock","29":"tag-secundan","30":"tag-spain","31":"tag-sume","32":"tag-titulares","33":"tag-tocar","34":"tag-ultimas-noticias","35":"tag-ultimasnoticias","36":"tag-vida","37":"tag-vina"},"share_on_mastodon":{"url":"https:\/\/pubeurope.com\/@es\/115686700014825644","error":""},"_links":{"self":[{"href":"https:\/\/www.europesays.com\/es\/wp-json\/wp\/v2\/posts\/278515","targetHints":{"allow":["GET"]}}],"collection":[{"href":"https:\/\/www.europesays.com\/es\/wp-json\/wp\/v2\/posts"}],"about":[{"href":"https:\/\/www.europesays.com\/es\/wp-json\/wp\/v2\/types\/post"}],"author":[{"embeddable":true,"href":"https:\/\/www.europesays.com\/es\/wp-json\/wp\/v2\/users\/2"}],"replies":[{"embeddable":true,"href":"https:\/\/www.europesays.com\/es\/wp-json\/wp\/v2\/comments?post=278515"}],"version-history":[{"count":0,"href":"https:\/\/www.europesays.com\/es\/wp-json\/wp\/v2\/posts\/278515\/revisions"}],"wp:featuredmedia":[{"embeddable":true,"href":"https:\/\/www.europesays.com\/es\/wp-json\/wp\/v2\/media\/278516"}],"wp:attachment":[{"href":"https:\/\/www.europesays.com\/es\/wp-json\/wp\/v2\/media?parent=278515"}],"wp:term":[{"taxonomy":"category","embeddable":true,"href":"https:\/\/www.europesays.com\/es\/wp-json\/wp\/v2\/categories?post=278515"},{"taxonomy":"post_tag","embeddable":true,"href":"https:\/\/www.europesays.com\/es\/wp-json\/wp\/v2\/tags?post=278515"}],"curies":[{"name":"wp","href":"https:\/\/api.w.org\/{rel}","templated":true}]}}