{"id":278521,"date":"2025-12-09T00:16:17","date_gmt":"2025-12-09T00:16:17","guid":{"rendered":"https:\/\/www.europesays.com\/es\/278521\/"},"modified":"2025-12-09T00:16:17","modified_gmt":"2025-12-09T00:16:17","slug":"el-coviran-corta-a-ivan-aurrecoechea","status":"publish","type":"post","link":"https:\/\/www.europesays.com\/es\/278521\/","title":{"rendered":"El Covir\u00e1n corta a Iv\u00e1n Aurrecoechea"},"content":{"rendered":"<p>Iv\u00e1n Aurrecoechea y el Covir\u00e1n Granada llegaron a un acuerdo para la rescisi\u00f3n del contrato que un\u00eda a ambas partes. De esta forma, el p\u00edvot,  &#8230; que firm\u00f3 por la entidad nazar\u00ed en junio de 2024, abandona la disciplina rojinegra tras haber disputado 27 partidos repartidos en una temporada y media. El club quiso agradecer a Aurrecoechea su trabajo a lo largo de este camino recorrido juntos y desearle la mayor de las suertes en su futuro personal y profesional.<\/p>\n<p class=\"v-p\">La salida de Aurrecoechea sigue a la de Micah Speight hace tres semanas. El p\u00edvot madrile\u00f1o de 30 a\u00f1os jug\u00f3 solamente cuatro partidos, con diez minutos en total, por los 204 entre 23 choques la temporada pasada. Ya tuvo escaso protagonismo con Pablo Pin y no cambi\u00f3 su rol con Ram\u00f3n D\u00edaz, pese a su condici\u00f3n de campe\u00f3n del mundo de 3&#215;3 con Espa\u00f1a en Mongolia el pasado mes de junio. El capit\u00e1n Pere Tom\u00e0s, Llu\u00eds Costa y Edu Dur\u00e1n permanecen como jugadores nacionales en el &#8216;roster&#8217;.<\/p>\n<p class=\"v-p\">La remodelaci\u00f3n de la plantilla del Covir\u00e1n Granada comenz\u00f3 con la vuelta de Llu\u00eds Costa procedente del Lenovo Tenerife al que se fue un a\u00f1o atr\u00e1s y sigui\u00f3 con la marcha del base estadounidense hasta la semana pasada. Las lesiones de larga duraci\u00f3n de Elias Valtonen y Jovan Kljajic con sus selecciones obligaron al club a reactivarse con urgencia en el mercado. El fin\u00e9s tendr\u00e1 que ser intervenido quir\u00fargicamente de una lesi\u00f3n en el hombro derecho, mientras que el escolta montenegrino padece una rotura muscular en el isquiotibial de su pierna izquierda.<\/p>\n<p class=\"v-p\">Para paliar sus bajas llegaron William Howard y Amida Brimah. Tanto el alero franc\u00e9s de 32 a\u00f1os como el p\u00edvot ghan\u00e9s de 31 debutaron durante la derrota contra Casademont Zaragoza del pasado domingo, sin margen a\u00fan como para ejercer de revulsivos en el Covir\u00e1n.<\/p>\n<p>Posible salida de Hankins<\/p>\n<p class=\"v-p\">Por otro lado, el periodista especializado Chema de Lucas avanz\u00f3 la negociaci\u00f3n de Zach Hankins con el Maccabi Tel Aviv. El p\u00edvot ya jug\u00f3 en Israel, en el Hapoel Jerusalem en concreto, entre 2022 y 2024. El estadounidense de 29 a\u00f1os lleva nueve partidos, con un promedio de 20 minutos por cada uno. Su mejor actuaci\u00f3n se sald\u00f3 con 17 de valoraci\u00f3n contra el Real Madrid en el Palacio el pasado 22 de noviembre al hacer 16 puntos.<\/p>\n","protected":false},"excerpt":{"rendered":"Iv\u00e1n Aurrecoechea y el Covir\u00e1n Granada llegaron a un acuerdo para la rescisi\u00f3n del contrato que un\u00eda a&hellip;\n","protected":false},"author":2,"featured_media":278522,"comment_status":"","ping_status":"","sticky":false,"template":"","format":"standard","meta":{"footnotes":""},"categories":[269],"tags":[67712,299,298,4708,3446,168,25,24,4358,23,167],"class_list":{"0":"post-278521","1":"post","2":"type-post","3":"status-publish","4":"format-standard","5":"has-post-thumbnail","7":"category-baloncesto","8":"tag-aurrecoechea","9":"tag-baloncesto","10":"tag-basketball","11":"tag-corta","12":"tag-coviran","13":"tag-deportes","14":"tag-es","15":"tag-espana","16":"tag-ivan","17":"tag-spain","18":"tag-sports"},"share_on_mastodon":{"url":"https:\/\/pubeurope.com\/@es\/115686735145153244","error":""},"_links":{"self":[{"href":"https:\/\/www.europesays.com\/es\/wp-json\/wp\/v2\/posts\/278521","targetHints":{"allow":["GET"]}}],"collection":[{"href":"https:\/\/www.europesays.com\/es\/wp-json\/wp\/v2\/posts"}],"about":[{"href":"https:\/\/www.europesays.com\/es\/wp-json\/wp\/v2\/types\/post"}],"author":[{"embeddable":true,"href":"https:\/\/www.europesays.com\/es\/wp-json\/wp\/v2\/users\/2"}],"replies":[{"embeddable":true,"href":"https:\/\/www.europesays.com\/es\/wp-json\/wp\/v2\/comments?post=278521"}],"version-history":[{"count":0,"href":"https:\/\/www.europesays.com\/es\/wp-json\/wp\/v2\/posts\/278521\/revisions"}],"wp:featuredmedia":[{"embeddable":true,"href":"https:\/\/www.europesays.com\/es\/wp-json\/wp\/v2\/media\/278522"}],"wp:attachment":[{"href":"https:\/\/www.europesays.com\/es\/wp-json\/wp\/v2\/media?parent=278521"}],"wp:term":[{"taxonomy":"category","embeddable":true,"href":"https:\/\/www.europesays.com\/es\/wp-json\/wp\/v2\/categories?post=278521"},{"taxonomy":"post_tag","embeddable":true,"href":"https:\/\/www.europesays.com\/es\/wp-json\/wp\/v2\/tags?post=278521"}],"curies":[{"name":"wp","href":"https:\/\/api.w.org\/{rel}","templated":true}]}}