{"id":278542,"date":"2025-12-09T00:31:27","date_gmt":"2025-12-09T00:31:27","guid":{"rendered":"https:\/\/www.europesays.com\/es\/278542\/"},"modified":"2025-12-09T00:31:27","modified_gmt":"2025-12-09T00:31:27","slug":"la-onu-alerta-de-la-apatia-mundial-al-presentar-su-campana-humanitaria-para-2026","status":"publish","type":"post","link":"https:\/\/www.europesays.com\/es\/278542\/","title":{"rendered":"La ONU alerta de la \u00abapat\u00eda\u00bb mundial al presentar su campa\u00f1a humanitaria para 2026"},"content":{"rendered":"<p>    <img src=\"https:\/\/www.europesays.com\/es\/wp-content\/uploads\/2025\/12\/2025-12-08T083A173A59Z-90600746.jpg\" width=\"1024\" height=\"682\" alt=\"\" loading=\"eager\" decoding=\"sync\" fetchpriority=\"high\"\/><\/p>\n<p>            afp_tickers        <\/p>\n<p>        Este contenido fue publicado en    <\/p>\n<p>        08 diciembre 2025 &#8211; 15:11\n<\/p>\n<p>La ONU critic\u00f3 el lunes la \u00abapat\u00eda\u00bb mundial ante el sufrimiento al presentar su campa\u00f1a humanitaria para 2026, que se ver\u00e1 limitada por los recortes en la ayuda exterior de muchos Estados.<\/p>\n<p>\u00abEstamos en un tiempo de brutalidad, impunidad e indiferencia\u00bb, declar\u00f3 a los periodistas Tom Fletcher, responsable humanitario de la ONU.<\/p>\n<p>El alto funcionario conden\u00f3 \u00abla ferocidad y la intensidad de los asesinatos, el completo desprecio por el derecho internacional, los horribles niveles de violencia sexual\u00bb que presenci\u00f3 sobre el terreno en 2025.<\/p>\n<p>Pese a ello, la ONU solo pudo recaudar este a\u00f1o 12.000 millones de d\u00f3lares de los 45.000 millones que solicit\u00f3, su nivel m\u00e1s bajo en una d\u00e9cada, indic\u00f3 el organismo.<\/p>\n<p>Esto permiti\u00f3 ayudar \u00fanicamente a 98 millones de personas, 25 millones menos que el a\u00f1o anterior.<\/p>\n<p>\u00abEs un tiempo en el que las normas retroceden, en el que la estructura de la coexistencia est\u00e1 bajo ataque sostenido, en el que nuestros instintos de supervivencia han sido adormecidos por la distracci\u00f3n y corro\u00eddos por la apat\u00eda\u00bb, denunci\u00f3 Fletcher.<\/p>\n<p>Para 2026, la ONU present\u00f3 un plan limitado para recaudar al menos 23.000 millones de d\u00f3lares y asistir a 87 millones de personas en los lugares m\u00e1s peligrosos del mundo, como la Franja de Gaza, Ucrania, Sud\u00e1n, Hait\u00ed y Birmania.<\/p>\n<p>La ONU aspira a recaudar 33.000 millones de d\u00f3lares para ayudar a 135 millones de personas en 2026, aunque es consciente de que alcanzar este objetivo ser\u00e1 dif\u00edcil debido a los recortes de la ayuda exterior del presidente estadounidense Donald Trump.<\/p>\n<p>Fletcher afirm\u00f3 que el objetivo de financiaci\u00f3n limitado implic\u00f3 tomar decisiones muy dif\u00edciles, y a\u00f1adi\u00f3 que espera que Washington reconozca las reformas emprendidas para mejorar la eficiencia y vuelva a \u00abrenovar ese compromiso\u00bb de asistencia.<\/p>\n<p>Naciones Unidas estima que 240 millones de personas en zonas de conflicto, afectadas por epidemias, o v\u00edctimas de desastres naturales y del cambio clim\u00e1tico, necesitan ayuda de emergencia.<\/p>\n<p>\u2013 EEUU, el principal donante \u2013<\/p>\n<p>Seg\u00fan datos de la ONU, Estados Unidos sigue siendo el principal donante de ayuda humanitaria del mundo, pero la cantidad donada cay\u00f3 dr\u00e1sticamente en 2025, situ\u00e1ndose en 2.700 millones de d\u00f3lares, frente a los 11.000 millones de 2024.<\/p>\n<p>Entre las prioridades para 2026 se encuentran Gaza y Cisjordania. La ONU solicita un total de 4.100 millones de d\u00f3lares para los territorios palestinos para brindar asistencia a tres millones de personas.<\/p>\n<p>Otro pa\u00eds con necesidades urgentes es Sud\u00e1n, donde la guerra civil ha desplazado a millones de personas. La ONU espera recaudar 2.900 millones de d\u00f3lares para ayudar a 20 millones de personas en el pa\u00eds.<\/p>\n<p>En Tawila, donde se hab\u00edan refugiado los habitantes de la ciudad sudanesa de El Fasher tras episodios de violencia \u00e9tnica, \u00a0Fletcher conoci\u00f3 a una joven madre que hab\u00eda visto c\u00f3mo asesinaban a su marido y a su hijo.<\/p>\n<p>Huy\u00f3 con el beb\u00e9 desnutrido de sus vecinos muertos por lo que \u00e9l llam\u00f3 \u00abla carretera m\u00e1s peligrosa del mundo\u00bb hasta Tawila.<\/p>\n<p>\u00ab\u00bfAcaso alguien, venga de donde venga, crea en lo que crea, vote como vote, no piensa que deber\u00edamos estar ah\u00ed para ella?\u00bb, se pregunt\u00f3.<\/p>\n<p>Si la ONU no logra recaudar lo suficiente, Fletcher prev\u00e9 ampliar la campa\u00f1a y apelar a la sociedad civil, al mundo empresarial y a la poblaci\u00f3n en general, que, en su opini\u00f3n, est\u00e1 saturada de desinformaci\u00f3n que sugiere err\u00f3neamente que sus impuestos se destinan \u00edntegramente al extranjero.<\/p>\n<p>\u00abEstamos pidiendo apenas un poco m\u00e1s del uno por ciento de lo que el mundo gasta actualmente en armas y defensa\u00bb, afirm\u00f3.<\/p>\n<p>\u00abNo estoy pidiendo a la gente que elija entre un hospital en Brooklyn y uno en Kandahar sino que le pido al mundo que gaste menos en defensa y m\u00e1s en ayuda humanitaria\u00bb, agreg\u00f3.<\/p>\n<p>abd\/sst\/pc\/dbh<\/p>\n","protected":false},"excerpt":{"rendered":"afp_tickers Este contenido fue publicado en 08 diciembre 2025 &#8211; 15:11 La ONU critic\u00f3 el lunes la \u00abapat\u00eda\u00bb&hellip;\n","protected":false},"author":2,"featured_media":278543,"comment_status":"","ping_status":"","sticky":false,"template":"","format":"standard","meta":{"footnotes":""},"categories":[5],"tags":[635,17,18,636,83,756,25,24,13,14,8861,15535,26324,11,86,19,20,9,10,15,16,88,39975,23,90,12,21,22,15537],"class_list":{"0":"post-278542","1":"post","2":"type-post","3":"status-publish","4":"format-standard","5":"has-post-thumbnail","7":"category-titulares","8":"tag-armed-conflict","9":"tag-breaking-news","10":"tag-breakingnews","11":"tag-conflict","12":"tag-diplomacy","13":"tag-environment","14":"tag-es","15":"tag-espana","16":"tag-featured-news","17":"tag-featurednews","18":"tag-foreign-aid","19":"tag-global-change","20":"tag-global-warming","21":"tag-headlines","22":"tag-international-relations","23":"tag-latest-news","24":"tag-latestnews","25":"tag-news","26":"tag-noticias","27":"tag-noticias-destacadas","28":"tag-noticiasdestacadas","29":"tag-politics","30":"tag-refugee","31":"tag-spain","32":"tag-ticker","33":"tag-titulares","34":"tag-ultimas-noticias","35":"tag-ultimasnoticias","36":"tag-weather"},"share_on_mastodon":{"url":"https:\/\/pubeurope.com\/@es\/115686794280156736","error":""},"_links":{"self":[{"href":"https:\/\/www.europesays.com\/es\/wp-json\/wp\/v2\/posts\/278542","targetHints":{"allow":["GET"]}}],"collection":[{"href":"https:\/\/www.europesays.com\/es\/wp-json\/wp\/v2\/posts"}],"about":[{"href":"https:\/\/www.europesays.com\/es\/wp-json\/wp\/v2\/types\/post"}],"author":[{"embeddable":true,"href":"https:\/\/www.europesays.com\/es\/wp-json\/wp\/v2\/users\/2"}],"replies":[{"embeddable":true,"href":"https:\/\/www.europesays.com\/es\/wp-json\/wp\/v2\/comments?post=278542"}],"version-history":[{"count":0,"href":"https:\/\/www.europesays.com\/es\/wp-json\/wp\/v2\/posts\/278542\/revisions"}],"wp:featuredmedia":[{"embeddable":true,"href":"https:\/\/www.europesays.com\/es\/wp-json\/wp\/v2\/media\/278543"}],"wp:attachment":[{"href":"https:\/\/www.europesays.com\/es\/wp-json\/wp\/v2\/media?parent=278542"}],"wp:term":[{"taxonomy":"category","embeddable":true,"href":"https:\/\/www.europesays.com\/es\/wp-json\/wp\/v2\/categories?post=278542"},{"taxonomy":"post_tag","embeddable":true,"href":"https:\/\/www.europesays.com\/es\/wp-json\/wp\/v2\/tags?post=278542"}],"curies":[{"name":"wp","href":"https:\/\/api.w.org\/{rel}","templated":true}]}}