{"id":278549,"date":"2025-12-09T00:41:08","date_gmt":"2025-12-09T00:41:08","guid":{"rendered":"https:\/\/www.europesays.com\/es\/278549\/"},"modified":"2025-12-09T00:41:08","modified_gmt":"2025-12-09T00:41:08","slug":"manu-desvela-en-pasapalabra-el-alimento-que-no-puede-comer","status":"publish","type":"post","link":"https:\/\/www.europesays.com\/es\/278549\/","title":{"rendered":"Manu desvela en &#8216;Pasapalabra&#8217; el alimento que no puede comer"},"content":{"rendered":"<p class=\"c-paragraph\"><b>Manu lleva m\u00e1s de un a\u00f1o concursando m\u00e1s de un a\u00f1o participando en <a href=\"https:\/\/www.20minutos.es\/tags\/instituciones-empresas\/pasapalabra.html\" title=\"Pasapalabra&#039;\" rel=\"nofollow noopener\" target=\"_blank\">Pasapalabra<\/a><\/b>, acumulando casi 400 apariciones en el programa de Antena 3 y casi 250.000 euros acumulados en este tiempo.<\/p>\n<p class=\"c-paragraph\">No obstante, pese a llevar tanto tiempo en Pasapalabra, tanto los espectadores como el presentador del exitoso formato de Atresmedia, <a href=\"https:\/\/www.20minutos.es\/tags\/personas\/roberto-leal.html\" title=\"Roberto Leal\" rel=\"nofollow noopener\" target=\"_blank\">Roberto Leal<\/a>, <b>siguen descubriendo cosas nuevas sobre el madrile\u00f1o<\/b>.<\/p>\n<p class=\"c-paragraph\">En esta ocasi\u00f3n, el presentador sevillano coment\u00f3 sobre el dinero que lleva ganado en el concurso y sobre el que se podr\u00eda llevar si ganara el bote (que est\u00e1 rozando los 2,5 millones de euros: <b>\u00ab\u00bfCu\u00e1ntas mariscadas te han pedido ya?\u00bb<\/b>.<\/p>\n<p class=\"c-paragraph\">\u00abPues unas cuantas, pero el problema es que <b>no puedo comer marisco<\/b>, ir\u00eda de espectador nada m\u00e1s\u00bb, le contest\u00f3 Manu. \u00ab\u00bfEres intolerante?\u00bb, quiso saber el conductor del programa de Antena 3. \u00abS\u00ed, soy al\u00e9rgico\u00bb, le confes\u00f3 Manu.\u00a0<\/p>\n<p class=\"c-paragraph\">\u00abPues eso es un l\u00edo, pero tambi\u00e9n la puedes pedir en un restaurante para nosotros y <b>t\u00fa te tomas cualquier otra cosa<\/b>, un filetito, por ejemplo\u00bb, apunt\u00f3 entre risas Leal.<\/p>\n","protected":false},"excerpt":{"rendered":"Manu lleva m\u00e1s de un a\u00f1o concursando m\u00e1s de un a\u00f1o participando en Pasapalabra, acumulando casi 400 apariciones&hellip;\n","protected":false},"author":2,"featured_media":278550,"comment_status":"","ping_status":"","sticky":false,"template":"","format":"standard","meta":{"footnotes":""},"categories":[174],"tags":[4919,255,4083,146,147,25,24,256,7565,4284,2074,23],"class_list":{"0":"post-278549","1":"post","2":"type-post","3":"status-publish","4":"format-standard","5":"has-post-thumbnail","7":"category-famosos","8":"tag-alimento","9":"tag-celebrities","10":"tag-desvela","11":"tag-entertainment","12":"tag-entretenimiento","13":"tag-es","14":"tag-espana","15":"tag-famosos","16":"tag-manu","17":"tag-pasapalabra","18":"tag-que","19":"tag-spain"},"share_on_mastodon":{"url":"https:\/\/pubeurope.com\/@es\/115686833080730787","error":""},"_links":{"self":[{"href":"https:\/\/www.europesays.com\/es\/wp-json\/wp\/v2\/posts\/278549","targetHints":{"allow":["GET"]}}],"collection":[{"href":"https:\/\/www.europesays.com\/es\/wp-json\/wp\/v2\/posts"}],"about":[{"href":"https:\/\/www.europesays.com\/es\/wp-json\/wp\/v2\/types\/post"}],"author":[{"embeddable":true,"href":"https:\/\/www.europesays.com\/es\/wp-json\/wp\/v2\/users\/2"}],"replies":[{"embeddable":true,"href":"https:\/\/www.europesays.com\/es\/wp-json\/wp\/v2\/comments?post=278549"}],"version-history":[{"count":0,"href":"https:\/\/www.europesays.com\/es\/wp-json\/wp\/v2\/posts\/278549\/revisions"}],"wp:featuredmedia":[{"embeddable":true,"href":"https:\/\/www.europesays.com\/es\/wp-json\/wp\/v2\/media\/278550"}],"wp:attachment":[{"href":"https:\/\/www.europesays.com\/es\/wp-json\/wp\/v2\/media?parent=278549"}],"wp:term":[{"taxonomy":"category","embeddable":true,"href":"https:\/\/www.europesays.com\/es\/wp-json\/wp\/v2\/categories?post=278549"},{"taxonomy":"post_tag","embeddable":true,"href":"https:\/\/www.europesays.com\/es\/wp-json\/wp\/v2\/tags?post=278549"}],"curies":[{"name":"wp","href":"https:\/\/api.w.org\/{rel}","templated":true}]}}