{"id":278551,"date":"2025-12-09T00:44:10","date_gmt":"2025-12-09T00:44:10","guid":{"rendered":"https:\/\/www.europesays.com\/es\/278551\/"},"modified":"2025-12-09T00:44:10","modified_gmt":"2025-12-09T00:44:10","slug":"ot-2025-vivio-su-ultima-expulsion-eligio-a-sus-5-finalistas-definitivos-y-emociono-a-chenoa-con-palabras-de-noemi-galera","status":"publish","type":"post","link":"https:\/\/www.europesays.com\/es\/278551\/","title":{"rendered":"&#8216;OT 2025&#8217; vivi\u00f3 su \u00faltima expulsi\u00f3n, eligi\u00f3 a sus 5 finalistas definitivos y emocion\u00f3 a Chenoa con palabras de Noem\u00ed Galera"},"content":{"rendered":"<p class=\"article-text\">\n        <strong>OT 2025 <\/strong>vivi\u00f3 su semifinal en <strong>Amazon Prime Video<\/strong> con la \u00faltima expulsi\u00f3n de la edici\u00f3n y la elecci\u00f3n del quinto finalista que se sum\u00f3 a <strong>Claudia Arenas, Cristina, Guille Toledano y Olivia <\/strong>&#8211; escogidos la <a href=\"https:\/\/www.eldiario.es\/vertele\/noticias\/ot-2025-culmino-expulsion-amigos-escogio-cuatro-primeros-finalistas_1_12812525.html\" target=\"_blank\" data-mrf-recirculation=\"links-noticia\" class=\"link\" rel=\"nofollow noopener\">semana anterior<\/a>-.\n    <\/p>\n<p>    <a href=\"https:\/\/www.eldiario.es\/vertele\/noticias\/ines-hernand-eta-terrorismo-ot-2025-matiza-palabras-parece-mentira-aclarar-violencia-video_1_12828369.html\" data-mrf-recirculation=\"saber-mas\" data-dl-event=\"saber-mas\" rel=\"nofollow noopener\" target=\"_blank\"><\/p>\n<p class=\"know-more__title\">In\u00e9s Hernand matiza sus palabras sobre ETA y el terrorismo en &#8216;OT 2025&#8217;: \u00abParece mentira tener que aclarar esto\u00bb<\/p>\n<p>            <img decoding=\"async\" class=\"lazy\" loading=\"lazy\" data-src=\"https:\/\/static.eldiario.es\/clip\/ff43bc73-c042-4d2b-9262-e0c493ccf82c_16-9-aspect-ratio_default_0.jpg\" src=\"data:image\/svg+xml,%3Csvg xmlns=\" http:=\"\" viewbox=\"0 0 880 495\" alt=\"In\u00e9s Hernand matiza sus palabras sobre ETA y el terrorismo en 'OT 2025': &quot;Parece mentira tener que aclarar esto&quot;\"\/><\/p>\n<p>                        <\/a><\/p>\n<p class=\"article-text\">\n        Esa decisi\u00f3n la tom\u00f3 el p\u00fablico, que se decant\u00f3 por ver en la final a<strong> Tinho<\/strong> (con un 60% de los votos) y dejar a las puertas a <strong>Guillo Risto<\/strong> (con un 40%). Por lo que este se convirti\u00f3 en el und\u00e9cimo expulsado del talent.\n    <\/p>\n<p class=\"article-text\">\n        Tras ello, Chenoa abri\u00f3 las votaciones para que la audiencia empezara a apoyar a su ganador o ganadora de la edici\u00f3n, que se conocer\u00e1 el<strong> pr\u00f3ximo lunes, 15 de diciembre<\/strong>. La presentadora lo hizo algo emocionada, tras escuchar a <strong>Noem\u00ed Galera<\/strong> -que conectaba por \u00faltima vez desde la Academia (ya que la semana que viene estar\u00e1n en plat\u00f3)- y le dedicaba unas palabras:\n    <\/p>\n<p class=\"article-text\">\n        <strong>\u201cChenoa eres la mejor presentadora que puede tener este formato.<\/strong> Por tu cari\u00f1o y palabras siempre acertadas a los chicos y chicas\u201d, dijo la directora.\n    <\/p>\n<p class=\"article-text\">\n        Todo ello en una noche que arranc\u00f3 al ritmo del &#8216;Todo ir\u00e1 bien&#8217; de la citada cantante, interpretado por\u00a0<strong>Claudia Arenas, Cristina, Crespo, Olivia, Guille Toledano, Tinho y la presentadora. <\/strong>\n    <\/p>\n<p>    <strong>El und\u00e9cimo expulsado, la \u00faltima favorita y el quinto finalista<\/strong><\/p>\n<p class=\"article-text\">\n        Tras las actuaciones de los seis concursantes, regres\u00f3 al escenario <strong>M\u00edriam Rodr\u00edguez<\/strong>\u00a0para desvelar a los tres concursantes m\u00e1s votados para ser favoritos: <strong>Cristina, Guille Toledano y Claudia<\/strong>. Y del tr\u00edo, la que<strong>\u00a0<\/strong>m\u00e1s apoyo obtuvo fue<strong> Cristina, que se convirti\u00f3 en la \u00faltima favorita de la edici\u00f3n. <\/strong>\n    <\/p>\n<p class=\"article-text\">\n        Lleg\u00f3 el turno de anunciar al und\u00e9cimo eliminado de la edici\u00f3n. \u201c<strong>Los espectadores de <\/strong><strong>Operaci\u00f3n Triunfo<\/strong><strong> han decidido con el 60% de los votos que el concursante que debe ser el quinto finalista de esta edici\u00f3n sea Tinho\u201d<\/strong>, sentenci\u00f3 Chenoa. Por lo que Guillo Rist se convirti\u00f3 en el und\u00e9cimo expulsado y Tinho se sum\u00f3 a la lista de finalistas.\n    <\/p>\n<p>    <strong>As\u00ed fueron las actuaciones de la gala 12 de &#8216;OT 2025&#8217;<\/strong><\/p>\n<p class=\"article-text\">\n        <strong>Guillo Rist:<\/strong>\u00a0David Guetta &#8211;\u00a0Say My Name\n    <\/p>\n<p class=\"article-text\">\n        <strong>Tinho<\/strong>: Samura\u00ef &#8211;\u00a0Palabra prohibida\n    <\/p>\n<p class=\"article-text\">\n        <strong>Olivia<\/strong>: Amaia &#8211;\u00a0Tengo un pensamiento\n    <\/p>\n<p class=\"article-text\">\n        <strong>Cristina<\/strong>: Jessie J &#8211;\u00a0Mamma Knows Best\n    <\/p>\n<p class=\"article-text\">\n        <strong>Claudia<\/strong>: Tini &#8211;\u00a0El cielo\n    <\/p>\n<p class=\"article-text\">\n        <strong>Guille Toledano:\u00a0<\/strong>Luis Miguel &#8211;\u00a0Tengo todo excepto a ti\n    <\/p>\n<p class=\"article-text\">\n        <strong>Cristina y Guille Toledano:\u00a0<\/strong>Aitana y Sangiovanni &#8211;\u00a0Mariposas\n    <\/p>\n<p>    <a href=\"https:\/\/www.eldiario.es\/vertele\/noticias\/drag-race-final-satin-greco-laca-udilla-corono-ganadora-caida-anticipada-gran-rival-woman-atresplayer-videos_1_12828547.html\" data-mrf-recirculation=\"saber-mas-abajo\" data-dl-event=\"saber-mas-abajo\" rel=\"nofollow noopener\" target=\"_blank\"><\/p>\n<p class=\"know-more__title\">&#8216;Drag Race&#8217; coron\u00f3 a Sat\u00edn Greco como ganadora tras la ca\u00edda anticipada de su gran rival en la final: \u201c\u00a1Como una woman!\u201d<\/p>\n<p>            <img decoding=\"async\" class=\"lazy\" loading=\"lazy\" data-src=\"https:\/\/static.eldiario.es\/clip\/ade30e50-8ece-43bb-bb5f-9bb0ff2e9bdf_16-9-aspect-ratio_default_0.jpg\" src=\"data:image\/svg+xml,%3Csvg xmlns=\" http:=\"\" viewbox=\"0 0 880 495\" alt=\"'Drag Race' coron\u00f3 a Sat\u00edn Greco como ganadora tras la ca\u00edda anticipada de su gran rival en la final: &quot;\u00a1Como una woman!&quot;\"\/><\/p>\n<p>                        <\/a><\/p>\n<p class=\"article-text\">\n        <strong>Olivia y Claudia Arenas:\u00a0<\/strong>Baccara &#8211;\u00a0Yes sir, I can boogie\n    <\/p>\n","protected":false},"excerpt":{"rendered":"OT 2025 vivi\u00f3 su semifinal en Amazon Prime Video con la \u00faltima expulsi\u00f3n de la edici\u00f3n y la&hellip;\n","protected":false},"author":2,"featured_media":278552,"comment_status":"","ping_status":"","sticky":false,"template":"","format":"standard","meta":{"footnotes":""},"categories":[171],"tags":[45,1153,17945,67714,67713,64746,146,147,25,24,3193,2880,33686,10867,221,1298,23,214,1885,19678],"class_list":{"0":"post-278551","1":"post","2":"type-post","3":"status-publish","4":"format-standard","5":"has-post-thumbnail","7":"category-tv","8":"tag-45","9":"tag-1153","10":"tag-chenoa","11":"tag-definitivos","12":"tag-eligio","13":"tag-emociono","14":"tag-entertainment","15":"tag-entretenimiento","16":"tag-es","17":"tag-espana","18":"tag-expulsion","19":"tag-finalistas","20":"tag-galera","21":"tag-noemi","22":"tag-ot","23":"tag-palabras","24":"tag-spain","25":"tag-tv","26":"tag-ultima","27":"tag-vivio"},"share_on_mastodon":{"url":"https:\/\/pubeurope.com\/@es\/115686844878244322","error":""},"_links":{"self":[{"href":"https:\/\/www.europesays.com\/es\/wp-json\/wp\/v2\/posts\/278551","targetHints":{"allow":["GET"]}}],"collection":[{"href":"https:\/\/www.europesays.com\/es\/wp-json\/wp\/v2\/posts"}],"about":[{"href":"https:\/\/www.europesays.com\/es\/wp-json\/wp\/v2\/types\/post"}],"author":[{"embeddable":true,"href":"https:\/\/www.europesays.com\/es\/wp-json\/wp\/v2\/users\/2"}],"replies":[{"embeddable":true,"href":"https:\/\/www.europesays.com\/es\/wp-json\/wp\/v2\/comments?post=278551"}],"version-history":[{"count":0,"href":"https:\/\/www.europesays.com\/es\/wp-json\/wp\/v2\/posts\/278551\/revisions"}],"wp:featuredmedia":[{"embeddable":true,"href":"https:\/\/www.europesays.com\/es\/wp-json\/wp\/v2\/media\/278552"}],"wp:attachment":[{"href":"https:\/\/www.europesays.com\/es\/wp-json\/wp\/v2\/media?parent=278551"}],"wp:term":[{"taxonomy":"category","embeddable":true,"href":"https:\/\/www.europesays.com\/es\/wp-json\/wp\/v2\/categories?post=278551"},{"taxonomy":"post_tag","embeddable":true,"href":"https:\/\/www.europesays.com\/es\/wp-json\/wp\/v2\/tags?post=278551"}],"curies":[{"name":"wp","href":"https:\/\/api.w.org\/{rel}","templated":true}]}}