{"id":278567,"date":"2025-12-09T00:53:19","date_gmt":"2025-12-09T00:53:19","guid":{"rendered":"https:\/\/www.europesays.com\/es\/278567\/"},"modified":"2025-12-09T00:53:19","modified_gmt":"2025-12-09T00:53:19","slug":"feijoo-no-va-a-soltar-el-caso-salazar-para-que-el-voto-femenino-tumbe-a-sanchez","status":"publish","type":"post","link":"https:\/\/www.europesays.com\/es\/278567\/","title":{"rendered":"Feij\u00f3o \u00abno va a soltar\u00bb el caso Salazar para que el voto femenino tumbe a S\u00e1nchez"},"content":{"rendered":"<p>                                    <img decoding=\"async\" loading=\"lazy\" src=\"https:\/\/www.europesays.com\/es\/wp-content\/uploads\/2025\/12\/667d8bd99a55f.jpeg\" alt=\"Marta G\u00f3mez Montero\" width=\"40\" height=\"40\" data-full-src=\"https:\/\/www.europesays.com\/es\/wp-content\/uploads\/2025\/12\/667d8bd99a55f.jpeg\"\/><\/p>\n<p class=\"paragraph\">\u00abEs un torpedo en la l\u00ednea de flotaci\u00f3n del sanchismo y no lo vamos a soltar\u00bb. Es la advertencia que sale de la direcci\u00f3n del partido que cree que<b> el caso Salazar puede ser la puntilla a los esc\u00e1ndalos sexuales y de corrupci\u00f3n que acechan a Pedro S\u00e1nchez<\/b> y que puede suponer un <b>golpe definitivo en el voto femenino que le llev\u00f3 a Moncloa<\/b>. Un esc\u00e1ndalo que los populares atribuyen tambi\u00e9n a vendettas, luchas internas y fuego amigo en el peor momento del sanchismo.<\/p>\n<p class=\"paragraph\">Para empezar, el PP va a citar en la comisi\u00f3n de investigaci\u00f3n del caso Koldo en el Senado a <b>Paco Salazar, al que han rebautizado como \u00abel quinto del Peugeot\u00bb, <\/b>para que explique \u00abpor qu\u00e9 S\u00e1nchez le protegi\u00f3\u00bb y no le dan ning\u00fan valor al cese de su n\u00famero dos, Antonio Hernando. \u00abS\u00e1nchez quiere silenciar el esc\u00e1ndalo sexual con ceses de tercera, pero las v\u00edctimas no merecen que se esconda\u00bb, advert\u00eda la portavoz en el Senado, Alicia Garc\u00eda.<\/p>\n<p>            <a href=\"#\" title=\"\"><\/p>\n<p>                    <img loading=\"lazy\" decoding=\"async\" data-index=\"\" width=\"140\" height=\"140\" alt=\"La portavoz del PP en el Senado, Alicia Garc\u00eda.\" data-full=\"[object Object]\" data-original=\"[object Object]\" src=\"https:\/\/imagenes.esdiario.com\/files\/related_image\/uploads\/2025\/11\/25\/6926110074525.jpeg\" data-full-src=\"https:\/\/www.europesays.com\/es\/wp-content\/uploads\/2025\/12\/6926110074525.jpeg\"\/><\/p>\n<p>            <\/a><\/p>\n<p class=\"paragraph\">\u00abLo grave para S\u00e1nchez es que llueve sobre mojado\u00bb, contin\u00faan los populares que recuerdan el bache en el apoyo de las mujeres que reflejaron los sondeos tras filtrarse las <b>vomitivas conversaciones entre \u00c1balos y Koldo sobre mujeres prostituidas<\/b>. Y, por si no hubiera sido suficiente, ahora estalla un caso que afecta al <b>coraz\u00f3n de la presidencia del Gobierno<\/b><\/p>\n<p class=\"paragraph\">\u00abNo es un caso aislado. S\u00e1nchez se rodea de hombres con un patr\u00f3n determinado de conducta\u00bb, destacan desde la direcci\u00f3n popular que creen que este \u00faltimo caso deja <b>herido de muerte el discurso feminista del presidente del Gobierno y del PSOE.<\/b> Los populares ven pr\u00e1cticamente irreversible que muchas mujeres puedan volver a confiar en el sanchismo, por mucho que ahora \u00abhagan el parip\u00e9 de culminar el expediente contra Salazar que, al final se va a ir de rositas\u00bb.<\/p>\n<p>La Fiscal\u00eda: la prueba del nueve contra Salazar<\/p>\n<p class=\"paragraph\">\u00abTodo lo que no sea llevar a Salazar a la Fiscal\u00eda, es encubrirle\u00bb. Este va a ser el gran argumento de los populares en su cruzada contra las denuncias de acoso sexual contra Paco Salazar. Qu\u00e9 ahora S\u00e1nchez alegue que el PSOE no lleva esas denuncias a la Fiscal\u00eda porque pondr\u00eda en el \u00abdisparadero\u00bb a unas mujeres que quieren conservar su anonimato, <b>contradice adem\u00e1s toda la doctrina socialista contra el acoso sexual<\/b>: hay que denunciar para que los acosadores no queden impunes.<\/p>\n<p>            <a href=\"#\" title=\"\"><\/p>\n<p>                    <img loading=\"lazy\" decoding=\"async\" data-index=\"\" width=\"140\" height=\"140\" alt=\"Antonio Hern\u00e1ndez, departamento de Coordinaci\u00f3n Pol\u00edtica del PSOE\" data-full=\"[object Object]\" data-original=\"[object Object]\" src=\"https:\/\/imagenes.esdiario.com\/files\/related_image\/uploads\/2025\/12\/08\/69369924041a7.jpeg\" data-full-src=\"https:\/\/www.europesays.com\/es\/wp-content\/uploads\/2025\/12\/69369924041a7.jpeg\"\/><\/p>\n<p>            <\/a><\/p>\n<p class=\"paragraph\">Y aqu\u00ed es donde surgen para los populares las grandes inc\u00f3gnitas de este esc\u00e1ndalo sexual: \u00bfQu\u00e9 teme Pedro S\u00e1nchez para no llevar a Paco Salazar ante la fiscal\u00eda?, se preguntan desde la direcci\u00f3n del PP. No hay que olvidar que Salazar era <b>un hombre de la m\u00e1s estricta confianza de S\u00e1nchez y de los pocos que ten\u00eda acceso directo a \u00e9l.<\/b> En este contexto, es m\u00e1s que elocuente <b>la comida que mantuvo la ministra Pilar Alegr\u00eda con Paco Salazar<\/b> a principios de noviembre cuando ya era p\u00fablico es esc\u00e1ndalo.<\/p>\n<p>            <a href=\"#\" title=\"\"><\/p>\n<p>                    <img loading=\"lazy\" decoding=\"async\" data-index=\"\" width=\"140\" height=\"140\" alt=\"La ministra de Educaci\u00f3n y portavoz del Gobierno, Pilar Alegr\u00eda\" data-full=\"[object Object]\" data-original=\"[object Object]\" src=\"https:\/\/imagenes.esdiario.com\/files\/related_image\/uploads\/2025\/12\/02\/692ee9fb50388.jpeg\" data-full-src=\"https:\/\/www.europesays.com\/es\/wp-content\/uploads\/2025\/12\/692ee9fb50388.jpeg\"\/><\/p>\n<p>            <\/a><\/p>\n<p class=\"paragraph\">Y la otra gran pregunta que se hacen los populares tambi\u00e9n va directa a la l\u00ednea de flotaci\u00f3n de este esc\u00e1ndalo: \u00bfqu\u00e9 lleva a unas trabajadoras de Moncloa a denunciar de manera valiente a Paco Salazar y unos meses despu\u00e9s no querer llevarle a la fiscal\u00eda? Para los populares, est\u00e1 es la inc\u00f3gnita para la que buscan respuesta porque <b>no parece una actitud muy \u00abcoherente\u00bb.<\/b> En el nuevo destino laboral al menos de una de ellas, se puede encontrar la explicaci\u00f3n.<\/p>\n<p>Los da\u00f1os colaterales del caso Salazar<\/p>\n<p class=\"paragraph\">La denuncia de acoso sexual contra Salazar, y a la espera de ver c\u00f3mo se zafa el sanchismo de llevarlo a la Fiscal\u00eda, est\u00e1 dejando <b>da\u00f1os con nombres y apellidos<\/b>, adem\u00e1s de la profunda herida que ha abierto entre el PSOE, las feministas y el voto de las mujeres.<\/p>\n<p class=\"paragraph\">Para empezar <b>dos ministras y candidatas a las pr\u00f3ximas elecciones en Arag\u00f3n y en Andaluc\u00eda, se ven afectadas de lleno<\/b>. Pilar Alegr\u00eda, no solo por defender en un primer momento a Salazar sino porque comi\u00f3 con \u00e9l a principios de noviembre cuando las denuncias de acoso ya eran p\u00fablicas.<\/p>\n<p class=\"paragraph\">El PP va a buscar tambi\u00e9n que l<b>a relaci\u00f3n de complicidad de Mar\u00eda Jes\u00fas Montero<\/b> con el asesor \u00e1ulico de S\u00e1nchez impacte en su candidatura a la Junta de Andaluc\u00eda y m\u00e1s cuando en su federaci\u00f3n se ha producido <b>otro caso de acoso<\/b>, esta vez protagonizado por el <b>secretario General de Torremolinos, Antonio Navarro.<\/b><\/p>\n<p>            <a href=\"#\" title=\"\"><\/p>\n<p>                    <img loading=\"lazy\" decoding=\"async\" data-index=\"\" width=\"140\" height=\"140\" alt=\"Antonio Navarro, concejal del PSOE en Torremolinos y diputado provincial en M\u00e1laga, y Paco Salazar\" data-full=\"[object Object]\" data-original=\"[object Object]\" src=\"https:\/\/imagenes.esdiario.com\/files\/related_image\/uploads\/2025\/12\/04\/693154aa08838.jpeg\" data-full-src=\"https:\/\/www.europesays.com\/es\/wp-content\/uploads\/2025\/12\/693154aa08838.jpeg\"\/><\/p>\n<p>            <\/a><\/p>\n<p class=\"paragraph\">La indignaci\u00f3n en el Partido Socialista se dirige tambi\u00e9n a <b>Rebeca Torr\u00f3, secretaria de Organizaci\u00f3n<\/b>, para qui\u00e9n no solo mujeres sino tambi\u00e9n afines al sanchismo, <b>reclaman su cabeza por la p\u00e9sima gesti\u00f3n de la crisis y su completa inacci\u00f3n<\/b>. La delegada del Gobierno en la Comunitat Valenciana, Pilar Bernab\u00e9, con m\u00e1ximo responsable de igualdad. Un esc\u00e1ndalo de vendettas internas, <b>fuego amigo en el que internamente se ve incluso el jaque mate definitivo de Pedro S\u00e1nchez.<\/b><\/p>\n","protected":false},"excerpt":{"rendered":"\u00abEs un torpedo en la l\u00ednea de flotaci\u00f3n del sanchismo y no lo vamos a soltar\u00bb. Es la&hellip;\n","protected":false},"author":2,"featured_media":278568,"comment_status":"","ping_status":"","sticky":false,"template":"","format":"standard","meta":{"footnotes":""},"categories":[8],"tags":[6069,17,18,25,24,13,14,11,19,20,9,10,15,16,956,6912,23,12,21,22],"class_list":{"0":"post-278567","1":"post","2":"type-post","3":"status-publish","4":"format-standard","5":"has-post-thumbnail","7":"category-espana","8":"tag-alberto-nunez-feijoo","9":"tag-breaking-news","10":"tag-breakingnews","11":"tag-es","12":"tag-espana","13":"tag-featured-news","14":"tag-featurednews","15":"tag-headlines","16":"tag-latest-news","17":"tag-latestnews","18":"tag-news","19":"tag-noticias","20":"tag-noticias-destacadas","21":"tag-noticiasdestacadas","22":"tag-pp","23":"tag-senado","24":"tag-spain","25":"tag-titulares","26":"tag-ultimas-noticias","27":"tag-ultimasnoticias"},"share_on_mastodon":{"url":"https:\/\/pubeurope.com\/@es\/115686881029005695","error":""},"_links":{"self":[{"href":"https:\/\/www.europesays.com\/es\/wp-json\/wp\/v2\/posts\/278567","targetHints":{"allow":["GET"]}}],"collection":[{"href":"https:\/\/www.europesays.com\/es\/wp-json\/wp\/v2\/posts"}],"about":[{"href":"https:\/\/www.europesays.com\/es\/wp-json\/wp\/v2\/types\/post"}],"author":[{"embeddable":true,"href":"https:\/\/www.europesays.com\/es\/wp-json\/wp\/v2\/users\/2"}],"replies":[{"embeddable":true,"href":"https:\/\/www.europesays.com\/es\/wp-json\/wp\/v2\/comments?post=278567"}],"version-history":[{"count":0,"href":"https:\/\/www.europesays.com\/es\/wp-json\/wp\/v2\/posts\/278567\/revisions"}],"wp:featuredmedia":[{"embeddable":true,"href":"https:\/\/www.europesays.com\/es\/wp-json\/wp\/v2\/media\/278568"}],"wp:attachment":[{"href":"https:\/\/www.europesays.com\/es\/wp-json\/wp\/v2\/media?parent=278567"}],"wp:term":[{"taxonomy":"category","embeddable":true,"href":"https:\/\/www.europesays.com\/es\/wp-json\/wp\/v2\/categories?post=278567"},{"taxonomy":"post_tag","embeddable":true,"href":"https:\/\/www.europesays.com\/es\/wp-json\/wp\/v2\/tags?post=278567"}],"curies":[{"name":"wp","href":"https:\/\/api.w.org\/{rel}","templated":true}]}}