{"id":278571,"date":"2025-12-09T00:58:08","date_gmt":"2025-12-09T00:58:08","guid":{"rendered":"https:\/\/www.europesays.com\/es\/278571\/"},"modified":"2025-12-09T00:58:08","modified_gmt":"2025-12-09T00:58:08","slug":"el-british-open-rompera-con-una-tradicion-de-92-anos","status":"publish","type":"post","link":"https:\/\/www.europesays.com\/es\/278571\/","title":{"rendered":"El British Open romper\u00e1 con una tradici\u00f3n de 92 a\u00f1os"},"content":{"rendered":"<p data-mrf-recirculation=\"Links P\u00e1rrafos\" class=\"ue-c-article__paragraph paragraph xai-icon-container ue-c-article--first-letter-highlighted\">La <strong>Royal &amp; Ancient<\/strong> ha confirmado hoy las fechas para el <strong>British Open masculino, el ISPS HANDA Senior Open y el AIG Women\u2019s Open de 2028<\/strong>, y no ser\u00e1n las habituales. Los torneos retrasar\u00e1n las fechas en las que se disputan habitualmente <strong>\u201cs\u00f3lo ese a\u00f1o\u201d<\/strong> \u2013explican en un comunicado- \u201cpara <strong>evitar que coincidan con las competiciones de golf de los Juegos Ol\u00edmpicos de 2028 en Los \u00c1ngeles<\/strong>, que se celebrar\u00e1n del 19 al 29 de julio\u201d.<\/p>\n<p>Las fechas, en concreto, ser\u00e1n:<\/p>\n<p data-mrf-recirculation=\"Links P\u00e1rrafos\" class=\"ue-c-article__paragraph paragraph xai-icon-container\"><strong>&#8211; British Open:<\/strong> del 30 de julio al 6 de agosto de 2028Open Senior ISPS\u00a0<\/p>\n<p data-mrf-recirculation=\"Links P\u00e1rrafos\" class=\"ue-c-article__paragraph paragraph xai-icon-container\"><strong>&#8211; Open Senior:<\/strong> del 7 al 13 de agosto de 2028<\/p>\n<p data-mrf-recirculation=\"Links P\u00e1rrafos\" class=\"ue-c-article__paragraph paragraph xai-icon-container\">&#8211;\u00a0<strong>AIG Women\u2019s Open:<\/strong> del 14 al 20 de agosto de 2028<\/p>\n<p data-mrf-recirculation=\"Links P\u00e1rrafos\" class=\"ue-c-article__paragraph paragraph xai-icon-container\">En el caso del British Open, se da la circunstancia de que <strong>ser\u00e1 la primera vez desde 1936 -en Hoylake- que el evento no se dispute en el mes de julio<\/strong>. Entonces se celebr\u00f3 del <strong>25 al 27 de junio<\/strong>. Por aquel entonces el premio para el ganador era de 100 libras y la tercera y \u00faltima ronda se jugaron el s\u00e1bado; el vencedor fue <strong>Alf Padgham.<\/strong><\/p>\n<p data-mrf-recirculation=\"Links P\u00e1rrafos\" class=\"ue-c-article__paragraph paragraph xai-icon-container\">El director ejecutivo de R&amp;A, Mark Darbon, ha aclarado: <strong>\u201cPuedo confirmar que el torneo volver\u00e1 a sus fechas habituales de mediados de julio en 2029\u201d<\/strong>. La edici\u00f3n de este a\u00f1o se jugar\u00e1 en Royal Birkdale del 16 al 19 de julio. Recordemos que el vigente campe\u00f3n es Scottie Scheffler.<\/p>\n","protected":false},"excerpt":{"rendered":"La Royal &amp; Ancient ha confirmado hoy las fechas para el British Open masculino, el ISPS HANDA Senior&hellip;\n","protected":false},"author":2,"featured_media":278572,"comment_status":"","ping_status":"","sticky":false,"template":"","format":"standard","meta":{"footnotes":""},"categories":[275],"tags":[168,25,24,329,23,167],"class_list":{"0":"post-278571","1":"post","2":"type-post","3":"status-publish","4":"format-standard","5":"has-post-thumbnail","7":"category-golf","8":"tag-deportes","9":"tag-es","10":"tag-espana","11":"tag-golf","12":"tag-spain","13":"tag-sports"},"share_on_mastodon":{"url":"https:\/\/pubeurope.com\/@es\/115686900134392591","error":""},"_links":{"self":[{"href":"https:\/\/www.europesays.com\/es\/wp-json\/wp\/v2\/posts\/278571","targetHints":{"allow":["GET"]}}],"collection":[{"href":"https:\/\/www.europesays.com\/es\/wp-json\/wp\/v2\/posts"}],"about":[{"href":"https:\/\/www.europesays.com\/es\/wp-json\/wp\/v2\/types\/post"}],"author":[{"embeddable":true,"href":"https:\/\/www.europesays.com\/es\/wp-json\/wp\/v2\/users\/2"}],"replies":[{"embeddable":true,"href":"https:\/\/www.europesays.com\/es\/wp-json\/wp\/v2\/comments?post=278571"}],"version-history":[{"count":0,"href":"https:\/\/www.europesays.com\/es\/wp-json\/wp\/v2\/posts\/278571\/revisions"}],"wp:featuredmedia":[{"embeddable":true,"href":"https:\/\/www.europesays.com\/es\/wp-json\/wp\/v2\/media\/278572"}],"wp:attachment":[{"href":"https:\/\/www.europesays.com\/es\/wp-json\/wp\/v2\/media?parent=278571"}],"wp:term":[{"taxonomy":"category","embeddable":true,"href":"https:\/\/www.europesays.com\/es\/wp-json\/wp\/v2\/categories?post=278571"},{"taxonomy":"post_tag","embeddable":true,"href":"https:\/\/www.europesays.com\/es\/wp-json\/wp\/v2\/tags?post=278571"}],"curies":[{"name":"wp","href":"https:\/\/api.w.org\/{rel}","templated":true}]}}