{"id":278576,"date":"2025-12-09T01:03:09","date_gmt":"2025-12-09T01:03:09","guid":{"rendered":"https:\/\/www.europesays.com\/es\/278576\/"},"modified":"2025-12-09T01:03:09","modified_gmt":"2025-12-09T01:03:09","slug":"la-ultima-perla-de-tiago-polo-para-darle-el-triunfo-al-cadete-del-betis","status":"publish","type":"post","link":"https:\/\/www.europesays.com\/es\/278576\/","title":{"rendered":"La \u00faltima perla de Tiago Polo para darle el triunfo al Cadete del Betis"},"content":{"rendered":"<p style=\"\">El prometedor canterano b\u00e9tico e internacional sub 15 con Espa\u00f1a <strong>Tiago Polo<\/strong>, a sus 14 a\u00f1os, sigue dejando perlas y muestras de su enorme calidad en cada partido que se calza las botas. Ya en edad Alev\u00edn, se present\u00f3 ante los ojeadores de toda  &#8230; Europa marc\u00e1ndole cinco goles al Rayo Vallecano en LaLiga Promises. Desde entonces, el <strong>joven valor del Betis<\/strong> no ha parado de crecer y fabricar golazos y jugadas de ensue\u00f1o.<\/p>\n<p class=\"voc-p\" style=\"\">La \u00faltima de ellas, este pasado fin de semana para darle el triunfo a su equipo, el <strong>Cadete A del Real Betis, en Marbella<\/strong>. Corr\u00eda el minuto 83, con el partido empatado y jugando fuera de casa, cuando Tiago Polo pidi\u00f3 el bal\u00f3n, control\u00f3 con su pie izquierdo, se deshizo del defensor del Marbella que le sali\u00f3 al paso y conect\u00f3 un derechazo que entr\u00f3 ajustado a la escuadra del guardameta local.<\/p>\n<p class=\"voc-p\" style=\"\">El talentoso &#8217;10&#8217; verdiblanco celebr\u00f3 por todo lo alto el 0-1 que coloca al Betis en la tercera posici\u00f3n de la clasificaci\u00f3n de la <strong>Divisi\u00f3n de Honor Andaluza<\/strong> en categor\u00eda Cadete con 20 puntos, los mismos que tiene el Almer\u00eda, a uno de la segunda plaza del M\u00e1laga CF (21) y a seis de distancia del liderato que ostenta el Sevilla (26).<\/p>\n<p class=\"voc-p\" style=\"\">Por <strong>edad<\/strong>, Tiago pertenece al Cadete B, pero su talento le lleva a competir de manera asidua con j\u00f3venes de un a\u00f1o m\u00e1s. El a\u00f1o pasado renovaba su contrato con los verdiblancos hasta el 2030. <strong>Miguel Calzado<\/strong>, director de la cantera verdiblanca, celebraba que el club evitaba \u00abla fuga de un enorme talento\u00bb.<\/p>\n","protected":false},"excerpt":{"rendered":"El prometedor canterano b\u00e9tico e internacional sub 15 con Espa\u00f1a Tiago Polo, a sus 14 a\u00f1os, sigue dejando&hellip;\n","protected":false},"author":2,"featured_media":278577,"comment_status":"","ping_status":"","sticky":false,"template":"","format":"standard","meta":{"footnotes":""},"categories":[268],"tags":[291,15593,31236,168,25,24,280,282,42148,5425,281,23,167,67715,2886,1885],"class_list":{"0":"post-278576","1":"post","2":"type-post","3":"status-publish","4":"format-standard","5":"has-post-thumbnail","7":"category-futbol","8":"tag-betis","9":"tag-cadete","10":"tag-darle","11":"tag-deportes","12":"tag-es","13":"tag-espana","14":"tag-football","15":"tag-futbol","16":"tag-perla","17":"tag-polo","18":"tag-soccer","19":"tag-spain","20":"tag-sports","21":"tag-tiago","22":"tag-triunfo","23":"tag-ultima"},"share_on_mastodon":{"url":"https:\/\/pubeurope.com\/@es\/115686919757084267","error":""},"_links":{"self":[{"href":"https:\/\/www.europesays.com\/es\/wp-json\/wp\/v2\/posts\/278576","targetHints":{"allow":["GET"]}}],"collection":[{"href":"https:\/\/www.europesays.com\/es\/wp-json\/wp\/v2\/posts"}],"about":[{"href":"https:\/\/www.europesays.com\/es\/wp-json\/wp\/v2\/types\/post"}],"author":[{"embeddable":true,"href":"https:\/\/www.europesays.com\/es\/wp-json\/wp\/v2\/users\/2"}],"replies":[{"embeddable":true,"href":"https:\/\/www.europesays.com\/es\/wp-json\/wp\/v2\/comments?post=278576"}],"version-history":[{"count":0,"href":"https:\/\/www.europesays.com\/es\/wp-json\/wp\/v2\/posts\/278576\/revisions"}],"wp:featuredmedia":[{"embeddable":true,"href":"https:\/\/www.europesays.com\/es\/wp-json\/wp\/v2\/media\/278577"}],"wp:attachment":[{"href":"https:\/\/www.europesays.com\/es\/wp-json\/wp\/v2\/media?parent=278576"}],"wp:term":[{"taxonomy":"category","embeddable":true,"href":"https:\/\/www.europesays.com\/es\/wp-json\/wp\/v2\/categories?post=278576"},{"taxonomy":"post_tag","embeddable":true,"href":"https:\/\/www.europesays.com\/es\/wp-json\/wp\/v2\/tags?post=278576"}],"curies":[{"name":"wp","href":"https:\/\/api.w.org\/{rel}","templated":true}]}}