{"id":278585,"date":"2025-12-09T01:11:15","date_gmt":"2025-12-09T01:11:15","guid":{"rendered":"https:\/\/www.europesays.com\/es\/278585\/"},"modified":"2025-12-09T01:11:15","modified_gmt":"2025-12-09T01:11:15","slug":"1-de-cada-4-brotes-se-dio-en-paises-donde-estaba-eliminado-y-observan-puntos-debiles-en-la-vacuna","status":"publish","type":"post","link":"https:\/\/www.europesays.com\/es\/278585\/","title":{"rendered":"1 de cada 4 brotes se dio en pa\u00edses donde estaba eliminado y observan &#8216;puntos d\u00e9biles&#8217; en la vacuna"},"content":{"rendered":"<p id=\"paragraph_1\">La batalla contra el <a href=\"https:\/\/www.elespanol.com\/ciencia\/salud\/20251112\/canada-deja-pais-libre-sarampion-anos-casos-vacunadosydosmuertes\/1003744008116_0.html?utm_cmp_rs=linksinline\" rel=\"nofollow noopener\" target=\"_blank\">sarampi\u00f3n<\/a> tiene dos caras. Una es la del \u00e9xito indiscutible de las vacunas: evitaron 58 millones de muertes en el \u00faltimo medio siglo.<\/p>\n<p class=\"paragraph\" id=\"paragraph_2\">La otra es que los avances de los \u00faltimos a\u00f1os han perdido fuelle y algunos pa\u00edses est\u00e1n desandando el camino andado desde entonces.<\/p>\n<p class=\"paragraph\" id=\"paragraph_3\">En el \u00faltimo lustro, los casos de sarampi\u00f3n han crecido un 8%, seg\u00fan un <a href=\"https:\/\/iris.who.int\/server\/api\/core\/bitstreams\/8c65dd54-ee98-4438-938c-e7114851f870\/content\" rel=\"nofollow noopener\" target=\"_blank\">informe reciente de la Organizaci\u00f3n Mundial de la Salud<\/a>.<\/p>\n<p class=\"paragraph\" id=\"paragraph_4\">De los 59 grandes brotes que hubo el a\u00f1o pasado, una cuarta parte ocurri\u00f3 en pa\u00edses donde la enfermedad se consideraba eliminada, es decir, hab\u00edan pasado m\u00e1s de 12 meses desde el \u00faltimo caso end\u00e9mico.<\/p>\n<p class=\"paragraph\" id=\"paragraph_5\">La buena noticia es que <strong>las muertes se han reducido un 11% entre 2019 y 2024<\/strong>. En este \u00faltimo a\u00f1o se registraron aproximadamente 95.000, uno de los niveles m\u00e1s bajos desde el a\u00f1o 2000, cuando eran unas 780.000 anuales.<\/p>\n<p class=\"paragraph\" id=\"paragraph_6\">Sin embargo, hay una cuenta pendiente: la vacuna es altamente eficaz, pero para proteger a una poblaci\u00f3n (es decir, que las personas que no la hayan recibido por la raz\u00f3n que sea no sean vulnerables) hace falta que la cobertura se sit\u00fae en torno al 95% como m\u00ednimo.<\/p>\n<p class=\"paragraph\" id=\"paragraph_7\">Globalmente, la cobertura de la primera dosis se sit\u00faa en el 84%, ligeramente por debajo de los niveles prepandemia.<\/p>\n<p class=\"paragraph\" id=\"paragraph_8\">Espa\u00f1a, en esto, es uno de los pa\u00edses mejor posicionados. La cobertura en primera dosis es del 96,65%, seg\u00fan los datos del Sistema de Informaci\u00f3n de Vacunaciones del Ministerio de Sanidad.<\/p>\n<p class=\"paragraph\" id=\"paragraph_9\">Hasta ah\u00ed, todo bien. Sin embargo, <strong>en la segunda dosis, aunque la cobertura sigue siendo alta, no alcanza el nivel deseado: 91,75%<\/strong>.<\/p>\n<p class=\"paragraph\" id=\"paragraph_10\">La cifra, sin embargo, no refleja con fidelidad la variabilidad que hay en el pa\u00eds, donde seis comunidades y una ciudad aut\u00f3noma (Baleares, Canarias, Cantabria, Comunidad Valenciana, Madrid, Pa\u00eds Vasco y Ceuta) no alcanzan el 90%.<\/p>\n<p><img loading=\"lazy\" decoding=\"async\" alt=\"WhatsApp Image 2024-01-22 at 19.51.31\" height=\"180\" src=\"https:\/\/www.europesays.com\/es\/wp-content\/uploads\/2025\/12\/826928095_239314409_320x180.jpg\" width=\"320\" data-lazy-status=\"processed\" data-lazy-info=\"remove loading item 1\"\/><\/p>\n<p class=\"paragraph\" id=\"paragraph_11\">Hay un problema adicional. La vacuna del sarampi\u00f3n ha demostrado una alta eficacia, pero esta puede variar en funci\u00f3n de la edad en que se dio la primera dosis.<\/p>\n<p class=\"paragraph\" id=\"paragraph_12\">El estudio de un brote reciente en la regi\u00f3n francesa de Auvergne-Rh\u00f4ne-Alpes ofrece una realidad a veces poco tenida en cuenta.<\/p>\n<p class=\"paragraph\" id=\"paragraph_13\">Se trata de una regi\u00f3n donde, contrariamente a otras en Francia, tiene una alta cobertura vacunal, en torno al 89% de las dos dosis.<\/p>\n<p class=\"paragraph\" id=\"paragraph_14\">Un trabajo <a href=\"https:\/\/www.eurosurveillance.org\/content\/10.2807\/1560-7917.ES.2025.30.46.2500130\" rel=\"nofollow noopener\" target=\"_blank\">publicado en la revista Eurosurveillance<\/a> desmenuza el brote. Ocurri\u00f3 en un centro de ense\u00f1anza secundaria y afect\u00f3 a 64 personas, 57 ni\u00f1os y 7 adultos.<\/p>\n<p class=\"paragraph\" id=\"paragraph_15\">La cobertura vacunal en el centro era alta: del 93,5%. <strong>El brote afect\u00f3 a 37 vacunados con dos dosis y 24 no vacunados<\/strong>. Es decir, los no vacunados fueron m\u00e1s susceptibles de contraer el sarampi\u00f3n.<\/p>\n<p class=\"paragraph\" id=\"paragraph_16\">Entre estos \u00faltimos, adem\u00e1s, hubo tres hospitalizaciones: dos estudiantes y un adulto.<\/p>\n<p>Eficacia disminuida<\/p>\n<p class=\"paragraph\" id=\"paragraph_17\">Los investigadores, liderados por Thomas B\u00e9net y Erica Foug\u00e8re, de la unidad regional de la agencia francesa de salud p\u00fablica, se centraron en los casos vacunados.<\/p>\n<p class=\"paragraph\" id=\"paragraph_18\">Comprobaron que la edad media en que recibieron la primera dosis los casos vacunados fue de 10,8 meses, mientras que en los vacunados que no se contagiaron era de 14,4 meses.<\/p>\n<p class=\"paragraph\" id=\"paragraph_19\">Parece una diferencia nimia. Despu\u00e9s de todo, la pauta completa de la vacuna del sarampi\u00f3n (que se ofrece junto a la de la rubeola y la parotiditis) consta de dos dosis.<\/p>\n<p class=\"paragraph\" id=\"paragraph_20\">En la actualidad, la primera dosis se suele dar a los 12 meses. Hace unos a\u00f1os hab\u00eda m\u00e1s variabilidad, sin embargo, y tambi\u00e9n hay situaciones excepcionales que cambian las recomendaciones.<\/p>\n<p class=\"paragraph\" id=\"paragraph_21\">Por ejemplo, <strong>Francia vivi\u00f3 una situaci\u00f3n epid\u00e9mica en torno a 2010-2011<\/strong>, lo que llev\u00f3 a vacunar de la primera dosis antes de tiempo: a los 9 meses, e incluso a los 6 como forma de proteger a un beb\u00e9 expuesto al virus.<\/p>\n<p><img decoding=\"async\" alt=\"Robert F. Kennedy Jr en un evento de campa\u00f1a de Donald Trump celebrado en el Madison Square Garden.\" height=\"180\" loading=\"lazy\" width=\"320\" data-lazy-status=\"processed\" id=\"7ceaf40f72\" src=\"https:\/\/www.elespanol.com\/ciencia\/salud\/20251209\/sarampion-regresa-brotes-dio-paises-eliminado-observan-puntos-debiles-vacuna\/[\" https:=\"\" data-lazy-info=\"changed src\"\/><\/p>\n<p class=\"paragraph\" id=\"paragraph_22\">Los investigadores observaron que la eficacia vacunal en aquellos estudiantes con la pauta completa que hab\u00edan recibido la primera dosis a los 12 meses como pronto superaba el 95%.<\/p>\n<p class=\"paragraph\" id=\"paragraph_23\">En cambio, esta baja al 83,3% si la primera dosis se dio entre los 9 y los 11 meses despu\u00e9s del nacimiento, y al 60,7% si se hab\u00eda dado entre los 6 y los 8 meses.<\/p>\n<p class=\"paragraph\" id=\"paragraph_24\"><strong>Jos\u00e9 G\u00f3mez Rial<\/strong>, portavoz de la Sociedad Espa\u00f1ola de Inmunolog\u00eda, explica que esto tiene que ver con \u00abla transferencia de anticuerpos maternos, que protege a los beb\u00e9s en los primeros meses de vida pero que neutralizan la vacuna\u00bb.<\/p>\n<p class=\"paragraph\" id=\"paragraph_25\">El inmun\u00f3logo explica que hay mucha variabilidad en el efecto de esa transferencia. \u00abEstaba claro a los 6 meses y muchos pa\u00edses empezaron a vacunar a los 9 por eso, Francia entre ellos. En Espa\u00f1a se empez\u00f3 vacunando a los 15 meses\u00bb.<\/p>\n<p class=\"paragraph\" id=\"paragraph_26\">La evidencia cient\u00edfica se ha ido decantando a dar la primera dosis a los 12 meses, algo que lleva haciendo Espa\u00f1a hace muchos a\u00f1os.<\/p>\n<p><img decoding=\"async\" alt=\"Robert F. Kennedy Jr. durante la cumbre inaugural Make America Healthy Again (MAHA).\" height=\"180\" loading=\"lazy\" width=\"320\" data-lazy-status=\"processed\" id=\"3bebfb669a\" src=\"https:\/\/www.elespanol.com\/ciencia\/salud\/20251209\/sarampion-regresa-brotes-dio-paises-eliminado-observan-puntos-debiles-vacuna\/[\" https:=\"\" data-lazy-info=\"changed src\"\/><\/p>\n<p class=\"paragraph\" id=\"paragraph_27\">\u00abSolo se recomienda darla a los 9 si se va a viajar a zonas de riesgo y esa dosis no contar\u00eda para el esquema de vacunaci\u00f3n: har\u00edan falta otras dos\u00bb.<\/p>\n<p class=\"paragraph\" id=\"paragraph_28\">De hecho, Francia introdujo la tercera dosis en 2024 para casos donde la primera fue administrada de forma m\u00e1s temprana. El trabajo de Eurosurveillance apoya esta decisi\u00f3n.<\/p>\n<p class=\"paragraph\" id=\"paragraph_29\">Con todo, G\u00f3mez Rial destaca la importancia de la segunda dosis y alerta de que en los \u00faltimos a\u00f1os \u00abhay un goteo a la baja y esto puede generar un riesgo\u00bb.<\/p>\n<p class=\"paragraph\" id=\"paragraph_30\">Las dudas en torno a la vacunaci\u00f3n que se generan incluso desde organismos poco oficiales est\u00e1 logrando que algunas familias dejen pasar esta segunda dosis. Son pocas pero, dadas las altas coberturas que necesita la vacuna para proteger del sarampi\u00f3n, hay que estar pendiente.<\/p>\n<p class=\"paragraph\" id=\"paragraph_31\">\u00abEn Espa\u00f1a no es algo alarmante pero hay regiones con lagunas en la cobertura. Si contin\u00faa ese goteo a la baja, van a estar m\u00e1s expuestas\u00bb.<\/p>\n","protected":false},"excerpt":{"rendered":"La batalla contra el sarampi\u00f3n tiene dos caras. Una es la del \u00e9xito indiscutible de las vacunas: evitaron&hellip;\n","protected":false},"author":2,"featured_media":278586,"comment_status":"","ping_status":"","sticky":false,"template":"","format":"standard","meta":{"footnotes":""},"categories":[92],"tags":[8995,25,24,165,166,3829,23,1454],"class_list":{"0":"post-278585","1":"post","2":"type-post","3":"status-publish","4":"format-standard","5":"has-post-thumbnail","7":"category-salud","8":"tag-enfermedades-infecciosas","9":"tag-es","10":"tag-espana","11":"tag-health","12":"tag-salud","13":"tag-sarampion","14":"tag-spain","15":"tag-vacunas"},"share_on_mastodon":{"url":"https:\/\/pubeurope.com\/@es\/115686951436181291","error":""},"_links":{"self":[{"href":"https:\/\/www.europesays.com\/es\/wp-json\/wp\/v2\/posts\/278585","targetHints":{"allow":["GET"]}}],"collection":[{"href":"https:\/\/www.europesays.com\/es\/wp-json\/wp\/v2\/posts"}],"about":[{"href":"https:\/\/www.europesays.com\/es\/wp-json\/wp\/v2\/types\/post"}],"author":[{"embeddable":true,"href":"https:\/\/www.europesays.com\/es\/wp-json\/wp\/v2\/users\/2"}],"replies":[{"embeddable":true,"href":"https:\/\/www.europesays.com\/es\/wp-json\/wp\/v2\/comments?post=278585"}],"version-history":[{"count":0,"href":"https:\/\/www.europesays.com\/es\/wp-json\/wp\/v2\/posts\/278585\/revisions"}],"wp:featuredmedia":[{"embeddable":true,"href":"https:\/\/www.europesays.com\/es\/wp-json\/wp\/v2\/media\/278586"}],"wp:attachment":[{"href":"https:\/\/www.europesays.com\/es\/wp-json\/wp\/v2\/media?parent=278585"}],"wp:term":[{"taxonomy":"category","embeddable":true,"href":"https:\/\/www.europesays.com\/es\/wp-json\/wp\/v2\/categories?post=278585"},{"taxonomy":"post_tag","embeddable":true,"href":"https:\/\/www.europesays.com\/es\/wp-json\/wp\/v2\/tags?post=278585"}],"curies":[{"name":"wp","href":"https:\/\/api.w.org\/{rel}","templated":true}]}}