{"id":278591,"date":"2025-12-09T01:14:14","date_gmt":"2025-12-09T01:14:14","guid":{"rendered":"https:\/\/www.europesays.com\/es\/278591\/"},"modified":"2025-12-09T01:14:14","modified_gmt":"2025-12-09T01:14:14","slug":"las-cocinas-blancas-son-eternas-pero-en-2026-predominaran-en-ellas-los-colores-tierra","status":"publish","type":"post","link":"https:\/\/www.europesays.com\/es\/278591\/","title":{"rendered":"Las cocinas blancas son eternas pero en 2026 predominar\u00e1n en ellas los colores tierra"},"content":{"rendered":"<p>Las <a href=\"https:\/\/www.elmueble.com\/estancias\/cocinas-blanco-luz-amplitud-y-belleza_767\" rel=\"nofollow noopener\" target=\"_blank\">cocinas blancas<\/a> tienen su p\u00fablico fiel, y eso lo sabemos de buena tinta en El Mueble, donde somos fans ac\u00e9rrimas de ellas. Es cierto que en los \u00faltimos a\u00f1os el color ha entrado con fuerza en esta estancia de la casa. Y por eso hemos querido preguntarles a tres interioristas qu\u00e9 color de cocinas predicen para 2026.<\/p>\n<p><strong>Chone de la Sotilla, M\u00f3nica Diago y Pils Ferrer<\/strong>, lo tienen claro. A las tres les encantan las cocinas blancas por sus muchas ventajas pero <strong>coinciden en apostar por los colores tierra y topo para el pr\u00f3ximo a\u00f1o<\/strong>. \u00bfEl motivo? <strong>La calidez, la calma, el confort y la vitalidad contenida que aportan<\/strong>, conceptos que buscamos todos en nuestras casas y que se afianzan cada vez m\u00e1s.<\/p>\n<p>&#13;<img decoding=\"async\" src=\"https:\/\/www.europesays.com\/es\/wp-content\/uploads\/2025\/12\/hacer-la-cama_9b0a8a9a_251203103522_600x600.webp.webp\" alt=\"Hacer la cama\" class=\"image lazyload\"\/><\/p>\n<p class=\"epigraph\">TENLO EN MENTE<\/p>\n<p><a href=\"https:\/\/www.elmueble.com\/orden-limpieza-ahorro\/grandes-expertas-limpieza-coinciden-sus-rutinas-levantarse-temprano-y-hacer-cama-es-ganar-primera-batalla-dia_62990\" rel=\"nofollow noopener\" target=\"_blank\">Hacer la cama es ganar la primera batalla del d\u00eda, seg\u00fan las expertas<\/a><br \/>\n<img loading=\"lazy\" decoding=\"async\" src=\"https:\/\/www.europesays.com\/es\/wp-content\/uploads\/2025\/12\/cocina-blanca-con-isla-y-office-incorporado_9381996c_00579023_251201131658_1000x1500.webp.webp\" alt=\"Cocina blanca con isla y office incorporado\" class=\"lazyload\" width=\"1000\" height=\"1500\" data-aspectratio=\"1000\/1500\"\/>&#13;El Mueble<br \/>\nDeulonder Arquitectura Dom\u00e8stica: \u00aben 2026 vamos a ver cocinas en colores tostados\u00bb<\/p>\n<p>\u00abMe encantan las cocinas blancas \u2014dice Chone de la Sotilla, CEO junto a Llu\u00efsa Deulonder, del estudio <a href=\"https:\/\/www.deulonder.com\/\" rel=\"nofollow noopener\" target=\"_blank\">Deulonder Arquitectura Dom\u00e8stica<\/a>\u2014. <strong>En nuestros proyectos aportamos color en la pared para romper esa sensaci\u00f3n de fr\u00edo<\/strong> y lo acompa\u00f1amos con tapicer\u00edas, madera en la mesa del comedor o un papel pintado para suavizar esa l\u00ednea tan sobria\u00bb. La imagen superior es un proyecto de cocina de Deulonder presentada en CasaDecor 2023.<\/p>\n<p>Para la interiorista, las cocinas blancas <strong>son aptas tanto para cocinas muy amplias, luminosas como para espacios peque\u00f1os<\/strong>. \u00abTodo vendr\u00e1 marcado por el color de la casa: si la casa juega con unos tonos muy estridentes, no pondr\u00eda una cocina blanca. S\u00ed, en cambio la elegir\u00eda en espacios donde no haya muchos contrastes\u00bb.<\/p>\n<p>En cu\u00e1nto al color que augura para 2026, Chone lo tiene claro: \u00abLas cocinas blancas son eternas, quedan siempre muy bonitas, pero yo me inclino m\u00e1s para 2026 por colores tierra <strong>(amarillo oca, tostados)<\/strong> y madera pintada a mano.<\/p>\n<p>\u00a0<img loading=\"lazy\" decoding=\"async\" src=\"https:\/\/www.europesays.com\/es\/wp-content\/uploads\/2025\/12\/cocina-blanca-con-toque-de-madera-proyecto-de-monica-diago_b59658e8_251201125440_1000x1500.webp.webp\" alt=\"Cocina blanca con toque de madera proyecto de M\u00f3nica Diago\" class=\"lazyload\" width=\"1000\" height=\"1500\" data-aspectratio=\"1000\/1500\"\/>&#13;\u00aeM\u00f3nica Diago<br \/>\nM\u00f3nica Diago: \u00abSoy partidaria de las cocinas blancas acompa\u00f1adas de madera pero en 2026 ser\u00e1n protagonistas los tonos arena y topo\u00bb<\/p>\n<p>La arquitecta e interiorista <a href=\"https:\/\/monicadiago.com\/\" rel=\"nofollow noopener\" target=\"_blank\">M\u00f3nica Diago<\/a>, creadora de @diagohome, es tambi\u00e9n partidaria de las cocinas blancas \u00ab<strong>Nos gusta combinarlas con m\u00f3dulos de madera o encimeras que le aporten algo de calidez<\/strong>, para que no sea un bloque compacto blanco \u2014como se ve en la cocina superior proyectada por M\u00f3nica\u2014. En nuestro estudio, buscamos crear ambientes luminosos, elegantes y atemporales \u2014contin\u00faa la interiorista\u2014. En ese sentido <strong>el blanco siempre funciona muy bien: ampl\u00eda visualmente, refleja la luz y es una base perfecta para combinar con toques m\u00e1s protagonistas<\/strong>\u00ab.<\/p>\n<p>\u00bfEn qu\u00e9 casos recomienda M\u00f3nica las cocinas blancas? \u00ab<strong>En viviendas peque\u00f1as o con poca luz y en proyectos a largo plazo<\/strong>, ya que el blanco no pasa de moda y permite actualizar el look con peque\u00f1os detalles\u00bb.<\/p>\n<p>\u00bfY c\u00f3mo veremos las cocinas en 2026, blancas o de color? \u00abCreo que el pr\u00f3ximo a\u00f1o <strong>van a ser protagonistas los tonos arena, topo y las maderas claras<\/strong> \u2014vaticina M\u00f3nica\u2014. Una tendencia que ya se empieza a consolidar y que seguir\u00e1 creciendo. Son colores que <strong>aportan calma, naturalidad y mucha calidez<\/strong>. Encajan muy bien con la b\u00fasqueda actual de hogares m\u00e1s acogedores y sensoriales. Adem\u00e1s, <strong>funcionan tanto en cocinas grandes como en espacios reducidos<\/strong>. Combinan de maravilla con encimeras veteadas claras y porcel\u00e1nicos en tonos suaves, y aportan un aire contempor\u00e1neo sin caer en estridencias, algo que define muy bien el tipo de interiorismo que solemos hacer: equilibrado, luminoso y funcional\u00bb.<\/p>\n<p><img loading=\"lazy\" decoding=\"async\" src=\"https:\/\/www.europesays.com\/es\/wp-content\/uploads\/2025\/12\/cocina-con-acentos-de-color-proyectada-por-pils-ferrer_1f8278b6_251203114544_1000x1499.webp.webp\" alt=\"Cocina con acentos de color proyectada por Pils Ferrer\" class=\"lazyload\" width=\"1000\" height=\"1499\" data-aspectratio=\"1000\/1499\"\/>&#13;\u00aePils Ferrer<br \/>\nPils Ferrer: \u00abEl pr\u00f3ximo a\u00f1o los tonos topo c\u00e1lidos ser\u00e1n los protagonistas de las cocinas\u00bb<\/p>\n<p>Nuestra tercera interiorista coincide con sus compa\u00f1eras de profesi\u00f3n. Amante de las cocinas blancas con matices, la arquitecta e interiorista <a href=\"https:\/\/pilsferrer.com\/\" rel=\"nofollow noopener\" target=\"_blank\">Pils Ferrer<\/a> asegura que <strong>en 2026 vuelve el color como concepto<\/strong>. \u00ab<strong>El blanco<\/strong> funciona cuando buscas una cocina luminosa, ordenada y arquitect\u00f3nica. Lo recomiendo <strong>en espacios peque\u00f1os o con poca luz natural<\/strong> porque limpia visualmente el volumen y genera sensaci\u00f3n de amplitud. Si la cocina se integra en el sal\u00f3n, el blanco <strong>ayuda a unificar y bajar el ruido visual<\/strong>\u00ab. Eso s\u00ed, para que no quede plana Pils sugiere <strong>dotarla de materialidad<\/strong> con madera, una piedra con movimiento suave o un frente texturizado.<\/p>\n<p>En cu\u00e1nto al color que dominar\u00e1 en las cocinas de 2026, Pils afirma que <strong>al convertirse esta estancia en un sal\u00f3n m\u00e1s de la vivienda, abre la puerta a paletas m\u00e1s personales<\/strong>. \u00abLo noto cada vez m\u00e1s en mis clientes dispuestos a arriesgar e introducir tonos profundos: verdes, terracotas, azules suaves, como el de la imagen, o maderas m\u00e1s marcadas. Si tuviera que elegir un color protagonista <strong>me inclinar\u00eda por los topos c\u00e1lidos (arena, vis\u00f3n claro, piedra ahumado) como base, combinados con acentos de color m\u00e1s atrevidos<\/strong>. Son elegantes, atemporales y permiten una cocina funcional pero con identidad. Y no solo vamos a ver color en el mobiliario, tambi\u00e9n en electrodom\u00e9sticos\u00bb. Como lo demuestran los nuevos frigor\u00edficos Fridge Studio, de Create, de la que Pils es embajadora, presentados recientemente en moca, arena y verde salvia.<\/p>\n","protected":false},"excerpt":{"rendered":"Las cocinas blancas tienen su p\u00fablico fiel, y eso lo sabemos de buena tinta en El Mueble, donde&hellip;\n","protected":false},"author":2,"featured_media":278592,"comment_status":"","ping_status":"","sticky":false,"template":"","format":"standard","meta":{"footnotes":""},"categories":[80],"tags":[82,95,94,25,24,23],"class_list":{"0":"post-278591","1":"post","2":"type-post","3":"status-publish","4":"format-standard","5":"has-post-thumbnail","7":"category-economia","8":"tag-business","9":"tag-economia","10":"tag-economy","11":"tag-es","12":"tag-espana","13":"tag-spain"},"share_on_mastodon":{"url":"https:\/\/pubeurope.com\/@es\/115686963347387762","error":""},"_links":{"self":[{"href":"https:\/\/www.europesays.com\/es\/wp-json\/wp\/v2\/posts\/278591","targetHints":{"allow":["GET"]}}],"collection":[{"href":"https:\/\/www.europesays.com\/es\/wp-json\/wp\/v2\/posts"}],"about":[{"href":"https:\/\/www.europesays.com\/es\/wp-json\/wp\/v2\/types\/post"}],"author":[{"embeddable":true,"href":"https:\/\/www.europesays.com\/es\/wp-json\/wp\/v2\/users\/2"}],"replies":[{"embeddable":true,"href":"https:\/\/www.europesays.com\/es\/wp-json\/wp\/v2\/comments?post=278591"}],"version-history":[{"count":0,"href":"https:\/\/www.europesays.com\/es\/wp-json\/wp\/v2\/posts\/278591\/revisions"}],"wp:featuredmedia":[{"embeddable":true,"href":"https:\/\/www.europesays.com\/es\/wp-json\/wp\/v2\/media\/278592"}],"wp:attachment":[{"href":"https:\/\/www.europesays.com\/es\/wp-json\/wp\/v2\/media?parent=278591"}],"wp:term":[{"taxonomy":"category","embeddable":true,"href":"https:\/\/www.europesays.com\/es\/wp-json\/wp\/v2\/categories?post=278591"},{"taxonomy":"post_tag","embeddable":true,"href":"https:\/\/www.europesays.com\/es\/wp-json\/wp\/v2\/tags?post=278591"}],"curies":[{"name":"wp","href":"https:\/\/api.w.org\/{rel}","templated":true}]}}