{"id":278603,"date":"2025-12-09T01:26:09","date_gmt":"2025-12-09T01:26:09","guid":{"rendered":"https:\/\/www.europesays.com\/es\/278603\/"},"modified":"2025-12-09T01:26:09","modified_gmt":"2025-12-09T01:26:09","slug":"jose-juan-romero-da-con-la-clave-no-teniamos-que-salir-hoy-con-presion-al-campo","status":"publish","type":"post","link":"https:\/\/www.europesays.com\/es\/278603\/","title":{"rendered":"Jos\u00e9 Juan Romero da con la clave: \u00abNo ten\u00edamos que salir hoy con presi\u00f3n al campo\u00bb"},"content":{"rendered":"<p>Jos\u00e9 Juan Romero logr\u00f3 un empate meritorio contra un Granada que no termina de salir de la zona baja de la clasificaci\u00f3n. Dicho resultado fue valorado positivamente por un entrenador que vio necesario rebajar la presi\u00f3n del equipo para obtener m\u00e1s premio<\/p>\n<p class=\"parrafo\"><strong>El Ceuta ha dado con este empate contra el Granada un paso m\u00e1s en la b\u00fasqueda de su objetivo principal <\/strong>que se trata de nada menos que la salvaci\u00f3n. Sin embargo, las opciones del equipo caballa van m\u00e1s all\u00e1 de la permanencia ya que tiene el ascenso a tiro a trav\u00e9s de los play off de ascenso. En este contexto, el equipo dirigido por <a href=\"https:\/\/www.estadiodeportivo.com\/futbol\/ad-ceuta\/ceuta-eliminado-jose-juan-romero-sentencia-hemos-jugado-mentira-20251203-522457.html\" target=\"_blank\" class=\"intext-link\" rel=\"nofollow noopener\">Jos\u00e9 Juan Romero<\/a> logr\u00f3 un <a href=\"https:\/\/www.estadiodeportivo.com\/futbol\/segunda-division\/asi-queda-laliga-hypermotion-tras-derrota-del-deportivo-coruna-victoria-del-racing-santander-20251207-522964.html\" target=\"_blank\" class=\"intext-link\" rel=\"nofollow noopener\">gran resultado con su empate en Los C\u00e1rmenes<\/a> frente a un<strong> Granada que no termina de acogerse a una racha positiva<\/strong> <a href=\"https:\/\/www.estadiodeportivo.com\/futbol\/granada\/granada-establece-prioridad-los-fichajes-este-mercado-invierno-20251127-521766.html\" target=\"_blank\" class=\"intext-link\" rel=\"nofollow noopener\">que lo que saque del pozo.<\/a><\/p>\n<p class=\"parrafo\"><strong>El propio tuvo palabras para referirse al mencionado encuentro donde valora de manera positiva el punto conseguid<\/strong>o. \u00abMucho. Por el rival y el escenario. Ven\u00edamos de un mal primer tiempo. O no me expliqu\u00e9 con los jugadores o ellos no me entendieron, pero el plan del primer tiempo no iba a lo que ten\u00edamos planteado. Y ese gol nos ha hecho un favor muy grande porque no hab\u00edamos hecho lo que hablamos. Un enorme premio irnos al descanso con 1-1, y hab\u00eda que aprovechar que el destino o la suerte nos ha sonre\u00eddo. Y as\u00ed lo hemos hecho. En la segunda parte fuimos el Ceuta, siendo valientes con algunos ajustes, yendo a la presi\u00f3n con el descaro que este equipo tiene, y ha salido bien. Fuimos superiores. Sin ocasiones claras, pero el partido estaba m\u00e1s para el Ceuta\u00bb.<\/p>\n<p><a class=\"elementos-rel-t2\" href=\"https:\/\/www.estadiodeportivo.com\/futbol\/ad-ceuta\/ceuta-eliminado-jose-juan-romero-sentencia-hemos-jugado-mentira-20251203-522457.html\" title=\"El Ceuta eliminado y Jos\u00e9 Juan Romero sentencia: &quot;Hemos jugado de mentira&quot;\" rel=\"nofollow noopener\" target=\"_blank\"><\/p>\n<p class=\"titular titulo-4\">El Ceuta eliminado y Jos\u00e9 Juan Romero sentencia: \u00abHemos jugado de mentira\u00bb<\/p>\n<p><img decoding=\"async\" src=\"https:\/\/www.europesays.com\/es\/wp-content\/uploads\/2025\/12\/27f47a44-96a1-4689-9473-380f9c3b5cb7_320x180.png\" alt=\"El Ceuta eliminado y Jos\u00e9 Juan Romero sentencia: &quot;Hemos jugado de mentira&quot;\"\/><\/a><a class=\"elementos-rel-t2\" href=\"https:\/\/www.estadiodeportivo.com\/futbol\/ud-almeria\/rubi-una-vuelta-mas-pique-con-ceuta-humildad-nos-sobra-20251202-522383.html\" title=\"Rubi le da una vuelta m\u00e1s al &#039;pique&#039; con el Ceuta: &quot;Humildad nos sobra&quot;\" rel=\"nofollow noopener\" target=\"_blank\"><\/p>\n<p class=\"titular titulo-4\">Rubi le da una vuelta m\u00e1s al &#8216;pique&#8217; con el Ceuta: \u00abHumildad nos sobra\u00bb<\/p>\n<p><img decoding=\"async\" src=\"https:\/\/www.europesays.com\/es\/wp-content\/uploads\/2025\/12\/15d6c9f3-68e5-428b-bf3a-4b6ef796f440_320x180.png\" alt=\"Rubi le da una vuelta m\u00e1s al 'pique' con el Ceuta: &quot;Humildad nos sobra&quot;\"\/><\/a><a class=\"elementos-rel-t2\" href=\"https:\/\/www.estadiodeportivo.com\/futbol\/ad-ceuta\/ceuta-rompe-hace-saltar-por-los-aires-laliga-hypermotion-20251129-522044.html\" title=\"El Ceuta hace saltar por los aires LaLiga Hypermotion\" rel=\"nofollow noopener\" target=\"_blank\"><\/p>\n<p class=\"titular titulo-4\">El Ceuta hace saltar por los aires LaLiga Hypermotion<\/p>\n<p><img decoding=\"async\" src=\"https:\/\/www.europesays.com\/es\/wp-content\/uploads\/2025\/12\/859c6711-cb3c-478f-9eb1-4f362daba394_320x180.png\" alt=\"El Ceuta hace saltar por los aires LaLiga Hypermotion\"\/><\/a>Jos\u00e9 Juan Romero rebaja la presi\u00f3n del equipo<\/p>\n<p class=\"parrafo\">En una situaci\u00f3n envidiable para un reci\u00e9n ascendido, el entrenador prefiere disfrutar de la situaci\u00f3n que atraviesan los suyos. <strong>Sobre esto se quiso referir ya que la presi\u00f3n pudo haberles jugador una mala pasada en el mencionado encuentro<\/strong>: \u00abDije a los jugadores que nos hab\u00edamos llevado un premio excesivo y no quisimos desaprovecharlo. El problema del primer tiempo fue el mismo que lo que ocurri\u00f3 en las dos primeras jornadas. Con una situaci\u00f3n extraordinaria de puntos y clasificaci\u00f3n, no ten\u00edamos que salir hoy con presi\u00f3n al campo, y salimos nerviosos y con miedo al escenario. No iniciamos bien, sin tener claro lo planteado. Lo pudimos corregir con algunas claves, mostrar mi malestar, y creo que captaron el mensaje\u00bb.<\/p>\n<p>El Ceuta, apoyado por medio millar de los suyos <\/p>\n<p class=\"parrafo\">El equipo no estuvo solo ante una cita tan importante ya que <strong>fue acompa\u00f1ado por 500 aficionados visitantes que apoyaron al club<\/strong> en los C\u00e1rmenes. <strong>Sobre esto quiso referirse el m\u00edster.<\/strong> \u00abEntiendo que para el Granada, por el club que es, puede chocar un poco. Pero para Ceuta y nosotros, esto es una oportunidad \u00fanica, y la afici\u00f3n lo est\u00e1 disfrutando mucho. Es una locura lo que se est\u00e1 viviendo en los desplazamientos. Viajar desde Ceuta es una odisea, por eso nos tenemos que dejar la vida por ellos. Tiene que haber esa comuni\u00f3n para lograr los objetivos\u00bb.<\/p>\n","protected":false},"excerpt":{"rendered":"Jos\u00e9 Juan Romero logr\u00f3 un empate meritorio contra un Granada que no termina de salir de la zona&hellip;\n","protected":false},"author":2,"featured_media":278604,"comment_status":"","ping_status":"","sticky":false,"template":"","format":"standard","meta":{"footnotes":""},"categories":[268],"tags":[12897,168,25,24,284,280,282,281,23,167],"class_list":{"0":"post-278603","1":"post","2":"type-post","3":"status-publish","4":"format-standard","5":"has-post-thumbnail","7":"category-futbol","8":"tag-ad-ceuta","9":"tag-deportes","10":"tag-es","11":"tag-espana","12":"tag-estadio-deportivo","13":"tag-football","14":"tag-futbol","15":"tag-soccer","16":"tag-spain","17":"tag-sports"},"share_on_mastodon":{"url":"https:\/\/pubeurope.com\/@es\/115687010396948363","error":""},"_links":{"self":[{"href":"https:\/\/www.europesays.com\/es\/wp-json\/wp\/v2\/posts\/278603","targetHints":{"allow":["GET"]}}],"collection":[{"href":"https:\/\/www.europesays.com\/es\/wp-json\/wp\/v2\/posts"}],"about":[{"href":"https:\/\/www.europesays.com\/es\/wp-json\/wp\/v2\/types\/post"}],"author":[{"embeddable":true,"href":"https:\/\/www.europesays.com\/es\/wp-json\/wp\/v2\/users\/2"}],"replies":[{"embeddable":true,"href":"https:\/\/www.europesays.com\/es\/wp-json\/wp\/v2\/comments?post=278603"}],"version-history":[{"count":0,"href":"https:\/\/www.europesays.com\/es\/wp-json\/wp\/v2\/posts\/278603\/revisions"}],"wp:featuredmedia":[{"embeddable":true,"href":"https:\/\/www.europesays.com\/es\/wp-json\/wp\/v2\/media\/278604"}],"wp:attachment":[{"href":"https:\/\/www.europesays.com\/es\/wp-json\/wp\/v2\/media?parent=278603"}],"wp:term":[{"taxonomy":"category","embeddable":true,"href":"https:\/\/www.europesays.com\/es\/wp-json\/wp\/v2\/categories?post=278603"},{"taxonomy":"post_tag","embeddable":true,"href":"https:\/\/www.europesays.com\/es\/wp-json\/wp\/v2\/tags?post=278603"}],"curies":[{"name":"wp","href":"https:\/\/api.w.org\/{rel}","templated":true}]}}