{"id":278605,"date":"2025-12-09T01:27:07","date_gmt":"2025-12-09T01:27:07","guid":{"rendered":"https:\/\/www.europesays.com\/es\/278605\/"},"modified":"2025-12-09T01:27:07","modified_gmt":"2025-12-09T01:27:07","slug":"playas-edificios-historicos-y-una-gastronomia-unica","status":"publish","type":"post","link":"https:\/\/www.europesays.com\/es\/278605\/","title":{"rendered":"playas, edificios hist\u00f3ricos y una gastronom\u00eda \u00fanica"},"content":{"rendered":"<p class=\"c-paragraph\">Una jovenc\u00edsima <b>Chenoa <\/b>entraba en OT1 por all\u00e1 de 2001, forj\u00e1ndose as\u00ed un hueco en la industria musical espa\u00f1ola. Nacida en 1975 como\u00a0Mar\u00eda Laura Corradini Falomir, antes de entrar al talent show que le dio la fama, la artista form\u00f3 varios grupos con sus amigos en la <b>isla de Mallorca<\/b>, adem\u00e1s de cantar profesionalmente en un casino.<\/p>\n<p class=\"c-paragraph\">Sin embargo, aunque desde los ocho a\u00f1os vivi\u00f3 en la <a href=\"https:\/\/www.20minutos.es\/viajes\/destinos\/pueblo-baleares-pequeno-puertos-mas-bonitos-muelle-mirador-vistas-mediterraneo-5730702\/\" title=\"El peque\u00f1o pueblo de Baleares con uno de los puertos m\u00e1s bonitos, un muelle y un mirador con vistas al Mediterr\u00e1neo\" rel=\"nofollow noopener\" target=\"_blank\">isla mediterr\u00e1nea<\/a> junto a su familia, sus or\u00edgenes los encontramos al otro lado del Atl\u00e1ntico. La cantante lleg\u00f3 al mundo en <b>Mar del Plata, una ciudad costera de Argentina <\/b>con un ambiente vibrante y llena de atractivos tur\u00edsticos.<\/p>\n<p>Los or\u00edgenes de Mar del Plata<\/p>\n<p class=\"c-paragraph\">Los pobladores originales que ocuparon las tierras en las que hoy en d\u00eda se encuentra\u00a0Mar del Plata fueron <b>las tribus ind\u00edgenas que los espa\u00f1oles bautizaron como pampas<\/b>. El primer europeo que lleg\u00f3 a las costas marplatenses fue\u00a0<b>Fernando de Magallanes<\/b> en 1519, dando paso a otros exploradores que intentaron establecer una poblaci\u00f3n permanente, como el caso de una misi\u00f3n jesuita que finalmente se retir\u00f3 en\u00a01751.<\/p>\n<p class=\"c-paragraph\">Pasamos ahora al a\u00f1o\u00a01857, cuando un consorcio brasile\u00f1o-portugu\u00e9s <b>instal\u00f3 un saladero<\/b> en la zona, al rededor del cual empez\u00f3 a desarrollarse un peque\u00f1o n\u00facleo. Sin embargo, no fue hasta\u00a01874 que el lugar se reconoci\u00f3 oficialmente como pueblo. Poco a poco, impulsado por la\u00a0llegada del ferrocarril, Mar del Plata se fue transformando en un centro urbano moderno. Asimismo, se fue convirtiendo en <b>un popular destino vacacional<\/b>, y empezaron a construirse los primeros hoteles.<\/p>\n<p>Un rico patrimonio<\/p>\n<p class=\"c-paragraph\">A d\u00eda de hoy Mar del Plata contin\u00faa siendo una ciudad din\u00e1mica y llena de vida, un destino muy concurrido, sobre todo, en los meses de verano. Su patrimonio arquitect\u00f3nico nos sorprende con construcciones como el <b>Torre\u00f3n del Monje<\/b>, un edificio de influencias g\u00f3ticas levantado en 1904 y que a d\u00eda de hoy funciona como cafeter\u00eda y restaurante. Por otro lado, est\u00e1 el\u00a0<b>Museo Provincial de Arte Contempor\u00e1neo<\/b>,\u00a0inaugurado en 2013 como uno de los museos m\u00e1s grandes y modernos del pa\u00eds.<\/p>\n<p class=\"c-paragraph\">Asimismo, encontramos <b>antiguas mansiones<\/b> reconvertidas en museos y centros culturales, como\u00a0Villa Victoria (Centro Cultural Victoria Ocampo), Villa Mitre (Museo Hist\u00f3rico Municipal Don Roberto T. Barili) y Villa Ortiz Basualdo (Museo de Arte Juan Pablo Castagnino).<\/p>\n<p>Playas para todos los gustos<\/p>\n<p class=\"c-paragraph\">En Mar del Plata podremos disfrutar de <b>47 kil\u00f3metros de costa<\/b> <b>llenos de playas<\/b> muy diferentes entre ellas y para todos los gustos. Por ejemplo, en su variado litoral destacan\u00a0las de\u00a0La Perla;\u00a0las de\u00a0Varese y Cabo Corrientes, y\u00a0las del Centro, ubicadas estas \u00faltimas en la principal zona hotelera y gastron\u00f3mica de la ciudad.<\/p>\n<p class=\"c-paragraph\">Por otro lado, Playa Grande es la m\u00e1s frecuentada por <b>los surfistas<\/b>, y es que la urbe es un destino perfecto para cabalgar olas. Adem\u00e1s, aqu\u00ed podemos practicar otros deportes como parapente, golf, stand up paddle&#8230; Y por supuesto, no podemos olvidarnos de la\u00a0<b>reserva de lobos marinos del puerto<\/b>, donde podremos ver a estos curiosos animales en libertad.<\/p>\n<p class=\"c-paragraph\">Finalmente, <b>su gastronom\u00eda<\/b> tambi\u00e9n es digna de menci\u00f3n. La urbe nos ofrece propuestas culinarias de primer nivel, como recetas tradicionales con pescados y mariscos, y postres tan deliciosos como los\u00a0helados artesanales,\u00a0medialunas y los cl\u00e1sicos\u00a0alfajores.<\/p>\n","protected":false},"excerpt":{"rendered":"Una jovenc\u00edsima Chenoa entraba en OT1 por all\u00e1 de 2001, forj\u00e1ndose as\u00ed un hueco en la industria musical&hellip;\n","protected":false},"author":2,"featured_media":278606,"comment_status":"","ping_status":"","sticky":false,"template":"","format":"standard","meta":{"footnotes":""},"categories":[174],"tags":[283,255,17945,777,3169,146,147,25,24,256,8182,23],"class_list":{"0":"post-278605","1":"post","2":"type-post","3":"status-publish","4":"format-standard","5":"has-post-thumbnail","7":"category-famosos","8":"tag-argentina","9":"tag-celebrities","10":"tag-chenoa","11":"tag-ciudad","12":"tag-donde","13":"tag-entertainment","14":"tag-entretenimiento","15":"tag-es","16":"tag-espana","17":"tag-famosos","18":"tag-nacio","19":"tag-spain"},"share_on_mastodon":{"url":"https:\/\/pubeurope.com\/@es\/115687013969188325","error":""},"_links":{"self":[{"href":"https:\/\/www.europesays.com\/es\/wp-json\/wp\/v2\/posts\/278605","targetHints":{"allow":["GET"]}}],"collection":[{"href":"https:\/\/www.europesays.com\/es\/wp-json\/wp\/v2\/posts"}],"about":[{"href":"https:\/\/www.europesays.com\/es\/wp-json\/wp\/v2\/types\/post"}],"author":[{"embeddable":true,"href":"https:\/\/www.europesays.com\/es\/wp-json\/wp\/v2\/users\/2"}],"replies":[{"embeddable":true,"href":"https:\/\/www.europesays.com\/es\/wp-json\/wp\/v2\/comments?post=278605"}],"version-history":[{"count":0,"href":"https:\/\/www.europesays.com\/es\/wp-json\/wp\/v2\/posts\/278605\/revisions"}],"wp:featuredmedia":[{"embeddable":true,"href":"https:\/\/www.europesays.com\/es\/wp-json\/wp\/v2\/media\/278606"}],"wp:attachment":[{"href":"https:\/\/www.europesays.com\/es\/wp-json\/wp\/v2\/media?parent=278605"}],"wp:term":[{"taxonomy":"category","embeddable":true,"href":"https:\/\/www.europesays.com\/es\/wp-json\/wp\/v2\/categories?post=278605"},{"taxonomy":"post_tag","embeddable":true,"href":"https:\/\/www.europesays.com\/es\/wp-json\/wp\/v2\/tags?post=278605"}],"curies":[{"name":"wp","href":"https:\/\/api.w.org\/{rel}","templated":true}]}}