{"id":278615,"date":"2025-12-09T01:35:23","date_gmt":"2025-12-09T01:35:23","guid":{"rendered":"https:\/\/www.europesays.com\/es\/278615\/"},"modified":"2025-12-09T01:35:23","modified_gmt":"2025-12-09T01:35:23","slug":"la-princesa-gabriele-leiningen-62-se-casa-con-wolfgang-porsche-82-heredero-del-imperio-automovilistico","status":"publish","type":"post","link":"https:\/\/www.europesays.com\/es\/278615\/","title":{"rendered":"La princesa Gabriele Leiningen (62) se casa con Wolfgang Porsche (82), heredero del imperio automovil\u00edstico"},"content":{"rendered":"<p id=\"emyRTAZQBs\" data-wc=\"82\"><strong>Se cas\u00f3 con dos pr\u00edncipes y acaba de darle el &#8216;s\u00ed, quiero&#8217; a uno de los reyes de la industria automovil\u00edstica<\/strong>: Wolfgang Porsche, presidente del Consejo de Administraci\u00f3n del fabricante alem\u00e1n de coches de alta gama. La<strong>\u00a0princesa Gabriele Leiningen<\/strong><strong>\u00a0<\/strong>podr\u00eda escribir varios vol\u00famenes si tuviera que hacer frente a la publicaci\u00f3n de unas memorias. Adem\u00e1s de vivir dos nupcias reales, esta fil\u00e1ntropa de la\u00a0jet set <strong>estudi\u00f3 en el mismo colegio que la reina Sof\u00eda y fue adoptada por un Thyssen<\/strong>.\u00a0<\/p>\n<p> <img src=\"https:\/\/www.europesays.com\/es\/wp-content\/uploads\/2025\/12\/be37d43255eb-gettyimages-2227394092.jpg\"   width=\"682\" height=\"1024\" loading=\"lazy\" decoding=\"async\" alt=\"Wolfgang Porsche y la princesa Gabriele Leningen se han dado el 's\u00ed, quiero' en una ceremonia privada en Salzburgo\" fetchpriority=\"auto\" class=\"image ho-image\"\/>\u00a9 Getty ImagesWolfgang Porsche y la princesa Gabriele Leningen se han dado el &#8216;s\u00ed, quiero&#8217; en una ceremonia privada en Salzburgo<\/p>\n<p id=\"eJnFkP6Vf29\" data-wc=\"92\">Nacida como <strong>Gabriele Renate Homey en el a\u00f1o 1963<\/strong>, e hija de los empresarios alemanes Renate Kerkhoff y Helmut Friedhelm Homey, Inaara Aga Khan ha vivido, sin duda, una cronolog\u00eda de pel\u00edcula. Sus terceras nupcias se han confirmado gracias a las declaraciones que su abogado, Christian Schertz, ha dado a la agencia DPA. <strong>\u00c9l tiene 82 a\u00f1os y ella 62<\/strong>, por lo que entre ellos hay 20 a\u00f1os de diferencia, y fue en el 2023 cuando se consum\u00f3 la \u00faltima ruptura rom\u00e1ntica del magnate con Claudia H\u00fcbner, antigua asesora del Gobierno alem\u00e1n.<\/p>\n<p> <img src=\"https:\/\/www.europesays.com\/es\/wp-content\/uploads\/2025\/12\/b04ccdbae4c5-gettyimages-1529040202.jpg\"   width=\"682\" height=\"1024\" loading=\"lazy\" decoding=\"async\" alt=\"\u00c9l tiene 82 a\u00f1os, ella 62, y ambos se conocieron poco tiempo despu\u00e9s del \u00faltimo divorcio del heredero del imperio Porsche, en el a\u00f1o 2023\" fetchpriority=\"auto\" class=\"image ho-image\"\/>\u00a9 Getty Images\u00c9l tiene 82 a\u00f1os, ella 62, y ambos se conocieron poco tiempo despu\u00e9s del \u00faltimo divorcio del heredero del imperio Porsche, en el a\u00f1o 2023<\/p>\n<p id=\"eZ2Z1LzBQCO\" data-wc=\"112\">Wolfgang admiti\u00f3 entonces que la ruptura entre ambos vino motivada por la salud de ella: una fuente declar\u00f3 al medio alem\u00e1n Bild\u00a0que Claudia, de 74 a\u00f1os, padec\u00eda una \u00abenfermedad similar a la demencia\u00bb que cambi\u00f3 su personalidad, lo que, seg\u00fan el informante, hizo que la convivencia fuese \u00abimposible\u00bb, siendo ese el motivo que llev\u00f3 al empresario a pedirle el divorcio. En 2023, la relaci\u00f3n entre \u00e9l y la princesa Gabriele Leiningen comenz\u00f3 a florecer. Adem\u00e1s de heredero y capo de una de las empresas automovil\u00edsticas m\u00e1s notorias del mercado, su fortuna asciende a los<strong>\u00a0<\/strong>30.000 millones de euros. <strong>El enlace ha tenido lugar en Salzburgo, en una ceremonia \u00edntima y privada<\/strong>.<\/p>\n<p> <img src=\"https:\/\/www.europesays.com\/es\/wp-content\/uploads\/2025\/12\/9f5563f329f6-gettyimages-2227394341.jpg\"   width=\"682\" height=\"1024\" loading=\"lazy\" decoding=\"async\" alt=\"Se trata del tercer matrimonio para la fil\u00e1ntropa, que ha vivido una vida muy apasionante\" fetchpriority=\"auto\" class=\"image ho-image\"\/>\u00a9 Getty ImagesSe trata del tercer matrimonio para la fil\u00e1ntropa, que ha vivido una vida muy apasionante<\/p>\n<p id=\"eCvKtxkjKkB\" data-wc=\"100\">En el curr\u00edculo amoroso de Gabriele han existido, hasta ahora, dos grandes hombres, siendo Wolfgang el tercero de ellos: en el a\u00f1o 1991 se cas\u00f3 con el pr\u00edncipe Charles Emich de Leiningen. Tras el nacimiento de su hija, la <strong>princesa Teresa de Leiningen<\/strong>, Gabriele empez\u00f3 a hacerse un nombre como<strong>\u00a0consultora de la UNESCO\u00a0<\/strong>y comenz\u00f3 a frecuentar los c\u00edrculos m\u00e1s exclusivos y eruditos de Europa. Esta relaci\u00f3n provoc\u00f3 una crisis de sucesi\u00f3n sin precedentes, pues pese a la decisi\u00f3n del <strong>pr\u00edncipe de renunciar a su t\u00edtulo, el matrimonio no dur\u00f3 y el matrimonio se divorci\u00f3 en el a\u00f1o 1998<\/strong>.<\/p>\n<p> <img src=\"https:\/\/www.europesays.com\/es\/wp-content\/uploads\/2025\/12\/cb153aa331bc-gettyimages-1161144059.jpg\"   width=\"681\" height=\"1024\" loading=\"lazy\" decoding=\"async\" alt=\"Gabriele en La Alhambra de Granada en el a\u00f1o 1998\" fetchpriority=\"auto\" class=\"image ho-image\"\/>\u00a9 Gamma-Rapho via Getty ImagesGabriele Leiningen en La Alhambra de Granada en el a\u00f1o 1998<\/p>\n<p> <img src=\"https:\/\/www.europesays.com\/es\/wp-content\/uploads\/2025\/12\/b925d4edadea-gettyimages-108382781.jpg\"   width=\"1024\" height=\"809\" loading=\"lazy\" decoding=\"async\" alt=\"Begum Inaara Aga Khan en Par\u00eds, en el a\u00f1o 2002, dos a\u00f1os antes de su divorcio con el Aga Khan\" fetchpriority=\"auto\" class=\"image ho-image\"\/>\u00a9 Gamma-Rapho via Getty ImagesBegum Inaara Aga Khan en Par\u00eds, en el a\u00f1o 2002, dos a\u00f1os antes de su divorcio con el Aga Khan<\/p>\n<p id=\"eOB5qsDc_m\" data-wc=\"180\">Poco tiempo despu\u00e9s se convirti\u00f3 en la &#8216;Begum Inaara&#8217; al contraer matrimonio con <a class=\"hm-link ho-link\" href=\"https:\/\/www.hola.com\/actualidad\/20250204811985\/muere-el-principe-aga-khan-karim-al-hussaini\/\" rel=\"noopener nofollow\" target=\"_blank\" data-mrf-recirculation=\"article-body-link\">el Aga Khan IV, fallecido el pasado febrero y gran amigo de Juan Carlos I y la infanta Cristina<\/a>, adem\u00e1s de uno de los hombres m\u00e1s ricos del mundo. La princesa Gabriele era 27 a\u00f1os m\u00e1s joven que \u00e9l y ambos se dieron el &#8216;s\u00ed, quiero&#8217; en su enorme finca de Aiglemont, cerca de Par\u00eds. Gabriele se<strong>\u00a0convirti\u00f3 al Islam para poder casarse.\u00a0<\/strong>Dos a\u00f1os despu\u00e9s de la boda, el Aga Khan volvi\u00f3 a ser padre a los 64 a\u00f1os con el nacimiento de su \u00fanico hijo en com\u00fan, <strong>Aly Muhammad Aga Khan,<\/strong> nacido el 7 de marzo del 2000. Finalmente, el 8 de octubre de 2004, tras seis a\u00f1os de matrimonio, se anunci\u00f3 su separaci\u00f3n, la cual no se hizo legal hasta el 2014. <strong>El suyo fue el divorcio m\u00e1s caro de la historia de Francia y comenz\u00f3 con la intervenci\u00f3n de un detective privado, al m\u00e1s puro estilo Sherlock Holmes<\/strong>: Forbes lanz\u00f3 una horquilla que oscilaba entre los 1.000 y los 13.000 millones de euros.<\/p>\n<p> <img src=\"https:\/\/www.europesays.com\/es\/wp-content\/uploads\/2025\/12\/966589cb73e9-gettyimages-110145529.jpg\"   width=\"1024\" height=\"683\" loading=\"lazy\" decoding=\"async\" alt=\"La princesa Gabriele Leiningen se convirti\u00f3 en la 'Begum Inaara' al contraer matrimonio con el Aga Khan IV, fallecido el pasado febrero\" fetchpriority=\"auto\" class=\"image ho-image\"\/>\u00a9 Getty ImagesLa princesa Gabriele Leiningen se convirti\u00f3 en la &#8216;Begum Inaara&#8217; al contraer matrimonio con el Aga Khan IV, fallecido el pasado febrero<\/p>\n<p> <img src=\"https:\/\/www.europesays.com\/es\/wp-content\/uploads\/2025\/12\/0df559f0df0a-gettyimages-110145528.jpg\"   width=\"1024\" height=\"669\" loading=\"lazy\" decoding=\"async\" alt=\"El suyo fue el divorcio m\u00e1s caro de la historia de Francia y comenz\u00f3 con la intervenci\u00f3n de un detective privado\" fetchpriority=\"auto\" class=\"image ho-image\"\/>\u00a9 Getty ImagesEl suyo fue el divorcio m\u00e1s caro de la historia de Francia y comenz\u00f3 con la intervenci\u00f3n de un detective privado<\/p>\n<p> <img src=\"https:\/\/www.europesays.com\/es\/wp-content\/uploads\/2025\/12\/affd45b01b47-gettyimages-796663967.jpg\"   width=\"1024\" height=\"682\" loading=\"lazy\" decoding=\"async\" alt=\"Aga Khan y la Begum Inaara (su mujer entre 1998 y 2011) con lo reyes don Juan Carlos y do\u00f1a Sof\u00eda en un actor de la Fundaci\u00f3n por el Legado Andalus\u00ed\" fetchpriority=\"auto\" class=\"image ho-image\"\/>\u00a9 Sygma via Getty ImagesEl Aga Khan con los reyes don Juan Carlos y do\u00f1a Sof\u00eda en un acto de la Fundaci\u00f3n por el Legado Andalus\u00ed<br \/>\nUna apasionante vida\u00a0<\/p>\n<p id=\"eAEjdBOvDN\" data-wc=\"102\">Dos divorcios, dos t\u00edtulos de princesa, una guerra de sucesi\u00f3n y uno de los divorcios m\u00e1s caros de la historia de Francia. La vida de Gabriele Leiningen ha estado marcada por la noticia, el titular y la opulencia. M\u00e1s all\u00e1 de sus sonados divorcios y su actual tercera boda, su biograf\u00eda cuenta con muchos m\u00e1s detalles que, a priori, pueden pasar desapercibidos. Tras el divorcio de sus padres, Gabriele fue <strong>adoptada por su padrastro, Bodo Thyssen -descendiente de la familia industrial cuyo linaje se remonta al siglo XVII-<\/strong>, pues este contrajo matrimonio con su madre, ahora Renate Thyssen-Henne, en el a\u00f1o 1969.<\/p>\n<p> <img src=\"https:\/\/www.europesays.com\/es\/wp-content\/uploads\/2025\/12\/ab0477d327ef-gettyimages-618243082.jpg\"   width=\"1024\" height=\"682\" loading=\"lazy\" decoding=\"async\" alt=\"Tras el divorcio de sus padres, Gabriele fue adoptada por su padrastro, Bodo Thyssen -descendiente de la familia industrial cuyo linaje se remonta al siglo XVI\" fetchpriority=\"auto\" class=\"image ho-image\"\/>\u00a9 Corbis via Getty ImagesTras el divorcio de sus padres, Gabriele fue adoptada por su padrastro, Bodo Thyssen -descendiente de la familia industrial cuyo linaje se remonta al siglo XVI<\/p>\n<p> <img src=\"https:\/\/www.europesays.com\/es\/wp-content\/uploads\/2025\/12\/0e785523cdc4-gettyimages-51539754.jpg\"   width=\"1024\" height=\"684\" loading=\"lazy\" decoding=\"async\" alt=\"Rania de Jordania, Inaara Aga Khan y su madre\" fetchpriority=\"auto\" class=\"image ho-image\"\/>\u00a9 WireImageRania de Jordania, Inaara Aga Khan y su madre<\/p>\n<p id=\"ecShPB77E1\" data-wc=\"106\">Su posterior carrera acad\u00e9mica fue formidable: <strong>Gabriele estudi\u00f3 en la escuela Schloss Salem<\/strong>, a orillas del lago Constanza. Se trata de un exclusivo internado, situado en un castillo, que cuenta con una ilustre lista de antiguos alumnos, entre los que se encuentran<strong>\u00a0el pr\u00edncipe Felipe, duque de Edimburgo; la reina Sof\u00eda; y la princesa Irene de Grecia y Dinamarca<\/strong>. Tras graduarse magna cum laude con un doctorado en Derecho Internacional por las universidades de M\u00fanich y Colonia en 1990, Gabriele comenz\u00f3 a trabajar en un bufete de abogados alem\u00e1n, aunque su suerte estaba a punto de cambiar dr\u00e1sticamente, pues un a\u00f1o despu\u00e9s se convertir\u00eda en princesa.\u00a0<\/p>\n<p> <img src=\"https:\/\/www.europesays.com\/es\/wp-content\/uploads\/2025\/12\/9df38cdc1f8f-gettyimages-51539634.jpg\"   width=\"684\" height=\"1024\" loading=\"lazy\" decoding=\"async\" alt=\"Gabriele estudi\u00f3 en \" fetchpriority=\"auto\" class=\"image ho-image\"\/>\u00a9 WireImageGabriele estudi\u00f3 en la escuela Schloss Salem, un exclusivo internado que cuenta con una ilustre lista de antiguos alumnos, entre los que se encuentran el pr\u00edncipe Felipe, duque de Edimburgo; la reina Sof\u00eda; y la princesa Irene de Grecia y Dinamarca<\/p>\n","protected":false},"excerpt":{"rendered":"Se cas\u00f3 con dos pr\u00edncipes y acaba de darle el &#8216;s\u00ed, quiero&#8217; a uno de los reyes de&hellip;\n","protected":false},"author":2,"featured_media":278616,"comment_status":"","ping_status":"","sticky":false,"template":"","format":"standard","meta":{"footnotes":""},"categories":[91],"tags":[517,146,147,25,24,11789,33671,23],"class_list":{"0":"post-278615","1":"post","2":"type-post","3":"status-publish","4":"format-standard","5":"has-post-thumbnail","7":"category-entretenimiento","8":"tag-actualidad","9":"tag-entertainment","10":"tag-entretenimiento","11":"tag-es","12":"tag-espana","13":"tag-reina-sofia","14":"tag-rey-juan-carlos","15":"tag-spain"},"share_on_mastodon":{"url":"https:\/\/pubeurope.com\/@es\/115687046812040135","error":""},"_links":{"self":[{"href":"https:\/\/www.europesays.com\/es\/wp-json\/wp\/v2\/posts\/278615","targetHints":{"allow":["GET"]}}],"collection":[{"href":"https:\/\/www.europesays.com\/es\/wp-json\/wp\/v2\/posts"}],"about":[{"href":"https:\/\/www.europesays.com\/es\/wp-json\/wp\/v2\/types\/post"}],"author":[{"embeddable":true,"href":"https:\/\/www.europesays.com\/es\/wp-json\/wp\/v2\/users\/2"}],"replies":[{"embeddable":true,"href":"https:\/\/www.europesays.com\/es\/wp-json\/wp\/v2\/comments?post=278615"}],"version-history":[{"count":0,"href":"https:\/\/www.europesays.com\/es\/wp-json\/wp\/v2\/posts\/278615\/revisions"}],"wp:featuredmedia":[{"embeddable":true,"href":"https:\/\/www.europesays.com\/es\/wp-json\/wp\/v2\/media\/278616"}],"wp:attachment":[{"href":"https:\/\/www.europesays.com\/es\/wp-json\/wp\/v2\/media?parent=278615"}],"wp:term":[{"taxonomy":"category","embeddable":true,"href":"https:\/\/www.europesays.com\/es\/wp-json\/wp\/v2\/categories?post=278615"},{"taxonomy":"post_tag","embeddable":true,"href":"https:\/\/www.europesays.com\/es\/wp-json\/wp\/v2\/tags?post=278615"}],"curies":[{"name":"wp","href":"https:\/\/api.w.org\/{rel}","templated":true}]}}