{"id":278619,"date":"2025-12-09T01:37:24","date_gmt":"2025-12-09T01:37:24","guid":{"rendered":"https:\/\/www.europesays.com\/es\/278619\/"},"modified":"2025-12-09T01:37:24","modified_gmt":"2025-12-09T01:37:24","slug":"el-plan-auto-no-cubrira-la-lista-de-espera-del-moves-ni-los-puntos-de-recarga","status":"publish","type":"post","link":"https:\/\/www.europesays.com\/es\/278619\/","title":{"rendered":"El Plan Auto+ no cubrir\u00e1 la lista de espera del Moves ni los puntos de recarga"},"content":{"rendered":"<p>El <b>ministro de Industria y Turismo, Jordi Hereu<\/b>, ha confirmado que el nuevo plan de ayudas directas a la compra de veh\u00edculos el\u00e9ctricos e h\u00edbridos enchufables <b>Plan Auto+, dotado con 400 millones de euros<\/b>, se centrar\u00e1 \u00aben la demanda presente y futura\u00bb y <b>no cubrir\u00e1 la lista de espera generada con el Moves III<\/b> ni los <b><a title=\"puntos de recarga\" href=\"https:\/\/www.lasexta.com\/motor\/noticias\/supermercados-convierten-gasolineras-electricas-238-nuevos-puntos-recarga-llegan-norte-pais_2025082668ad7de3506ef67d06e04ebd.html\" target=\"_blank\" rel=\"nofollow noopener\">puntos de recarga<\/a><\/b> personales.<\/p>\n<p>As\u00ed, lo ha se\u00f1alado Hereu en Valencia en declaraciones a los medios de comunicaci\u00f3n preguntado por si el nuevo Plan de ayudas al coche el\u00e9ctrico atender\u00e1 la demanda pendiente del \u00faltimo plan Moves y si el Gobierno se replantea incluir a los puntos el\u00e9ctricos particulares.<\/p>\n<p><img loading=\"lazy\" decoding=\"async\" title=\"Plan Moves III activado en 5 comunidades \" alt=\"Plan Moves III activado en 5 comunidades \" width=\"480\" height=\"270\" src=\"https:\/\/www.europesays.com\/es\/wp-content\/uploads\/2025\/12\/1765244239_804_70.jpg\"\/> Plan Moves III activado en 5 comunidades | Newspress <\/p>\n<p>Al respecto, ha destacado que <b>el Plan Auto 2030<\/b>, presentado ayer por el jefe del Ejecutivo, Pedro S\u00e1nchez, junto a representantes del <b><a title=\"sector del autom\u00f3vil\" href=\"https:\/\/www.lasexta.com\/motor\/noticias\/comision-europea-industria-automovilistica-analizan-futuro-sector-estudian-cambios-cara-fin-combustion-2035_2025091268c3d1aeca99f73feeed7f76.html\" target=\"_blank\" rel=\"nofollow noopener\">sector del autom\u00f3vil<\/a><\/b>, es \u00abun gran acuerdo estrat\u00e9gico y un plan de pa\u00eds\u00bb porque <b>\u00abes el acuerdo de todo el ecosistema del autom\u00f3vil<\/b> con todas las pol\u00edticas p\u00fablicas del Gobierno de Espa\u00f1a, auton\u00f3micas y de los municipios\u00bb y que una de las medidas previstas es \u00abseguir incentivando la demanda, porque <b>necesitamos apoyar la decisi\u00f3n de adquirir veh\u00edculos el\u00e9ctricos\u00bb.<\/b><\/p>\n<p>As\u00ed, ha recalcado que \u00abjustamente, <b>estando en Valencia, lo que expresamos es que el Plan Auto+ lo que incorpora es toda la enorme experiencia positiva de este a\u00f1o de lo que ha sido el Plan Reinicia Auto+<\/b> de la Comunitat Valenciana, una iniciativa gubernamental de <b>ayudas directas para adquirir veh\u00edculos nuevos o seminuevos para reemplazar a los siniestrados por la dana<\/b>, que ha sido jugar con la colaboraci\u00f3n de Faconauto y de todos los concesionarios hasta ahora de Valencia y a partir del 1 de enero en toda Espa\u00f1a, porque permite dar mucho m\u00e1s r\u00e1pidamente las ayudas\u00bb.<\/p>\n<p><img loading=\"lazy\" decoding=\"async\" title=\"Plan Renove y Moves\" alt=\"Plan Renove y Moves\" width=\"480\" height=\"270\" src=\"https:\/\/www.europesays.com\/es\/wp-content\/uploads\/2025\/12\/1765244241_811_70.jpg\"\/> Plan Renove y Moves | Pexels 40.000 personas se pueden quedar sin ayudas<\/p>\n<p><b>El Plan Moves III fue dotado con 400 millones de euros y aprobado con car\u00e1cter retroactivo desde el 2 de enero de 2025 y con una vigencia hasta el 31 de diciembre de 2025. <\/b>El auge de ventas de <b><a title=\"veh\u00edculos electrificados\" href=\"https:\/\/www.lasexta.com\/motor\/noticias\/toyota-land-cruiser-mild-hybrid-electrificacion-concesiones_202507236880968dffbf4a1a6740f9d1.html\" target=\"_blank\" rel=\"nofollow noopener\">veh\u00edculos electrificados<\/a><\/b> (el\u00e9ctricos + h\u00edbridos enchufables) ha hecho que, hasta lo que va de a\u00f1o, estos modelos alcancen conjuntamente una cuota de mercado superior al 20% en 2025.<\/p>\n<p>Esto provoc\u00f3 que los principales mercados, Madrid y Catalu\u00f1a, agotasen sus fondos en julio y septiembre, respectivamente, y que actualmente <b>casi todas las comunidades aut\u00f3nomas hayan agotado los fondos.<\/b><\/p>\n<p>As\u00ed, seg\u00fan las estimaciones del sector automovil\u00edstico espa\u00f1ol, <b>existen unas 40.000 personas que se encontrar\u00edan en lista de espera para cobrar las ayudas<\/b> de los compradores de coches el\u00e9ctricos, <b>con un montante pendiente de pago que rondar\u00eda los 300 millones de euros.<\/b><\/p>\n<p><img loading=\"lazy\" decoding=\"async\" title=\"Plan Moves III\" alt=\"7000\u20ac de ayudas\" width=\"480\" height=\"270\" src=\"https:\/\/www.europesays.com\/es\/wp-content\/uploads\/2025\/12\/1765244242_244_70.jpg\"\/> Plan Moves III | La Sexta Se atender\u00e1 a los afectados<\/p>\n<p>En ese sentido, <b>Hereu ha aclarado, respecto a la lista de espera del anterior plan<\/b>, que todo lo que \u00abse ha hecho y gestionado a lo largo del 2025 con el Moves III, que ha sido un \u00e9xito, porque hemos doblado la venta de veh\u00edculos electrificados, <b>es un elemento que seguro que atenderemos en su momento\u00bb.<\/b><\/p>\n<p>Con la llegada del Plan Auto+, <b>falta por ver qu\u00e9 pasar\u00e1 con estos clientes que est\u00e1n esperando fondos del Plan Moves III cuyo vencimiento termina el pr\u00f3ximo 31 de diciembre<\/b>, para los que ahora no habr\u00eda una soluci\u00f3n sobre la mesa.<\/p>\n<p>Respecto a los puntos de recarga, <b>ha recordado que el Gobierno destinar\u00e1 300 millones al Moves Corredores<\/b>, que \u00abjustamente sirve tambi\u00e9n para seguir impulsando la instalaci\u00f3n en aquellos puntos de la geograf\u00eda espa\u00f1ola que no est\u00e1n bien atendidos en estos momentos\u00bb.<\/p>\n<p>Por tanto, <b>\u00abtenemos inversi\u00f3n p\u00fablica para ayudar a seguir implantando puntos de recarga y 400 millones que los dedicamos a incentivar la demanda\u00bb<\/b>, ha apostillado.<\/p>\n<p>   <img decoding=\"async\" title=\"Carga de coche el\u00e9ctrico\" alt=\"Carga de coche el\u00e9ctrico\" width=\"480\" height=\"270\" src=\"https:\/\/www.europesays.com\/es\/wp-content\/uploads\/2025\/12\/carga-coche-electrico_70.jpg\" loading=\"lazy\" class=\"lazy\"\/><\/p>\n","protected":false},"excerpt":{"rendered":"El ministro de Industria y Turismo, Jordi Hereu, ha confirmado que el nuevo plan de ayudas directas a&hellip;\n","protected":false},"author":2,"featured_media":278620,"comment_status":"","ping_status":"","sticky":false,"template":"","format":"standard","meta":{"footnotes":""},"categories":[80],"tags":[82,95,94,25,24,23],"class_list":{"0":"post-278619","1":"post","2":"type-post","3":"status-publish","4":"format-standard","5":"has-post-thumbnail","7":"category-economia","8":"tag-business","9":"tag-economia","10":"tag-economy","11":"tag-es","12":"tag-espana","13":"tag-spain"},"share_on_mastodon":{"url":"https:\/\/pubeurope.com\/@es\/115687053675874936","error":""},"_links":{"self":[{"href":"https:\/\/www.europesays.com\/es\/wp-json\/wp\/v2\/posts\/278619","targetHints":{"allow":["GET"]}}],"collection":[{"href":"https:\/\/www.europesays.com\/es\/wp-json\/wp\/v2\/posts"}],"about":[{"href":"https:\/\/www.europesays.com\/es\/wp-json\/wp\/v2\/types\/post"}],"author":[{"embeddable":true,"href":"https:\/\/www.europesays.com\/es\/wp-json\/wp\/v2\/users\/2"}],"replies":[{"embeddable":true,"href":"https:\/\/www.europesays.com\/es\/wp-json\/wp\/v2\/comments?post=278619"}],"version-history":[{"count":0,"href":"https:\/\/www.europesays.com\/es\/wp-json\/wp\/v2\/posts\/278619\/revisions"}],"wp:featuredmedia":[{"embeddable":true,"href":"https:\/\/www.europesays.com\/es\/wp-json\/wp\/v2\/media\/278620"}],"wp:attachment":[{"href":"https:\/\/www.europesays.com\/es\/wp-json\/wp\/v2\/media?parent=278619"}],"wp:term":[{"taxonomy":"category","embeddable":true,"href":"https:\/\/www.europesays.com\/es\/wp-json\/wp\/v2\/categories?post=278619"},{"taxonomy":"post_tag","embeddable":true,"href":"https:\/\/www.europesays.com\/es\/wp-json\/wp\/v2\/tags?post=278619"}],"curies":[{"name":"wp","href":"https:\/\/api.w.org\/{rel}","templated":true}]}}