{"id":278621,"date":"2025-12-09T01:38:12","date_gmt":"2025-12-09T01:38:12","guid":{"rendered":"https:\/\/www.europesays.com\/es\/278621\/"},"modified":"2025-12-09T01:38:12","modified_gmt":"2025-12-09T01:38:12","slug":"zelenski-y-sus-aliados-europeos-se-alejan-aun-mas-del-plan-de-paz-de-trump","status":"publish","type":"post","link":"https:\/\/www.europesays.com\/es\/278621\/","title":{"rendered":"Zelenski y sus aliados europeos se alejan a\u00fan m\u00e1s del plan de paz de Trump"},"content":{"rendered":"<p style=\"\">La visita de <strong>Volod\u00edmir Zelenski<\/strong> este lunes a Londres, para reunirse en Downing Street con el primer ministro brit\u00e1nico, <strong>Keir Starmer<\/strong>; el presidente franc\u00e9s, <strong>Emmanuel Macron<\/strong>, y el canciller alem\u00e1n, <strong>Friedrich Merz<\/strong>, ha adquirido un peso pol\u00edtico excepcional en un momento  &#8230; en el que las negociaciones para un posible acuerdo de paz avanzan entre tensiones, recelos y expectativas dispares entre los aliados occidentales.<\/p>\n<p class=\"voc-p\" style=\"\">La jornada londinense coincidi\u00f3 con la sensaci\u00f3n, expresada por el propio Gobierno brit\u00e1nico, de hallarse ante un punto de inflexi\u00f3n. Un portavoz de Downing Street afirm\u00f3 que esto es \u00ablo m\u00e1s cerca que se ha estado de la paz en cuatro a\u00f1os\u00bb, aunque advirti\u00f3 que \u00abno se trata de una l\u00ednea recta entre conflicto y paz\u00bb, subrayando que a\u00fan existen cuestiones sustantivas sin resolver.<\/p>\n<p class=\"voc-p\" style=\"\">El viaje de Zelenski lleg\u00f3 tras tres d\u00edas de <strong>conversaciones en Florida<\/strong> entre delegaciones de Estados Unidos y Ucrania, descritas como t\u00e9cnicamente productivas pero sin grandes avances, lo que refleja la persistente distancia entre Kiev y Washington sobre aspectos centrales del plan promovido por la Casa Blanca.<\/p>\n<p class=\"voc-p\" style=\"\">En su alocuci\u00f3n nocturna del domingo, el presidente ucraniano afirm\u00f3 que la conversaci\u00f3n con el enviado especial de <strong>Donald Trump<\/strong>, <strong>Steve Witkoff<\/strong>, y con el yerno del presidente estadounidense, <strong>Jared Kushner<\/strong>, hab\u00eda sido \u00abconstructiva, aunque no f\u00e1cil\u00bb, y a\u00f1adi\u00f3 que \u00ablos representantes estadounidenses conocen las posiciones b\u00e1sicas ucranianas\u00bb. <\/p>\n<p class=\"voc-p\" style=\"\">Zelenski subray\u00f3 adem\u00e1s que esta semana se centrar\u00e1 en lograr una coordinaci\u00f3n estrecha con los socios europeos, tanto en Londres como en Bruselas.<\/p>\n<p>\nTrump: \u00abZelenski no ha le\u00eddo la propuesta\u00bb\n<\/p>\n<p class=\"voc-p\" style=\"\">La tensi\u00f3n diplom\u00e1tica creci\u00f3 a\u00fan m\u00e1s despu\u00e9s de que Trump afirmara que los negociadores ucranianos \u00abaman\u00bb el \u00faltimo borrador del plan estadounidense, pero a\u00f1adiera: \u00abTengo que decir que estoy un poco decepcionado de que el presidente Zelenski todav\u00eda no haya le\u00eddo la propuesta\u00bb.<\/p>\n<p class=\"voc-p\" style=\"\">En Londres, los l\u00edderes europeos expusieron sus reservas y prioridades antes de iniciar la sesi\u00f3n. Starmer declar\u00f3 que \u00abestamos con Ucrania\u00bb, y que cualquier alto el fuego debe ser \u00abjusto y duradero\u00bb, basado en la premisa de que \u00ablos asuntos relativos a Ucrania son de Ucrania\u00bb.<\/p>\n<p class=\"voc-p\" style=\"\">Macron afirm\u00f3 que los aliados europeos \u00abtenemos muchas cartas en nuestras manos\u00bb, y mencion\u00f3 tanto la resistencia ucraniana como \u00abel sufrimiento de la econom\u00eda rusa, en particular tras nuestras \u00faltimas sanciones y las sanciones de Estados Unidos\u00bb. <\/p>\n<p class=\"voc-p\" style=\"\">Merz fue el m\u00e1s expl\u00edcito al expresar sus dudas, diciendo que es \u00abesc\u00e9ptico\u00bb sobre algunos de los detalles que se est\u00e1n viendo en los documentos procedentes de la parte estadounidense. \u00abPero tenemos que hablar de ello \u2013agreg\u00f3\u2013. Por eso estamos aqu\u00ed\u00bb.<\/p>\n<p class=\"voc-p\" style=\"\">Las discusiones de este lunes se centraron en dos ejes: las <strong>garant\u00edas de seguridad<\/strong> que Ucrania exige antes de aceptar cualquier cese de hostilidades, y el futuro de los <strong>territorios ocupados por Rusia<\/strong>, en especial el Domb\u00e1s. Zelenski afirm\u00f3 que \u00abno existe ning\u00fan acuerdo\u00bb con Trump sobre posibles cesiones territoriales o intercambios de tierra, y que \u00abno tenemos una visi\u00f3n unificada sobre el Domb\u00e1s\u00bb, lo que consider\u00f3 uno de los elementos m\u00e1s sensibles del proceso.<\/p>\n<p class=\"voc-title\">\u00abLa UE tiene los medios y la voluntad de aumentar la presi\u00f3n sobre Rusia para que se siente en la mesa de negociaciones\u00bb<\/p>\n<p class=\"voc-article-position__name\">Ursula von der Leyen<\/p>\n<p class=\"voc-article-position__employ\">Presidenta de la Comisi\u00f3n Europea<\/p>\n<p class=\"voc-p\" style=\"\">La Uni\u00f3n Europea, mientras tanto, busc\u00f3 reforzar su propia coherencia estrat\u00e9gica. <strong>Ursula von der Leyen<\/strong>, presidenta de la Comisi\u00f3n Europea, afirm\u00f3 por videollamada que la UE \u00abtiene los medios y la voluntad de aumentar la presi\u00f3n sobre Rusia para que se siente en la mesa de negociaciones\u00bb, defendi\u00f3 el mecanismo para utilizar los <a href=\"https:\/\/www.abc.es\/internacional\/belgica-reitera-negativa-usar-fondos-rusos-congelados-20251205130112-nt.html\" data-voc-vtm-id=\"in-text-traffic\" title=\"activos rusos congelados\" data-mrf-link=\"www.abc.es\" rel=\"nofollow noopener\" target=\"_blank\">activos rusos congelados<\/a> en un sistema de pr\u00e9stamos destinado a la reconstrucci\u00f3n ucraniana, y declar\u00f3 que \u00abcuanto m\u00e1s tiempo Putin derrame sangre y destruya infraestructuras ucranianas, mayor ser\u00e1 el coste para Rusia\u00bb.<\/p>\n<p class=\"voc-p\" style=\"\">Adem\u00e1s, acus\u00f3 a Mosc\u00fa de \u00abenga\u00f1ar\u00bb, \u00absimular diplomacia\u00bb y \u00abganar tiempo\u00bb mientras intensifica los ataques, e insisti\u00f3, adem\u00e1s, en que \u00abla defensa de Europa es nuestra responsabilidad\u00bb, en relaci\u00f3n con los planes para aumentar capacidad industrial y gasto militar en el continente.<\/p>\n<p class=\"voc-p\" style=\"\">Las tensiones transatl\u00e1nticas se han visto agravadas por la publicaci\u00f3n de la <a href=\"https:\/\/www.abc.es\/espana\/nueva-estrategia-seguridad-trump-pone-espana-punto-20251205144232-nt.html\" data-voc-vtm-id=\"in-text-traffic\" title=\"nueva estrategia de seguridad nacional de Estados Unidos\" data-mrf-link=\"www.abc.es\" rel=\"nofollow noopener\" target=\"_blank\">nueva estrategia de seguridad nacional de Estados Unidos<\/a>, que describe una Europa amenazada por \u00aberosi\u00f3n civilizatoria\u00bb debido a la migraci\u00f3n, y acusa a la UE de socavar \u00abla libertad pol\u00edtica y la soberan\u00eda\u00bb.<\/p>\n<p class=\"voc-p\" style=\"\">El documento asegura que Washington \u00abcultivar\u00e1 la resistencia\u00bb dentro del continente para \u00abcorregir su trayectoria\u00bb. El presidente del Consejo Europeo, <strong>Ant\u00f3nio Costa<\/strong>, advirti\u00f3 de que <a href=\"https:\/\/www.abc.es\/internacional\/ue-rechaza-plano-amenaza-interferencia-eeuu-vida-20251208132018-nt.html\" data-voc-vtm-id=\"in-text-traffic\" title=\"la Administraci\u00f3n Trump debe abstenerse de interferir en asuntos europeos\" data-mrf-link=\"www.abc.es\" rel=\"nofollow noopener\" target=\"_blank\">la Administraci\u00f3n Trump debe abstenerse de interferir en asuntos europeos<\/a>, informa <a href=\"https:\/\/www.abc.es\/autor\/enrique-serbeto-2045\/\" data-voc-vtm-id=\"in-text-traffic\" title=\"Enrique Serbeto\" data-mrf-link=\"www.abc.es\" rel=\"nofollow noopener\" target=\"_blank\">Enrique Serbeto<\/a>. mientras analistas como Nicolai von Ondarza, director de investigaci\u00f3n para Europa en el Instituto Alem\u00e1n para Asuntos Internacionales y de Seguridad, calificaron la estrategia como \u00abun cambio fundamental\u00bb en la relaci\u00f3n transatl\u00e1ntica. <\/p>\n<p class=\"voc-p\" style=\"\">Desde el El\u00edseo, una fuente oficial explic\u00f3 que el encuentro en Londres \u00abpermiti\u00f3 continuar el trabajo conjunto\u00bb sobre el plan de paz estadounidense, con la idea de complementarlo con contribuciones europeas en materia de garant\u00edas de seguridad y <strong>reconstrucci\u00f3n<\/strong>.<\/p>\n<p class=\"voc-title\">\u00abLo crucial es la unidad entre Europa, Ucrania y Estados Unidos\u00bb<\/p>\n<p class=\"voc-article-position__name\">Volod\u00edmir Zelenski<\/p>\n<p class=\"voc-article-position__employ\">Presidente de Ucrania<\/p>\n<p class=\"voc-p\" style=\"\">Tras la reuni\u00f3n, Zelenski reiter\u00f3 que \u00ablo crucial es la unidad entre Europa, Ucrania y Estados Unidos\u00bb, agradeci\u00f3 a los l\u00edderes su disposici\u00f3n a sostener el apoyo militar y pol\u00edtico, y agreg\u00f3 que se est\u00e1n definiendo los \u00absiguientes pasos\u00bb en un proceso que requiere sincronizar la diplomacia de estos tres bloques. Zelenski parti\u00f3 despu\u00e9s hacia Bruselas, donde ten\u00eda previsto reunirse con el secretario general de la OTAN, <strong>Mark Rutte<\/strong>, y con <strong>Von der Leyen<\/strong>. <\/p>\n<p class=\"voc-p\" style=\"\">Mientras tanto en Ucrania, la <strong>ofensiva rusa<\/strong> se intensifica pese al delicado contexto diplom\u00e1tico. <a href=\"https:\/\/www.abc.es\/internacional\/rusia-ataca-ucrania-150-drones-cortes-luz-20251208122355-nt.html\" data-voc-vtm-id=\"in-text-traffic\" title=\"Rusia lanz\u00f3 casi 150 drones en una nueva ofensiva\" data-mrf-link=\"www.abc.es\" rel=\"nofollow noopener\" target=\"_blank\">Rusia lanz\u00f3 casi 150 drones en una nueva ofensiva<\/a> que agrava los apagones, que superan ya las 12 horas en Kiev, informa <a href=\"https:\/\/www.abc.es\/autor\/miriam-gonzalez-6371\/\" data-voc-vtm-id=\"in-text-traffic\" title=\"Miriam Gonz\u00e1lez\" data-mrf-link=\"www.abc.es\" rel=\"nofollow noopener\" target=\"_blank\">Miriam Gonz\u00e1lez<\/a>.<\/p>\n<p class=\"voc-p\" style=\"\">Ukrenergo, la empresa estatal responsable de la red el\u00e9ctrica nacional, anunci\u00f3 cortes de emergencia en todas las regiones mientras el fr\u00edo y la escasa luz complican la vida cotidiana, y los ataques, incluidos los recientes bombardeos en J\u00e1rkov, Sumi, Donetsk y Jers\u00f3n, buscan castigar infraestructura cr\u00edtica. Las autoridades reportan m\u00faltiples muertos y heridos, as\u00ed como da\u00f1os en una presa clave en J\u00e1rkov, lo que Ucrania considera un crimen de guerra.<\/p>\n","protected":false},"excerpt":{"rendered":"La visita de Volod\u00edmir Zelenski este lunes a Londres, para reunirse en Downing Street con el primer ministro&hellip;\n","protected":false},"author":2,"featured_media":278622,"comment_status":"","ping_status":"","sticky":false,"template":"","format":"standard","meta":{"footnotes":""},"categories":[42],"tags":[50767,12162,17,18,9062,13,14,11,61,62,63,64,19,20,9,10,15,16,11506,2568,12,936,21,22,65,66,67,2318],"class_list":{"0":"post-278621","1":"post","2":"type-post","3":"status-publish","4":"format-standard","5":"has-post-thumbnail","7":"category-internacional","8":"tag-alejan","9":"tag-aliados","10":"tag-breaking-news","11":"tag-breakingnews","12":"tag-europeos","13":"tag-featured-news","14":"tag-featurednews","15":"tag-headlines","16":"tag-internacional","17":"tag-international","18":"tag-international-news","19":"tag-internationalnews","20":"tag-latest-news","21":"tag-latestnews","22":"tag-news","23":"tag-noticias","24":"tag-noticias-destacadas","25":"tag-noticiasdestacadas","26":"tag-paz","27":"tag-plan","28":"tag-titulares","29":"tag-trump","30":"tag-ultimas-noticias","31":"tag-ultimasnoticias","32":"tag-world","33":"tag-world-news","34":"tag-worldnews","35":"tag-zelenski"},"share_on_mastodon":{"url":"https:\/\/pubeurope.com\/@es\/115687057347350010","error":""},"_links":{"self":[{"href":"https:\/\/www.europesays.com\/es\/wp-json\/wp\/v2\/posts\/278621","targetHints":{"allow":["GET"]}}],"collection":[{"href":"https:\/\/www.europesays.com\/es\/wp-json\/wp\/v2\/posts"}],"about":[{"href":"https:\/\/www.europesays.com\/es\/wp-json\/wp\/v2\/types\/post"}],"author":[{"embeddable":true,"href":"https:\/\/www.europesays.com\/es\/wp-json\/wp\/v2\/users\/2"}],"replies":[{"embeddable":true,"href":"https:\/\/www.europesays.com\/es\/wp-json\/wp\/v2\/comments?post=278621"}],"version-history":[{"count":0,"href":"https:\/\/www.europesays.com\/es\/wp-json\/wp\/v2\/posts\/278621\/revisions"}],"wp:featuredmedia":[{"embeddable":true,"href":"https:\/\/www.europesays.com\/es\/wp-json\/wp\/v2\/media\/278622"}],"wp:attachment":[{"href":"https:\/\/www.europesays.com\/es\/wp-json\/wp\/v2\/media?parent=278621"}],"wp:term":[{"taxonomy":"category","embeddable":true,"href":"https:\/\/www.europesays.com\/es\/wp-json\/wp\/v2\/categories?post=278621"},{"taxonomy":"post_tag","embeddable":true,"href":"https:\/\/www.europesays.com\/es\/wp-json\/wp\/v2\/tags?post=278621"}],"curies":[{"name":"wp","href":"https:\/\/api.w.org\/{rel}","templated":true}]}}