{"id":278623,"date":"2025-12-09T01:39:12","date_gmt":"2025-12-09T01:39:12","guid":{"rendered":"https:\/\/www.europesays.com\/es\/278623\/"},"modified":"2025-12-09T01:39:12","modified_gmt":"2025-12-09T01:39:12","slug":"los-medicos-vascos-inician-cuatro-dias-de-huelga-en-hospitales-y-ambulatorios","status":"publish","type":"post","link":"https:\/\/www.europesays.com\/es\/278623\/","title":{"rendered":"Los m\u00e9dicos vascos inician cuatro d\u00edas de huelga en hospitales y ambulatorios"},"content":{"rendered":"<p> Alrededor de 14.000 m\u00e9dicos vascos est\u00e1n llamados este martes a la huelga en el primero de los cuatro d\u00edas de paro nacional en  &#8230; hospitales y ambulatorios. A la convocatoria de la Confederaci\u00f3n Espa\u00f1ola de Sindicatos M\u00e9dicos (CESM) y el Sindicato M\u00e9dico Andaluz (SMA) se han sumado el Sindicato M\u00e9dico de Euskadi (SME) o el Colegio Oficial de M\u00e9dicos de Gipuzkoa (Comgi), entre otros, para mostrar el rechazo de la profesi\u00f3n m\u00e9dica a la reforma del Estatuto Marco, la norma que regula las condiciones laborales de la plantilla del Sistema Nacional de Salud (SNS) propuesta por el Ministerio de Sanidad.<\/p>\n<p class=\"v-p\">Las <a href=\"https:\/\/www.diariovasco.com\/sociedad\/salud\/colegio-medicos-gipuzkoa-suma-cuatro-dias-huelga-hospitales-ambulatorios-20251204112214-nt.html\" title=\"www.diariovasco.com\" data-voc-vtm-id=\"in-text-traffic\" data-mrf-link=\"www.diariovasco.com\" rel=\"nofollow noopener\" target=\"_blank\">cuatro jornadas de huelga<\/a> de esta semana causar\u00e1n, como todo paro, sus respectivas afecciones. Para ello se han establecido servicios m\u00ednimos en Osakidetza que, como viene siendo frecuente en otras ocasiones, suele ser del personal habitual de un festivo en los hospitales y el de un s\u00e1bado en el caso de los centros de salud. Se garantizar\u00e1 la asistencia a los pacientes urgentes y con necesidades indemorables, pero los m\u00e9dicos que tienen previsi\u00f3n de unirse a la huelga han estado modificando las citas que ten\u00edan programadas para estas cuatro jornadas. La \u00faltima jornada de huelga, la de octubre, fue secundada por el 30% de los facultativos, seg\u00fan los datos ofrecidos por el Servicio Vasco de Salud. <\/p>\n<p class=\"v-p\">En el caso de Gipuzkoa, los facultativos que har\u00e1n huelga se concentrar\u00e1n a las 7.50 horas frente al Hospital Donostia en este primer d\u00eda de movilizaci\u00f3n. De all\u00ed partir\u00e1n en autob\u00fas hasta Bilbao, donde el SME ha convocado una manifestaci\u00f3n que partir\u00e1 de la plaza Moyua y que concluir\u00e1 ante la sede de la delegaci\u00f3n de Salud en Bizkaia. Este mismo sindicato ha convocado otra manifestaci\u00f3n para este mi\u00e9rcoles a las 12.00 horas frente al centro donostiarra. <\/p>\n<p><a href=\"http:\/\/www.diariovasco.com\/sociedad\/salud\/huelga-condiciones-laborales-medicos-20251207134022-nt.html#vtm_modulosEngag=mod-rel:sociedad:noticia:1:cmp:1-not\" class=\"v-a-link\" aria-label=\"Imagen\" rel=\"nofollow noopener\" target=\"_blank\"><\/p>\n<p><img decoding=\"async\" loading=\"lazy\" src=\"https:\/\/www.europesays.com\/es\/wp-content\/uploads\/2025\/12\/M1-1503696883.JPG\" class=\"v-a-img\" width=\"258\" height=\"180\" alt=\"\" data-voc-vtm-id=\"in-text-traffic\"\/><\/p>\n<p><\/a><\/p>\n<p class=\"v-p\">Entre las reclamaciones de los galenos est\u00e1 el c\u00f3mputo de la jornada y las guardias. Seg\u00fan explica el colectivo de m\u00e9dicos, la propuesta deja abierta la puerta a trabajar una media de hasta 45 horas semanales, con picos mucho mayores. Para atajar esas jornadas interminables proponen que la suma de la jornada ordinaria y extraordinaria no exceda de las 17 horas ininterrumpidas, y que las guardias localizadas se reconozcan como tiempo trabajado a todos los efectos, incluidos descansos y compensaciones. <\/p>\n<p>\nServicios m\u00ednimos\n<\/p>\n<p>Se garantizar\u00e1 la asistencia a los pacientes urgentes y con necesidades indemorables<\/p>\n<p class=\"v-p\">Tambi\u00e9n solicitan la eliminaci\u00f3n progresiva, en los pr\u00f3ximos tres a\u00f1os, de la jornada complementaria obligatoria, de modo que cualquier tiempo trabajado m\u00e1s all\u00e1 de las 35 horas semanales sea voluntario, incentivado con una retribuci\u00f3n adecuada y acompa\u00f1ado de descansos compensatorios justos.<\/p>\n<p class=\"v-p\">Asimismo, piden que el acceso al grupo A+ de la clasificaci\u00f3n profesional quede reservado al personal m\u00e9dico y a los titulados superiores, en funci\u00f3n de la responsabilidad y la naturaleza de sus funciones. Las reivindicaciones incluyen tambi\u00e9n la posibilidad de acceder a la jubilaci\u00f3n anticipada sin p\u00e9rdida de poder adquisitivo, mediante el reconocimiento de las actividades de riesgo y la consideraci\u00f3n del 100% de la jornada extraordinaria. Reclaman que las pagas extraordinarias incorporen no solo una mensualidad, sino tambi\u00e9n los trienios y todos los complementos retributivos.<\/p>\n<p>Respuesta del Ministerio<\/p>\n<p class=\"v-p\">Desde el Ministerio de Sanidad respondieron la semana pasada a trav\u00e9s de un comunicado que el borrador del nuevo Estatuto Marco incorpora todas aquellas demandas que entran dentro de su \u00e1mbito competencial. El departamento que dirige M\u00f3nica Garc\u00eda considera que \u00abha alcanzado el m\u00e1ximo desarrollo posible dentro de los m\u00e1rgenes de una ley b\u00e1sica estatal, articulando un marco com\u00fan sin invadir competencias auton\u00f3micas\u00bb, al tiempo que defiende que \u00abbloquear la aprobaci\u00f3n del nuevo Estatuto Marco por demandas ajenas al marco competencial implicar\u00eda perder una oportunidad hist\u00f3rica de reforma esperada desde hace dos d\u00e9cadas\u00bb.<\/p>\n<p>\nMovilizaciones\n<\/p>\n<p>Los galenos en huelga se concentrar\u00e1n en el Hospital Donostia y partir\u00e1n a una manifestaci\u00f3n en Bilbao<\/p>\n<p class=\"v-p\">Los cuatro d\u00edas de huelga convocados por los sindicatos llegan despu\u00e9s de que en junio y en octubre los m\u00e9dicos decidieran parar. En aquellas ocasiones tan solo fue un d\u00eda, frente a los cuatro de ahora, en una semana adem\u00e1s en la que ayer fue festivo y que coincide en plena escalada de la incidencia de gripe y otros virus respiratorios habituales de esta \u00e9poca del a\u00f1o. En la red hospitalaria se han producido 6 veces m\u00e1s ingresos que el a\u00f1o pasado y la ocupaci\u00f3n de camas alcanza el 79%.<\/p>\n","protected":false},"excerpt":{"rendered":"Alrededor de 14.000 m\u00e9dicos vascos est\u00e1n llamados este martes a la huelga en el primero de los cuatro&hellip;\n","protected":false},"author":2,"featured_media":278624,"comment_status":"","ping_status":"","sticky":false,"template":"","format":"standard","meta":{"footnotes":""},"categories":[8],"tags":[67719,17,18,954,960,25,24,13,14,11,6138,315,13181,48707,19,20,6016,9,10,15,16,23,12,21,22,12826],"class_list":{"0":"post-278623","1":"post","2":"type-post","3":"status-publish","4":"format-standard","5":"has-post-thumbnail","7":"category-espana","8":"tag-ambulatorios","9":"tag-breaking-news","10":"tag-breakingnews","11":"tag-cuatro","12":"tag-dias","13":"tag-es","14":"tag-espana","15":"tag-featured-news","16":"tag-featurednews","17":"tag-headlines","18":"tag-hospitales","19":"tag-hoy","20":"tag-huelga","21":"tag-inician","22":"tag-latest-news","23":"tag-latestnews","24":"tag-medicos","25":"tag-news","26":"tag-noticias","27":"tag-noticias-destacadas","28":"tag-noticiasdestacadas","29":"tag-spain","30":"tag-titulares","31":"tag-ultimas-noticias","32":"tag-ultimasnoticias","33":"tag-vascos"},"share_on_mastodon":{"url":"https:\/\/pubeurope.com\/@es\/115687062277354677","error":""},"_links":{"self":[{"href":"https:\/\/www.europesays.com\/es\/wp-json\/wp\/v2\/posts\/278623","targetHints":{"allow":["GET"]}}],"collection":[{"href":"https:\/\/www.europesays.com\/es\/wp-json\/wp\/v2\/posts"}],"about":[{"href":"https:\/\/www.europesays.com\/es\/wp-json\/wp\/v2\/types\/post"}],"author":[{"embeddable":true,"href":"https:\/\/www.europesays.com\/es\/wp-json\/wp\/v2\/users\/2"}],"replies":[{"embeddable":true,"href":"https:\/\/www.europesays.com\/es\/wp-json\/wp\/v2\/comments?post=278623"}],"version-history":[{"count":0,"href":"https:\/\/www.europesays.com\/es\/wp-json\/wp\/v2\/posts\/278623\/revisions"}],"wp:featuredmedia":[{"embeddable":true,"href":"https:\/\/www.europesays.com\/es\/wp-json\/wp\/v2\/media\/278624"}],"wp:attachment":[{"href":"https:\/\/www.europesays.com\/es\/wp-json\/wp\/v2\/media?parent=278623"}],"wp:term":[{"taxonomy":"category","embeddable":true,"href":"https:\/\/www.europesays.com\/es\/wp-json\/wp\/v2\/categories?post=278623"},{"taxonomy":"post_tag","embeddable":true,"href":"https:\/\/www.europesays.com\/es\/wp-json\/wp\/v2\/tags?post=278623"}],"curies":[{"name":"wp","href":"https:\/\/api.w.org\/{rel}","templated":true}]}}