{"id":278633,"date":"2025-12-09T01:49:11","date_gmt":"2025-12-09T01:49:11","guid":{"rendered":"https:\/\/www.europesays.com\/es\/278633\/"},"modified":"2025-12-09T01:49:11","modified_gmt":"2025-12-09T01:49:11","slug":"akor-adams-mantiene-la-fe-pero-no-en-su-aficion-se-blinda-contra-insultos-y-mofas","status":"publish","type":"post","link":"https:\/\/www.europesays.com\/es\/278633\/","title":{"rendered":"Akor Adams mantiene la fe&#8230; pero no en su afici\u00f3n: se &#8216;blinda&#8217; contra insultos y mofas"},"content":{"rendered":"<p>El delantero nigeriano, que podr\u00eda disputar el domingo su \u00faltimo partido antes de marcharse a la Copa de \u00c1frica, elimina los comentarios de su \u00faltima publicaci\u00f3n en Instagram<\/p>\n<p class=\"parrafo\">Las ganas de reivindicarse de Akor Adams chocan por ahora con su rendimiento, con un dato muy <strong>rimbombante<\/strong> que ayuda a considerarlo deficiente: <strong>ha ca\u00eddo ya 22 veces en fuera de juego<\/strong>, con <strong>tres goles anulados<\/strong> por esa raz\u00f3n, m\u00e1s que ning\u00fan otro jugador de las cinco grandes Ligas europeas. Con <strong>Isaac Romero<\/strong> sancionado, siendo baja tambi\u00e9n el lebrijano el pr\u00f3ximo domingo ante el <strong>Real Oviedo<\/strong>, la del nigeriano se antoja la \u00fanica &#8216;bala&#8217; natural de <strong>Mat\u00edas Almeyda<\/strong>, quien, encima, lo echar\u00e1 de menos hasta que se reabra la ventana de transferencias mientras pueda venir alg\u00fan refuerzo arriba, pues, si se cumplen los pron\u00f3sticos, <a href=\"https:\/\/www.estadiodeportivo.com\/futbol\/sevilla-fc\/fifa-interviene-aclara-cuando-deberan-marcharse-los-jugadores-convocados-buenas-noticias-para-sevilla-betis-20251203-522546.html\" target=\"_blank\" class=\"intext-link\" rel=\"nofollow noopener\">el lunes que viene debe marcharse concentrado con Nigeria para preparar su participaci\u00f3n en la Copa de \u00c1frica<\/a>. Por ahora, su bagaje es corto: <strong>dos tantos y dos asistencias en 14 partidos oficiales<\/strong>.<\/p>\n<p class=\"parrafo\">Con todo, el de <strong>Kogi State<\/strong> sigue creyendo en s\u00ed mismo y anima a los sevillistas a hacer lo mismo. \u00ab<strong>Keep believing<\/strong>\u00ab, apuntaba en su perfil de Instagram con varias im\u00e1genes suyas en <strong>Mestalla<\/strong>, donde qued\u00f3 otras tres veces en posici\u00f3n ilegal (no vali\u00f3, por tanto, su mano a mano con <strong>Julen Agirrezabala<\/strong>), dispar\u00f3 una sola vez (muy alto, de zurda) y no a porter\u00eda, entrando apenas <strong>22 veces<\/strong> en contacto con el bal\u00f3n y errando el \u00fanico regate que intent\u00f3, con <strong>ocho p\u00e9rdidas<\/strong> de bal\u00f3n y un solo duelo ganado de los once intentados. Quiz\u00e1s por esto, estaba recibiendo mucho &#8216;<strong>hate<\/strong>&#8216; en redes sociales, lo que ha hecho que <strong>Akor Adams<\/strong> elimine los comentarios (no as\u00ed otras formas de &#8216;feedback&#8217; como el bot\u00f3n de &#8216;me gusta&#8217;) de su \u00faltima publicaci\u00f3n en Instagram para centrarse en su trabajo y no despistarse con posibles insultos y mofas, que ya le hicieron pasarlo mal en <strong>Montepellier<\/strong>.<\/p>\n<p><a class=\"elementos-rel-t2\" href=\"https:\/\/www.estadiodeportivo.com\/futbol\/sevilla-fc\/inexplicable-obstinacion-akor-adams-veces-fuera-juego-20251207-522985.html\" title=\"La inexplicable obstinaci\u00f3n de Akor Adams: \u00a122 veces en fuera de juego!\" rel=\"nofollow noopener\" target=\"_blank\"><\/p>\n<p class=\"titular titulo-4\">La inexplicable obstinaci\u00f3n de Akor Adams: \u00a122 veces en fuera de juego!<\/p>\n<p><img decoding=\"async\" src=\"https:\/\/www.europesays.com\/es\/wp-content\/uploads\/2025\/12\/6e94246e-6ce6-4ef5-b0ec-d2067bf9d8fa_320x180.jpeg\" alt=\"La inexplicable obstinaci\u00f3n de Akor Adams: \u00a122 veces en fuera de juego!\"\/><\/a><a class=\"elementos-rel-t2\" href=\"https:\/\/www.estadiodeportivo.com\/futbol\/sevilla-fc\/seleccionador-akor-adams-ejuke-monta-colera-congoleno-nos-hizo-vudu-20251117-520615.html\" title=\"El seleccionador de Akor Adams y Ejuke monta en c\u00f3lera: &quot;Un congole\u00f1o nos hizo vud\u00fa&quot;\" rel=\"nofollow noopener\" target=\"_blank\"><\/p>\n<p class=\"titular titulo-4\">El seleccionador de Akor Adams y Ejuke monta en c\u00f3lera: \u00abUn congole\u00f1o nos hizo vud\u00fa\u00bb<\/p>\n<p><img decoding=\"async\" src=\"https:\/\/www.europesays.com\/es\/wp-content\/uploads\/2025\/12\/5ec4f9d7-f86f-4b36-b702-b18908722b52_320x180.jpeg\" alt=\"El seleccionador de Akor Adams y Ejuke monta en c\u00f3lera: &quot;Un congole\u00f1o nos hizo vud\u00fa&quot;\"\/><\/a><a class=\"elementos-rel-t2\" href=\"https:\/\/www.estadiodeportivo.com\/futbol\/sevilla-fc\/premio-con-suspense-para-bakambu-pena-maxima-para-akor-adams-ejuke-20251116-520563.html\" title=\"Premio con suspense para Bakambu, pena m\u00e1xima para Akor Adams y Ejuke\" rel=\"nofollow noopener\" target=\"_blank\"><\/p>\n<p class=\"titular titulo-4\">Premio con suspense para Bakambu, pena m\u00e1xima para Akor Adams y Ejuke<\/p>\n<p><img decoding=\"async\" src=\"https:\/\/www.europesays.com\/es\/wp-content\/uploads\/2025\/12\/c05be07d-0304-4f0c-a202-99edd925f7b2_320x180.jpeg\" alt=\"Premio con suspense para Bakambu, pena m\u00e1xima para Akor Adams y Ejuke\"\/><\/a>Como Ejuke, pendiente de \u00c9ric Chelle<\/p>\n<p class=\"parrafo\">El pasado <strong>2 de diciembre<\/strong>, el seleccionador nacional de <strong>Nigeria <\/strong>ofrec\u00eda una prelista de <strong>54 jugadores<\/strong> para la inminente <strong>Copa Africana de Naciones<\/strong> <a href=\"https:\/\/www.estadiodeportivo.com\/futbol\/sevilla-fc\/akor-adams-ejuke-prelista-nigeria-para-copa-africa-20251202-522416.html\" target=\"_blank\" class=\"intext-link\" rel=\"nofollow noopener\">en la que est\u00e1n incluidos tanto Akor Adams como Chidera Ejuke<\/a>. Aunque hay nada m\u00e1s y nada menos que <strong>24 atacantes<\/strong>, ambos aspiran a quedarse tras el corte final de <strong>\u00c9ric Chelle<\/strong>, que tiene como m\u00e1ximo hasta el pr\u00f3ximo <strong>jueves 11-D<\/strong> para nominar a los <strong>26 integrantes<\/strong><strong> definitivos<\/strong> de un equipo que competir\u00e1 entre el <strong>21 de diciembre<\/strong> y el <strong>18 de enero<\/strong> en <strong>Marruecos<\/strong> por el t\u00edtulo continental en la \u00faltima edici\u00f3n invernal, pues la edici\u00f3n de <strong>2027<\/strong> se jugar\u00e1 en verano, como las otras grandes citas. De momento, lo \u00faltimo que se ha anunciado es un amistoso en <strong>El Cairo<\/strong> contra <strong>Egipto<\/strong> el pr\u00f3ximo <strong>16-D<\/strong> para preparar el desembarco en tierras magreb\u00edes.<\/p>\n<p><img decoding=\"async\" src=\"https:\/\/www.europesays.com\/es\/wp-content\/uploads\/2025\/12\/92272a39-1859-4086-9b1f-689044613526_800x1067.jpeg\" loading=\"lazy\"\/><\/p>\n","protected":false},"excerpt":{"rendered":"El delantero nigeriano, que podr\u00eda disputar el domingo su \u00faltimo partido antes de marcharse a la Copa de&hellip;\n","protected":false},"author":2,"featured_media":278634,"comment_status":"","ping_status":"","sticky":false,"template":"","format":"standard","meta":{"footnotes":""},"categories":[268],"tags":[60391,168,25,24,284,280,282,2993,281,23,167],"class_list":{"0":"post-278633","1":"post","2":"type-post","3":"status-publish","4":"format-standard","5":"has-post-thumbnail","7":"category-futbol","8":"tag-akor-jerome-adams","9":"tag-deportes","10":"tag-es","11":"tag-espana","12":"tag-estadio-deportivo","13":"tag-football","14":"tag-futbol","15":"tag-sevilla-futbol-club","16":"tag-soccer","17":"tag-spain","18":"tag-sports"},"share_on_mastodon":{"url":"https:\/\/pubeurope.com\/@es\/115687100848442643","error":""},"_links":{"self":[{"href":"https:\/\/www.europesays.com\/es\/wp-json\/wp\/v2\/posts\/278633","targetHints":{"allow":["GET"]}}],"collection":[{"href":"https:\/\/www.europesays.com\/es\/wp-json\/wp\/v2\/posts"}],"about":[{"href":"https:\/\/www.europesays.com\/es\/wp-json\/wp\/v2\/types\/post"}],"author":[{"embeddable":true,"href":"https:\/\/www.europesays.com\/es\/wp-json\/wp\/v2\/users\/2"}],"replies":[{"embeddable":true,"href":"https:\/\/www.europesays.com\/es\/wp-json\/wp\/v2\/comments?post=278633"}],"version-history":[{"count":0,"href":"https:\/\/www.europesays.com\/es\/wp-json\/wp\/v2\/posts\/278633\/revisions"}],"wp:featuredmedia":[{"embeddable":true,"href":"https:\/\/www.europesays.com\/es\/wp-json\/wp\/v2\/media\/278634"}],"wp:attachment":[{"href":"https:\/\/www.europesays.com\/es\/wp-json\/wp\/v2\/media?parent=278633"}],"wp:term":[{"taxonomy":"category","embeddable":true,"href":"https:\/\/www.europesays.com\/es\/wp-json\/wp\/v2\/categories?post=278633"},{"taxonomy":"post_tag","embeddable":true,"href":"https:\/\/www.europesays.com\/es\/wp-json\/wp\/v2\/tags?post=278633"}],"curies":[{"name":"wp","href":"https:\/\/api.w.org\/{rel}","templated":true}]}}