{"id":278651,"date":"2025-12-09T02:03:12","date_gmt":"2025-12-09T02:03:12","guid":{"rendered":"https:\/\/www.europesays.com\/es\/278651\/"},"modified":"2025-12-09T02:03:12","modified_gmt":"2025-12-09T02:03:12","slug":"no-hay-que-facilitar-ningun-dato-personal","status":"publish","type":"post","link":"https:\/\/www.europesays.com\/es\/278651\/","title":{"rendered":"No hay que facilitar ning\u00fan dato personal"},"content":{"rendered":"<p>La baliza V-16 ser\u00e1 <b><a href=\"https:\/\/www.eleconomista.es\/motor\/noticias\/13680002\/12\/25\/los-creadores-de-las-balizas-v16-alertan-a-los-conductores-antes-de-que-empiece-2026-hoy-hay-stock-manana-no-lo-sabemos.html\" title=\"Los creadores de las balizas V-16 alertan a los conductores antes de que empiece 2026: &quot;Hoy hay stock, ma\u00f1ana no lo sabemos&quot;\" rel=\"nofollow noopener\" target=\"_blank\">obligatoria a partir del 1 de enero de 2026<\/a><\/b> para se\u00f1alizar aver\u00edas y accidentes en carretera. Las balizas deber\u00e1n estar certificadas por IDIADA o LCOE, que son los laboratorios t\u00e9cnicos autorizados que ratifican que los modelos cumplen con la normativa exigida para el uso y buen funcionamiento de esta.<\/p>\n<p>No llevar la baliza V-16 en el veh\u00edculo o llevar una que no est\u00e9 homologada acarrear\u00e1 una <b><a href=\"https:\/\/www.eleconomista.es\/motor\/noticias\/13661592\/11\/25\/como-demostrar-que-tu-baliza-v16-esta-homologada-el-documento-debes-guardar-en-la-guantera-para-evitar-multas-de-la-dgt.html\" title=\"C\u00f3mo demostrar que tu baliza V16 est\u00e1 homologada: el documento debes guardar en la guantera para evitar multas de la DGT\" rel=\"nofollow noopener\" target=\"_blank\">sanci\u00f3n considerada leve de 80 euros<\/a><\/b>, misma cantidad que la establecida para el que no llevara los tri\u00e1ngulos de prese\u00f1alizaci\u00f3n.<\/p>\n<p>\u00abLa baliza conectada no vigila al conductor: <b>s\u00f3lo env\u00eda una se\u00f1al an\u00f3nima cuando t\u00fa la enciendes por una emergencia<\/b>\u00ab, ha aclarado a Europa Press el responsable de Producto de Wottoline, Borja Mart\u00edn Palomino.<\/p>\n<p>Desde la compa\u00f1\u00eda, que dispone de dos modelos homologados (FaseLight e iWottoLight), recuerdan la importancia de elegir<b> balizas homologadas y geolocalizables<\/b>, con geolocalizaci\u00f3n an\u00f3nima y servicios extra a trav\u00e9s de la app SOS Alert.<\/p>\n<p>Los dos modelos que ofrece Wottoline est\u00e1n homologados seg\u00fan la normativa vigente y se <b>conectan a la plataforma DGT 3.0<\/b> para se\u00f1alar veh\u00edculos inmovilizados \u00abde forma r\u00e1pida y eficaz\u00bb.<\/p>\n<p>En un mercado donde conviven balizas que \u00abno cumplen con todos los requisitos\u00bb, Mart\u00edn Palomino ha subrayado <b>la importancia de diferenciar \u00abentre simples luces de emergencia y balizas V16 homologadas <\/b>y geolocalizadas\u00bb.<\/p>\n<p>Ante las dudas de los usuarios por la privacidad de estas balizas, ha explicado que tanto en el <b>modelo FaseLight como iWottoLight la SIM integrada<\/b> es an\u00f3nima: no est\u00e1 asociada al nombre, DNI ni tel\u00e9fono del conductor.<\/p>\n<blockquote class=\"orange-stripe\"><p>Solo se env\u00eda a DGT 3.0 la posici\u00f3n del veh\u00edculo detenido y datos t\u00e9cnicos del dispositivo<\/p><\/blockquote>\n<p>\u00abNo hay que facilitar ning\u00fan dato personal para usar la baliza. <b>Solo se env\u00eda a DGT 3.0 la posici\u00f3n del veh\u00edculo detenido y datos t\u00e9cnicos del dispositivo<\/b>, nada m\u00e1s. La geolocalizaci\u00f3n s\u00f3lo se activa cuando se enciende la baliza por una incidencia; mientras est\u00e1 apagada, no emite se\u00f1al ni hace seguimiento del veh\u00edculo\u00bb, ha apuntado el responsable de Producto de la empresa.<\/p>\n<p>As\u00ed, el objetivo exclusivo es avisar al resto de usuarios y a los sistemas de tr\u00e1fico de que hay un <b>veh\u00edculo inmovilizado en un punto concreto de la v\u00eda<\/b>, mejorando la seguridad de todos.<\/p>\n<p>Estas balizas homologadas pueden vincularse opcionalmente con la app SOS Alert, que mejora la gesti\u00f3n de la aver\u00eda o accidente. No obstante, este requisito no es necesario ya que la baliza cumple la normativa aunque el usuario no utilice la aplicaci\u00f3n, ya que<b> SOS Alert es un servicio a\u00f1adido<\/b> para tener toda la informaci\u00f3n y avisos centralizados.<\/p>\n<p>WhatsApp<a href=\"https:\/\/api.whatsapp.com\/send?text=https:\/\/www.eleconomista.es\/motor\/noticias\/13681149\/12\/25\/como-utiliza-la-dgt-los-datos-de-la-baliza-v16-de-tu-coche-cuando-la-colocas-en-el-techo.html?utm_source%3Dwhatsapp%26utm_medium%3Dshare_button&amp;id=1648118629957_whatsapp\" target=\"_blank\" data-action=\"share\/whatsapp\/share\" aria-label=\"Compartir en Whatsapp\" rel=\"nofollow noopener\"><\/a>Facebook<a id=\"fb-share\" href=\"#\" target=\"_blank\" rel=\"noopener noreferrer\" aria-label=\"Compartir en Facebook\"><\/a>Twitter<a href=\"https:\/\/twitter.com\/share?text=Qu%C3%A9+datos+env%C3%ADa+la+baliza+V-16+del+coche+a+la+DGT+cuando+se+activa%3A+%22No+hay+que+facilitar+ning%C3%BAn+dato+personal%22&amp;url=https:\/\/www.eleconomista.es\/motor\/noticias\/13681149\/12\/25\/como-utiliza-la-dgt-los-datos-de-la-baliza-v16-de-tu-coche-cuando-la-colocas-en-el-techo.html&amp;via=elEconomistaes&amp;id=1648118839245_twitter\" target=\"_blank\" aria-label=\"Compartir en Twitter\" rel=\"nofollow noopener\"><\/a>Linkedin<a href=\"https:\/\/linkedin.com\/share?text=https:\/\/www.eleconomista.es\/motor\/noticias\/13681149\/12\/25\/como-utiliza-la-dgt-los-datos-de-la-baliza-v16-de-tu-coche-cuando-la-colocas-en-el-techo.html&amp;via=elEconomistaes\" target=\"_blank\" aria-label=\"Compartir en linkedin\" rel=\"nofollow noopener\"><\/a>Beloud<a href=\"https:\/\/beloud.com\/share?text=Qu%C3%A9+datos+env%C3%ADa+la+baliza+V-16+del+coche+a+la+DGT+cuando+se+activa%3A+%22No+hay+que+facilitar+ning%C3%BAn+dato+personal%22&amp;url=https:\/\/www.eleconomista.es\/motor\/noticias\/13681149\/12\/25\/como-utiliza-la-dgt-los-datos-de-la-baliza-v16-de-tu-coche-cuando-la-colocas-en-el-techo.html&amp;via=elEconomistaes&amp;id=1648118839245_beloud\" target=\"_blank\" aria-label=\"Compartir en beloud\" rel=\"nofollow noopener\"><\/a>Bluesky<a href=\"https:\/\/bsky.app\/intent\/compose?text=https:\/\/bsky.app\/intent\/compose?text=https:\/\/www.eleconomista.es\/motor\/noticias\/13681149\/12\/25\/como-utiliza-la-dgt-los-datos-de-la-baliza-v16-de-tu-coche-cuando-la-colocas-en-el-techo.html&amp;url=https:\/\/www.eleconomista.es\/motor\/noticias\/13681149\/12\/25\/como-utiliza-la-dgt-los-datos-de-la-baliza-v16-de-tu-coche-cuando-la-colocas-en-el-techo.html&amp;via=elEconomistaes&amp;id=1648118839245_bluesky\" target=\"_blank\" aria-label=\"Compartir en bluesky\" rel=\"nofollow noopener\"><\/a><\/p>\n<p><script async src=\"https:\/\/platform.twitter.com\/widgets.js\" charset=\"utf-8\"><\/script><\/p>\n","protected":false},"excerpt":{"rendered":"La baliza V-16 ser\u00e1 obligatoria a partir del 1 de enero de 2026 para se\u00f1alizar aver\u00edas y accidentes&hellip;\n","protected":false},"author":2,"featured_media":278652,"comment_status":"","ping_status":"","sticky":false,"template":"","format":"standard","meta":{"footnotes":""},"categories":[8],"tags":[17,18,25,24,13,14,11,19,20,2362,9,10,15,16,23,12,21,22],"class_list":{"0":"post-278651","1":"post","2":"type-post","3":"status-publish","4":"format-standard","5":"has-post-thumbnail","7":"category-espana","8":"tag-breaking-news","9":"tag-breakingnews","10":"tag-es","11":"tag-espana","12":"tag-featured-news","13":"tag-featurednews","14":"tag-headlines","15":"tag-latest-news","16":"tag-latestnews","17":"tag-motor","18":"tag-news","19":"tag-noticias","20":"tag-noticias-destacadas","21":"tag-noticiasdestacadas","22":"tag-spain","23":"tag-titulares","24":"tag-ultimas-noticias","25":"tag-ultimasnoticias"},"share_on_mastodon":{"url":"https:\/\/pubeurope.com\/@es\/115687155701299532","error":""},"_links":{"self":[{"href":"https:\/\/www.europesays.com\/es\/wp-json\/wp\/v2\/posts\/278651","targetHints":{"allow":["GET"]}}],"collection":[{"href":"https:\/\/www.europesays.com\/es\/wp-json\/wp\/v2\/posts"}],"about":[{"href":"https:\/\/www.europesays.com\/es\/wp-json\/wp\/v2\/types\/post"}],"author":[{"embeddable":true,"href":"https:\/\/www.europesays.com\/es\/wp-json\/wp\/v2\/users\/2"}],"replies":[{"embeddable":true,"href":"https:\/\/www.europesays.com\/es\/wp-json\/wp\/v2\/comments?post=278651"}],"version-history":[{"count":0,"href":"https:\/\/www.europesays.com\/es\/wp-json\/wp\/v2\/posts\/278651\/revisions"}],"wp:featuredmedia":[{"embeddable":true,"href":"https:\/\/www.europesays.com\/es\/wp-json\/wp\/v2\/media\/278652"}],"wp:attachment":[{"href":"https:\/\/www.europesays.com\/es\/wp-json\/wp\/v2\/media?parent=278651"}],"wp:term":[{"taxonomy":"category","embeddable":true,"href":"https:\/\/www.europesays.com\/es\/wp-json\/wp\/v2\/categories?post=278651"},{"taxonomy":"post_tag","embeddable":true,"href":"https:\/\/www.europesays.com\/es\/wp-json\/wp\/v2\/tags?post=278651"}],"curies":[{"name":"wp","href":"https:\/\/api.w.org\/{rel}","templated":true}]}}