{"id":278657,"date":"2025-12-09T02:12:25","date_gmt":"2025-12-09T02:12:25","guid":{"rendered":"https:\/\/www.europesays.com\/es\/278657\/"},"modified":"2025-12-09T02:12:25","modified_gmt":"2025-12-09T02:12:25","slug":"j-9-gandia-vibra-con-la-explosion-de-un-kyle-greeley-en-modo-mvp-de-record","status":"publish","type":"post","link":"https:\/\/www.europesays.com\/es\/278657\/","title":{"rendered":"J.9: Gand\u00eda vibra con la explosi\u00f3n de un Kyle Greeley en modo MVP de r\u00e9cord"},"content":{"rendered":"<p>Sorprendi\u00f3 ya en su primera temporada profesional en Le\u00f3n el pasado curso y eso le vali\u00f3 su fichaje por el Proinbeni UPB Gand\u00eda, pero est\u00e1 siendo en esta segunda temporada cuando Kyle Greeley est\u00e1 siendo capaz de destapar el tarro de las esencias. Un jugador que ha mantenido como l\u00edder a su equipo durante este inicio de curso, pero cuyo primer MVP no fue suficiente para poder retenerlo en el gran partidazo del fin de semana.<\/p>\n<p>\u00c1REA DE COMUNICACI\u00d3N FEB<\/p>\n<p>Tres de las cinco valoraciones m\u00e1s altas de la temporada han llegado este fin de semana en una Segunda FEB en la que tendr\u00edamos que retroceder hasta el pasado 2021 para encontrar una actuaci\u00f3n superior a la del actual MVP. Concretamente en los 52 tantos de valoraci\u00f3n de un Mill\u00e1n Jim\u00e9nez (Valencia BC) que ha encontrado este s\u00e1bado sucesor desde la Comunidad Valenciana.<\/p>\n<p>Porque Kyle Greeley (Proinbeni UPB Gand\u00eda) fue el gran protagonista dentro del mejor partido de la temporada en la competici\u00f3n. Un exterior que se fue hasta los 51 tantos de valoraci\u00f3n en un duelo que se resolvi\u00f3 en la pr\u00f3rroga y en el que su inercia no fue en esta ocasi\u00f3n suficiente para poder mantener a los suyos en el liderato de la Conferencia Este. Y eso que lo intent\u00f3 de todos los modos posibles con 36 puntos, 8 rebotes, 3 asistencias, 2 recuperaciones, 1 tap\u00f3n y 11 faltas recibidas con las que hacer historia, pero con los que no pudo tumbar a un s\u00f3lido Bueno Arenas Albacete.<\/p>\n<p>Un jugador al que seguir muy de cerca y que promete intensas emociones en su segunda campa\u00f1a en la competici\u00f3n.<\/p>\n<p>J.9: Proinbeni UPB Gand\u00eda vs Bueno Arenas Albacete (99-103)<br \/>&#13;<br \/>\n&#8211; <a href=\"https:\/\/baloncestoenvivo.feb.es\/Partido.aspx?p=2486907\" target=\"_self\" rel=\"nofollow noopener\">Enlace:\u00a0Estad\u00edstica del partido<\/a>\u00a0<\/p>\n<p>El quinteto ideal de la jornada:<br \/>&#13;<br \/>\n<br \/>&#13;<br \/>\nBase: Alonso Meana (CEB Ll\u00edria)\u00a044 val: 40 puntos (13\/13 TL y 10\/19 TC), 5 rebotes, 6 asistencias y 8 faltas recibidas.<br \/>&#13;<br \/>\nEscolta:\u00a0Kyle Greeley (Proinbeni UPB Gand\u00eda) 51 val:\u00a036 puntos (14\/15 TL y 9\/14 TC), 8 rebotes, 3 asistencias, 2 recuperaciones, 1 tap\u00f3n y 11 faltas recibidas<br \/>&#13;<br \/>\nAlero:\u00a0Jonathan Zhao Olmos (CB Zaragoza) 34 val: 29 puntos (10\/11 TL y 7\/11 TC), 4 rebotes, 2 asistencias y 7 faltas recibidas.<br \/>&#13;<br \/>\nAla p\u00edvot:\u00a0Dorde Simeunovic (Spanish Basketball Academy) 40 val: 34 puntos (8\/10 TL y 13\/20 TC), 9 rebotes, 3 asistencias, 1 tap\u00f3n y 10 faltas recibidas.<br \/>&#13;<br \/>\nP\u00edvot:\u00a0Diante Bah (Amics Castell\u00f3) 26 val: 19 puntos (9\/10 TL y 5\/8 TC), 9 rebotes, 1 asistencia y 6 faltas recibidas.<\/p>\n<p>Estad\u00edsticas de la temporada &#8211; Kyle Greeley:<\/p>\n<p><a href=\"https:\/\/baloncestoenvivo.feb.es\/jugador\/981347\/2736564\" target=\"_self\" rel=\"nofollow noopener\">FICHA COMPLETA<\/a><br \/>&#13;<br \/>\nPartidos jugados: 13<br \/>&#13;<br \/>\nMinutos: 25,41 p.p.<br \/>&#13;<br \/>\nPuntos: 18,5 p.p.<br \/>&#13;<br \/>\nRebotes: 4,9 p.p.<br \/>&#13;<br \/>\nAsistencias: 1,6 p.p.<br \/>&#13;<br \/>\nRecuperaciones: 1 p.p.<br \/>&#13;<br \/>\nTapones: 0,3 p.p.<br \/>&#13;<br \/>\nFaltas recibidas: 4,2 p.p.<br \/>&#13;<br \/>\nValoraci\u00f3n: 20,3 p.p.<\/p>\n<p>Trayectoria deportiva \u2013 Kyle Greeley:<\/p>\n<p>Categor\u00edas de formaci\u00f3n: West Salem High School (USA)<br \/>&#13;<br \/>\n2019\/21: Portland State Vikings (NCAA- USA)<br \/>&#13;<br \/>\n2021\/24: St. Martin\u2019s Saint (NCAA &#8211; USA)<br \/>&#13;<br \/>\n2024\/25: Cultural y Deportiva Leonesa (Segunda FEB)<br \/>&#13;<br \/>\n2025\/26: Proinbeni UPB Gand\u00eda (Segunda FEB)<\/p>\n","protected":false},"excerpt":{"rendered":"Sorprendi\u00f3 ya en su primera temporada profesional en Le\u00f3n el pasado curso y eso le vali\u00f3 su fichaje&hellip;\n","protected":false},"author":2,"featured_media":278658,"comment_status":"","ping_status":"","sticky":false,"template":"","format":"standard","meta":{"footnotes":""},"categories":[269],"tags":[4605,299,1918,298,4597,4613,4616,4609,4608,4610,168,4603,4606,25,24,4120,4598,4614,2713,4601,830,4599,4600,4602,4615,4617,4607,4604,23,167,4611,4612],"class_list":{"0":"post-278657","1":"post","2":"type-post","3":"status-publish","4":"format-standard","5":"has-post-thumbnail","7":"category-baloncesto","8":"tag-arbitros-baloncesto","9":"tag-baloncesto","10":"tag-basket","11":"tag-basketball","12":"tag-basquet","13":"tag-canalfeb","14":"tag-clasificacion","15":"tag-copa-princesa","16":"tag-copa-principe","17":"tag-copa-reina","18":"tag-deportes","19":"tag-eba","20":"tag-entrenadores-baloncesto","21":"tag-es","22":"tag-espana","23":"tag-estadisticas","24":"tag-federacion-baloncesto","25":"tag-jornada-virtual","26":"tag-jugadores","27":"tag-laeb-plata","28":"tag-leb-oro","29":"tag-liga-espana","30":"tag-liga-espanola-baloncesto","31":"tag-liga-femenina","32":"tag-marcadores-baloncesto","33":"tag-rankings","34":"tag-reglas-baloncesto","35":"tag-seleccion-baloncesto","36":"tag-spain","37":"tag-sports","38":"tag-supercopa","39":"tag-television-baloncesto"},"share_on_mastodon":{"url":"","error":"Validation failed: Text character limit of 500 exceeded"},"_links":{"self":[{"href":"https:\/\/www.europesays.com\/es\/wp-json\/wp\/v2\/posts\/278657","targetHints":{"allow":["GET"]}}],"collection":[{"href":"https:\/\/www.europesays.com\/es\/wp-json\/wp\/v2\/posts"}],"about":[{"href":"https:\/\/www.europesays.com\/es\/wp-json\/wp\/v2\/types\/post"}],"author":[{"embeddable":true,"href":"https:\/\/www.europesays.com\/es\/wp-json\/wp\/v2\/users\/2"}],"replies":[{"embeddable":true,"href":"https:\/\/www.europesays.com\/es\/wp-json\/wp\/v2\/comments?post=278657"}],"version-history":[{"count":0,"href":"https:\/\/www.europesays.com\/es\/wp-json\/wp\/v2\/posts\/278657\/revisions"}],"wp:featuredmedia":[{"embeddable":true,"href":"https:\/\/www.europesays.com\/es\/wp-json\/wp\/v2\/media\/278658"}],"wp:attachment":[{"href":"https:\/\/www.europesays.com\/es\/wp-json\/wp\/v2\/media?parent=278657"}],"wp:term":[{"taxonomy":"category","embeddable":true,"href":"https:\/\/www.europesays.com\/es\/wp-json\/wp\/v2\/categories?post=278657"},{"taxonomy":"post_tag","embeddable":true,"href":"https:\/\/www.europesays.com\/es\/wp-json\/wp\/v2\/tags?post=278657"}],"curies":[{"name":"wp","href":"https:\/\/api.w.org\/{rel}","templated":true}]}}