{"id":278659,"date":"2025-12-09T02:13:10","date_gmt":"2025-12-09T02:13:10","guid":{"rendered":"https:\/\/www.europesays.com\/es\/278659\/"},"modified":"2025-12-09T02:13:10","modified_gmt":"2025-12-09T02:13:10","slug":"morata-confirma-su-lesion-la-frustracion-pesa-mucho","status":"publish","type":"post","link":"https:\/\/www.europesays.com\/es\/278659\/","title":{"rendered":"Morata confirma su lesi\u00f3n: \u00abLa frustraci\u00f3n pesa mucho\u00bb"},"content":{"rendered":"<p data-mrf-recirculation=\"Links P\u00e1rrafos\" class=\"ue-c-article__paragraph paragraph xai-icon-container ue-c-article--first-letter-highlighted\">El espa\u00f1ol \u00c1lvaro Morata confirm\u00f3 este lunes que sufri\u00f3 una lesi\u00f3n en su aductor izquierdo durante el partido ante el Inter Mil\u00e1n y <strong>reconoci\u00f3 la frustraci\u00f3n que siente en este inicio de compa\u00f1a<\/strong> como jugador del Como 1907 en una campa\u00f1a que a\u00fan no ha conseguido marcar.<\/p>\n<p data-mrf-recirculation=\"Links P\u00e1rrafos\" class=\"ue-c-article__paragraph paragraph xai-icon-container\">\u00abCuando las cosas no salen como esperabas, cuando das lo mejor de ti pero no consigues llegar adonde quieres, la frustraci\u00f3n pesa mucho. Y ahora, adem\u00e1s, esta lesi\u00f3n. Pero incluso en momentos como este, me siento afortunado: <strong>por mis compa\u00f1eros, por mi club, por la incre\u00edble afici\u00f3n, por toda esa gente maravillosa que ya siento como m\u00eda<\/strong>. Estoy orgulloso de pertenecer al Como\u00bb, expres\u00f3 en su cuenta de Instagram.<\/p>\n<p data-mrf-recirculation=\"Links P\u00e1rrafos\" class=\"ue-c-article__paragraph paragraph xai-icon-container\">El mensaje lleg\u00f3 despu\u00e9s de que el pasado s\u00e1bado tuviera que abandonar el partido ante el Inter en San Siro a la media hora por lesi\u00f3n. Pegado al bander\u00edn de saque de esquina del perfil zurdo defendido por el Inter, emparejado con Dimarco y Thuram, Morata <strong>se hizo da\u00f1o intentando solventar la presi\u00f3n de sus dos rivales.<\/strong><\/p>\n<p data-mrf-recirculation=\"Links P\u00e1rrafos\" class=\"ue-c-article__paragraph paragraph xai-icon-container\">Se dej\u00f3 caer al suelo y r\u00e1pidamente se llev\u00f3 la mano a su aductor izquierdo, dejando claras muestras de no poder continuar en el partido.<\/p>\n<p data-mrf-recirculation=\"Links P\u00e1rrafos\" class=\"ue-c-article__paragraph paragraph xai-icon-container\">Por el momento no hay comunicado oficial del club profundizando en el tipo de lesi\u00f3n y m\u00e1rgenes de recuperaci\u00f3n, pero <strong>las primeras informaciones desde Italia no invitan al optimismo y hablan de una lesi\u00f3n de varios meses de recuperaci\u00f3n.<\/strong><\/p>\n<p data-mrf-recirculation=\"Links P\u00e1rrafos\" class=\"ue-c-article__paragraph paragraph xai-icon-container\">\u00abMe recuperar\u00e9, me levantar\u00e9 y volver\u00e9 para ayudar a conseguir todos nuestros objetivos. <strong>Como siempre: desde abajo, trabajando como lo he hecho toda mi vida<\/strong>. Gracias por vuestro apoyo\u00bb, a\u00f1adi\u00f3 Morata.<\/p>\n","protected":false},"excerpt":{"rendered":"El espa\u00f1ol \u00c1lvaro Morata confirm\u00f3 este lunes que sufri\u00f3 una lesi\u00f3n en su aductor izquierdo durante el partido&hellip;\n","protected":false},"author":2,"featured_media":278660,"comment_status":"","ping_status":"","sticky":false,"template":"","format":"standard","meta":{"footnotes":""},"categories":[268],"tags":[168,25,24,280,282,281,23,167],"class_list":{"0":"post-278659","1":"post","2":"type-post","3":"status-publish","4":"format-standard","5":"has-post-thumbnail","7":"category-futbol","8":"tag-deportes","9":"tag-es","10":"tag-espana","11":"tag-football","12":"tag-futbol","13":"tag-soccer","14":"tag-spain","15":"tag-sports"},"share_on_mastodon":{"url":"https:\/\/pubeurope.com\/@es\/115687195063486858","error":""},"_links":{"self":[{"href":"https:\/\/www.europesays.com\/es\/wp-json\/wp\/v2\/posts\/278659","targetHints":{"allow":["GET"]}}],"collection":[{"href":"https:\/\/www.europesays.com\/es\/wp-json\/wp\/v2\/posts"}],"about":[{"href":"https:\/\/www.europesays.com\/es\/wp-json\/wp\/v2\/types\/post"}],"author":[{"embeddable":true,"href":"https:\/\/www.europesays.com\/es\/wp-json\/wp\/v2\/users\/2"}],"replies":[{"embeddable":true,"href":"https:\/\/www.europesays.com\/es\/wp-json\/wp\/v2\/comments?post=278659"}],"version-history":[{"count":0,"href":"https:\/\/www.europesays.com\/es\/wp-json\/wp\/v2\/posts\/278659\/revisions"}],"wp:featuredmedia":[{"embeddable":true,"href":"https:\/\/www.europesays.com\/es\/wp-json\/wp\/v2\/media\/278660"}],"wp:attachment":[{"href":"https:\/\/www.europesays.com\/es\/wp-json\/wp\/v2\/media?parent=278659"}],"wp:term":[{"taxonomy":"category","embeddable":true,"href":"https:\/\/www.europesays.com\/es\/wp-json\/wp\/v2\/categories?post=278659"},{"taxonomy":"post_tag","embeddable":true,"href":"https:\/\/www.europesays.com\/es\/wp-json\/wp\/v2\/tags?post=278659"}],"curies":[{"name":"wp","href":"https:\/\/api.w.org\/{rel}","templated":true}]}}