{"id":278663,"date":"2025-12-09T02:17:29","date_gmt":"2025-12-09T02:17:29","guid":{"rendered":"https:\/\/www.europesays.com\/es\/278663\/"},"modified":"2025-12-09T02:17:29","modified_gmt":"2025-12-09T02:17:29","slug":"sandra-barneda-para-los-pies-a-una-soltera-en-el-primer-cara-a-cara-de-la-isla-de-las-tentaciones-vuelve-a-tu-sitio","status":"publish","type":"post","link":"https:\/\/www.europesays.com\/es\/278663\/","title":{"rendered":"Sandra Barneda para los pies a una soltera en el primer cara a cara de \u2018La isla de las tentaciones\u2019: \u201cVuelve a tu sitio\u201d"},"content":{"rendered":"<p>La novena edici\u00f3n de \u2018La isla de las tentaciones\u2019 contin\u00faa reinvent\u00e1ndose cap\u00edtulo tras cap\u00edtulo, y esta noche ha estrenado una din\u00e1mica in\u00e9dita:<strong> el primer cara a cara entre participantes y tentadores vetados<\/strong>. Lo que en un principio las parejas cre\u00edan que era un simple veto de 24 horas para apartar a un soltero o soltera de las villas, se ha convertido en una de las confrontaciones m\u00e1s tensas de toda la temporada.<\/p>\n<p><img loading=\"lazy\" decoding=\"async\"   src=\"https:\/\/www.europesays.com\/es\/wp-content\/uploads\/2025\/12\/la-isla-de-las-tentaciones_8cc6eb4c_251208234835_1200x684.webp.webp\" alt=\"la isla de las tentaciones\" class=\"lazyload\" width=\"1200\" height=\"684\" data-aspectratio=\"1200\/684\"\/><\/p>\n<p>Esta noche ha estrenado una din\u00e1mica in\u00e9dita:<strong> <\/strong>el primer cara a cara entre participantes y tentadores vetados.<\/p>\n<p>&#13;Telecinco<\/p>\n<p>El movimiento de <strong>Helena y Rodri al vetar a Olatz y Albert Barranco<\/strong> ha activado autom\u00e1ticamente una mec\u00e1nica que nadie vio venir: <strong>ambos se ver\u00edan obligados a enfrentarse cara a cara con la tentaci\u00f3n de su pareja<\/strong> con Sandra Barneda como mediadora. Y el resultado ha sido un <a href=\"https:\/\/www.lecturas.com\/television\/terelu-campos-confiesa-que-vivio-reencuentro-entre-dario-almudena-isla-tentaciones-me-quede-rota_185520\" target=\"_blank\" rel=\"nofollow noopener\">estallido de tensi\u00f3n<\/a>, reproches, gritos y un enfrentamiento que la presentadora ha tenido que frenar en seco.<\/p>\n<p>El cara a cara entre Helena y Olatz<\/p>\n<p>La primera llamada ha sido para Helena. Sandra ha aparecido en Villa Playa para comunicarle la noticia: \u201c<strong>Vuestra decisi\u00f3n de veto para Olatz condicion\u00f3 este cara a cara<\/strong>.\u201d Por otro lado, en Villa Monta\u00f1a, <strong>Olatz ha descubierto que era ella la vetada y tendr\u00eda que estar 24 horas alejada<\/strong>. Y aunque para Rodri ha sido como una jarra de agua fr\u00eda, tambi\u00e9n le ha gustado la iniciativa de su pareja: \u201cMe molesta porque ella ha cruzado m\u00e1s l\u00edmites que yo, pero me alegro, significa que est\u00e1 pensando en m\u00ed.\u201d<\/p>\n<p><img loading=\"lazy\" decoding=\"async\"   src=\"https:\/\/www.europesays.com\/es\/wp-content\/uploads\/2025\/12\/la-isla-de-las-tentaciones_ea70952f_251208234937_1200x670.webp.webp\" alt=\"la isla de las tentaciones\" class=\"lazyload\" width=\"1200\" height=\"670\" data-aspectratio=\"1200\/670\"\/><\/p>\n<p>El encuentro entre Helena y Olatz no ha tardado ni diez segundos en incendiarse.<\/p>\n<p>&#13;Telecinco<\/p>\n<p>El encuentro entre ambas no ha tardado ni diez segundos en incendiarse. La soltera ha llegado atacando a Helena: \u201c\u00bfTantas ganas ten\u00edas de verme que me das el veto? Eres la persona m\u00e1s falsa de toda la isla.\u201d Pero esa frase no le ha bastado a Olatz, que ha decidido ir hacia la pareja de Rodri y ponerse cara a cara mientras le segu\u00eda diciendo todo lo que pensaba de ella.\u00a0<\/p>\n<p><img loading=\"lazy\" decoding=\"async\"   src=\"https:\/\/www.europesays.com\/es\/wp-content\/uploads\/2025\/12\/la-isla-de-las-tentaciones_e4bb80f7_251208233147_1200x704.webp.webp\" alt=\"la isla de las tentaciones \" class=\"lazyload\" width=\"1200\" height=\"704\" data-aspectratio=\"1200\/704\"\/><\/p>\n<p>Sandra Barneda para los pies a una soltera en el primer cara a cara de \u2018La isla de las tentaciones\u2019: \u201cVuelve a tu sitio\u201d<\/p>\n<p>&#13;Telecinco<\/p>\n<p>Entonces, Helena le ha respondido de la misma forma: \u201cYo tambi\u00e9n me puedo levantar. No te lo quer\u00eda dar, pero aqu\u00ed me he dado cuenta de muchas cosas.\u201d El tono ha subido de inmediato y Sandra Barneda ha tenido que intervenir para que la discusi\u00f3n no pasara a mayores: \u201c<strong>Olatz, por favor, vuelve a tu sitio. Col\u00f3cate en tu lugar.<\/strong>\u201d Al ver que el enfrentamiento continuaba, la presentadora se ha acercado a ellas: \u201c<strong>Chicas, por favor. Olatz, si\u00e9ntate<\/strong>.\u201d\u00a0<\/p>\n<p>Tras conseguir que la soltera se colocara en su sitio, Sandra ha explicado que Helena dispon\u00eda de<strong> 10 minutos para preguntar lo que quisiera<\/strong> y Olatz tendr\u00eda libertad para responder con verdades o mentiras, siempre sin desvelar informaci\u00f3n de Villa Monta\u00f1a. La primera y \u00faltima pregunta ha sido directa al coraz\u00f3n: \u201c<strong>\u00bfSe ha arrepentido Rodri de ponerme los cuernos?<\/strong>\u201d A lo que la soltera ha contestado de manera tajante: \u00ab<strong>No<\/strong>\u00ab.<\/p>\n<p><img loading=\"lazy\" decoding=\"async\"   src=\"https:\/\/www.europesays.com\/es\/wp-content\/uploads\/2025\/12\/la-isla-de-las-tentaciones_6bacbdd5_251208235114_1200x673.webp.webp\" alt=\"la isla de las tentaciones\" class=\"lazyload\" width=\"1200\" height=\"673\" data-aspectratio=\"1200\/673\"\/><\/p>\n<p>Helena dispon\u00eda de 10 minutos para preguntar lo que quisiera y Olatz tendr\u00eda libertad para responder.\u00a0<\/p>\n<p>&#13;Telecinco<\/p>\n<p>La respuesta ha enfadado a Helena: \u201c<strong>No tienes ni idea. No te metas en mi relaci\u00f3n<\/strong>.\u201d A partir de ah\u00ed, los reproches se han ido amontonando, y ya nada parec\u00eda encarrilar la conversaci\u00f3n. Al final, se han despedido con tensi\u00f3n y con la sensaci\u00f3n de no haber sacado nada en claro: \u00ab<strong>Me voy de aqu\u00ed como he venido. Me ha mentido en todo<\/strong>, dice que Rodri no se arrepiente y no es as\u00ed porque lo vi en la hoguera, y lo conozco\u00bb, le ha dicho Helena a Sandra.<\/p>\n<p>El cara a cara de Rodri y Barranco<\/p>\n<p>\u00a0<\/p>\n<p><img loading=\"lazy\" decoding=\"async\"   src=\"https:\/\/www.europesays.com\/es\/wp-content\/uploads\/2025\/12\/la-isla-de-las-tentaciones_08efa320_251208235309_1200x679.webp.webp\" alt=\"la isla de las tentaciones\" class=\"lazyload\" width=\"1200\" height=\"679\" data-aspectratio=\"1200\/679\"\/><\/p>\n<p>Nada m\u00e1s verse, Rodri le ha dicho a Barranco: \u201cDiez a\u00f1os recorri\u00e9ndote todos los plat\u00f3s buscando el amor y todav\u00eda no lo has encontrado\u201d<\/p>\n<p>&#13;Telecinco<\/p>\n<p>En paralelo, el cara a cara masculino se ha convertido en un <strong>choque de egos monumental<\/strong>. Como era de esperar, nada m\u00e1s verse han empezado las chuler\u00edas: \u201cDiez a\u00f1os recorri\u00e9ndote todos los plat\u00f3s buscando el amor y todav\u00eda no lo has encontrado\u201d, le ha dicho Rodri a la tentaci\u00f3n de Helena. A lo que Barranco ha contestado: \u00ab<strong>6 d\u00edas me han bastado para quitarte a la novia<\/strong>\u00ab.\u00a0 Las descalificaciones se han ido multiplicando: \u201cpera\u201d, \u201ckiwi\u201d, \u201cmonigote\u201d, e incluso <strong>Rodri le ha llamado: \u201cEres el abuelo de la televisi\u00f3n<\/strong>.\u201d<\/p>\n<p><img loading=\"lazy\" decoding=\"async\"   src=\"https:\/\/www.europesays.com\/es\/wp-content\/uploads\/2025\/12\/la-isla-de-las-tentaciones_fd3817cb_251208235358_1200x670.webp.webp\" alt=\"la isla de las tentaciones\" class=\"lazyload\" width=\"1200\" height=\"670\" data-aspectratio=\"1200\/670\"\/><\/p>\n<p>Barranco ha ido a\u00fan m\u00e1s lejos: \u00abHelena se va a ir de aqu\u00ed siendo mi novia, y \u00e9l lo va a ver\u00bb.\u00a0<\/p>\n<p>&#13;Telecinco<\/p>\n<p>Pero cuando ha llegado la hora de hacer las preguntas, Rodri ha sabido aprovecharlas, y Barranco tambi\u00e9n: \u00ab<strong>\u00bfHelena te ha dicho que quiere salir contigo?\u00bb. \u00abS\u00ed\u00bb, ha respondido Barranco<\/strong>. Aunque Rodri no se lo ha cre\u00eddo. \u201cHelena se ha dado cuenta de que <strong>la persona que tiene al lado es un cero a la izquierda<\/strong>\u201d, le ha concretado el soltero.\u00a0<\/p>\n<p><img loading=\"lazy\" decoding=\"async\"   src=\"https:\/\/www.europesays.com\/es\/wp-content\/uploads\/2025\/12\/la-isla-de-las-tentaciones_12c854d5_251208235633_1200x671.webp.webp\" alt=\"la isla de las tentaciones\" class=\"lazyload\" width=\"1200\" height=\"671\" data-aspectratio=\"1200\/671\"\/><\/p>\n<p>Rodri ha asegurado tener claro lo que ocurrir\u00e1 en su hoguera final: \u00abCuando me vea, se va a romper, yo le dar\u00e9 mis explicaciones y s\u00e9 que vamos a salir de aqu\u00ed de la mano\u00bb.\u00a0<\/p>\n<p>&#13;Telecinco<\/p>\n<p>El novio de Helena, cada vez m\u00e1s nervioso, ha intentado mantenerse firme: \u201c<strong>Helena se va a ir de aqu\u00ed de mi mano. Lo tengo clar\u00edsimo<\/strong>.\u201d Pero su expresi\u00f3n lo delataba: dudaba. Pero Barranco ha ido a\u00fan m\u00e1s lejos: \u201c<strong>Helena se va a ir de aqu\u00ed siendo mi novia<\/strong>, y \u00e9l lo va a ver. A m\u00ed Helena me dice todos los d\u00edas que quiere estar conmigo fuera.\u201d<\/p>\n<p><img decoding=\"async\" src=\"https:\/\/www.europesays.com\/es\/wp-content\/uploads\/2025\/12\/bernardo-pantoja-y-junko_552c56eb_008_251208160404_800x800.webp.webp\" alt=\"Bernardo Pantoja y Junko\" class=\"image lazyload\"\/><img loading=\"lazy\" decoding=\"async\" src=\"https:\/\/www.europesays.com\/es\/wp-content\/uploads\/2025\/12\/bernardo-pantoja-y-junko_552c56eb_008_251208160412_1280x720.webp.webp\" alt=\"La nueva vida de Junko, madrastra de Anabel Pantoja, 3 a\u00f1os despu\u00e9s de la muerte de Bernardo\" class=\"image lazyload\" width=\"1280\" height=\"720\" data-aspectratio=\"1280\/720\"\/><\/p>\n<p>Tras despedirse, Sandra Barneda le ha preguntado a Rodri si pondr\u00eda la mano en el fuego porque saldr\u00e1 victorioso con su relaci\u00f3n. Pero la pareja de Helena ha asegurado tener claro lo que ocurrir\u00e1 en su hoguera final: \u00abYo s\u00e9 que es el amor de mi vida y yo s\u00e9 que ella tambi\u00e9n lo piensa as\u00ed. <strong>Cuando me vea, se va a romper, yo le dar\u00e9 mis explicaciones y s\u00e9 que vamos a salir de aqu\u00ed de la mano<\/strong>. Lo tengo clar\u00edsimo\u00bb.\u00a0<\/p>\n","protected":false},"excerpt":{"rendered":"La novena edici\u00f3n de \u2018La isla de las tentaciones\u2019 contin\u00faa reinvent\u00e1ndose cap\u00edtulo tras cap\u00edtulo, y esta noche ha&hellip;\n","protected":false},"author":2,"featured_media":278664,"comment_status":"","ping_status":"","sticky":false,"template":"","format":"standard","meta":{"footnotes":""},"categories":[171],"tags":[146,147,25,24,23,214],"class_list":{"0":"post-278663","1":"post","2":"type-post","3":"status-publish","4":"format-standard","5":"has-post-thumbnail","7":"category-tv","8":"tag-entertainment","9":"tag-entretenimiento","10":"tag-es","11":"tag-espana","12":"tag-spain","13":"tag-tv"},"share_on_mastodon":{"url":"https:\/\/pubeurope.com\/@es\/115687212048229204","error":""},"_links":{"self":[{"href":"https:\/\/www.europesays.com\/es\/wp-json\/wp\/v2\/posts\/278663","targetHints":{"allow":["GET"]}}],"collection":[{"href":"https:\/\/www.europesays.com\/es\/wp-json\/wp\/v2\/posts"}],"about":[{"href":"https:\/\/www.europesays.com\/es\/wp-json\/wp\/v2\/types\/post"}],"author":[{"embeddable":true,"href":"https:\/\/www.europesays.com\/es\/wp-json\/wp\/v2\/users\/2"}],"replies":[{"embeddable":true,"href":"https:\/\/www.europesays.com\/es\/wp-json\/wp\/v2\/comments?post=278663"}],"version-history":[{"count":0,"href":"https:\/\/www.europesays.com\/es\/wp-json\/wp\/v2\/posts\/278663\/revisions"}],"wp:featuredmedia":[{"embeddable":true,"href":"https:\/\/www.europesays.com\/es\/wp-json\/wp\/v2\/media\/278664"}],"wp:attachment":[{"href":"https:\/\/www.europesays.com\/es\/wp-json\/wp\/v2\/media?parent=278663"}],"wp:term":[{"taxonomy":"category","embeddable":true,"href":"https:\/\/www.europesays.com\/es\/wp-json\/wp\/v2\/categories?post=278663"},{"taxonomy":"post_tag","embeddable":true,"href":"https:\/\/www.europesays.com\/es\/wp-json\/wp\/v2\/tags?post=278663"}],"curies":[{"name":"wp","href":"https:\/\/api.w.org\/{rel}","templated":true}]}}