{"id":278677,"date":"2025-12-09T02:27:12","date_gmt":"2025-12-09T02:27:12","guid":{"rendered":"https:\/\/www.europesays.com\/es\/278677\/"},"modified":"2025-12-09T02:27:12","modified_gmt":"2025-12-09T02:27:12","slug":"los-camioneros-exigen-disculpas-a-la-generalitat-por-la-teoria-del-bocadillo-noticias-de-cataluna","status":"publish","type":"post","link":"https:\/\/www.europesays.com\/es\/278677\/","title":{"rendered":"Los camioneros exigen disculpas a la Generalitat por la \u201cteor\u00eda del bocadillo\u201d | Noticias de Catalu\u00f1a"},"content":{"rendered":"<p class=\"\">Los camioneros se han sentido se\u00f1alados injustamente por su supuesta relaci\u00f3n con la <a href=\"https:\/\/elpais.com\/espana\/catalunya\/2025-12-06\/la-generalitat-encarga-una-auditoria-ante-las-sospechas-de-que-el-virus-de-peste-porcina-escapara-de-un-laboratorio-publico.html\" target=\"_blank\" rel=\"noreferrer nofollow noopener\" title=\"https:\/\/elpais.com\/espana\/catalunya\/2025-12-06\/la-generalitat-encarga-una-auditoria-ante-las-sospechas-de-que-el-virus-de-peste-porcina-escapara-de-un-laboratorio-publico.html\">aparici\u00f3n de un brote de peste porcina africana<\/a> en Catalu\u00f1a y exigen disculpas a la Generalitat. La Federaci\u00f3n Nacional de Asociaciones de Transportistas de Espa\u00f1a (Fenadismer) ha pedido este lunes al conseller de Agricultura, \u00d2scar Ordeig, que se corrija \u201cpor acusar sin pruebas a los transportistas de originar el brote de la Peste Porcina Africana (PPA) en Catalu\u00f1a\u201d.<\/p>\n<p class=\"\">En un comunicado, Fenadismer ha considerado que Ordeig se\u00f1al\u00f3 \u201cde forma absolutamente injustificada\u201d al sector de transportistas de ser los responsables de la transmisi\u00f3n de la enfermedad, por sus declaraciones en las que indic\u00f3 que era posible que el virus llegara a Espa\u00f1a <a href=\"https:\/\/elpais.com\/economia\/2025-12-01\/cataluna-apunta-a-un-bocadillo-con-embutido-contaminado-como-posible-origen-de-la-peste-porcina.html\" target=\"_blank\" rel=\"noreferrer nofollow noopener\" title=\"https:\/\/elpais.com\/economia\/2025-12-01\/cataluna-apunta-a-un-bocadillo-con-embutido-contaminado-como-posible-origen-de-la-peste-porcina.html\">por carretera en un embutido<\/a> contaminado que, luego, podr\u00edan haber injerido jabal\u00edes. \u00ab<a href=\"https:\/\/elpais.com\/espana\/catalunya\/2025-11-30\/el-govern-organiza-la-captura-de-posibles-jabalies-infectados-con-por-la-peste-porcina-africana-en-collserola.html\" rel=\"nofollow noopener\" title=\"https:\/\/elpais.com\/espana\/catalunya\/2025-11-30\/el-govern-organiza-la-captura-de-posibles-jabalies-infectados-con-por-la-peste-porcina-africana-en-collserola.html\" target=\"_blank\">El brote se ha detectado en una zona donde circulan <\/a>muchos camiones y hay \u00e1reas de servicio. La posibilidad de que un jabal\u00ed haya ingerido comida infectada es elevada\u201d, manifest\u00f3 Ordeig, al poco de conocerse los primeros casos de positivos en las cercan\u00edas del parque natural de Collserola, en Barcelona. <\/p>\n<p class=\"\">Ordeig,que ha asumido protagonismo en la gesti\u00f3n de la crisis al convertirse en la voz del Govern, defendi\u00f3 que la causa del brote \u201cpodr\u00eda ser un embutido en mal estado\u201d, posiblemente dentro de alg\u00fan bocadillo que alguien podr\u00eda haber lanzado al suelo <a href=\"https:\/\/elpais.com\/espana\/catalunya\/2025-12-08\/silencio-en-la-zona-de-seguridad-de-la-peste-porcina-hay-menos-gente-que-en-la-covid.html\" target=\"_blank\" rel=\"noreferrer nofollow noopener\" title=\"https:\/\/elpais.com\/espana\/catalunya\/2025-12-08\/silencio-en-la-zona-de-seguridad-de-la-peste-porcina-hay-menos-gente-que-en-la-covid.html\">en una zona de mucho tr\u00e1fico<\/a>. <\/p>\n<p class=\"\">De forma casi inmediata, la Confederaci\u00f3n Espa\u00f1ola de Transporte de Mercanc\u00edas (CETM) expres\u00f3 su malestar contra el conseller de Agricultura. En un comunicado, la CETM lament\u00f3 las declaraciones, pues \u201csugieren -sin prueba alguna- que un camionero podr\u00eda ser el origen de un brote de PPA tras consumir un bocadillo con embutido extranjero y arrojar los restos por la ventanilla\u201d. La nota insist\u00eda en que los conductores profesionales trabajan \u201ccon responsabilidad y civismo\u201d.<\/p>\n<p class=\"\">Una semana despu\u00e9s, la pol\u00e9mica contin\u00faa. Fenadismer acusa a Ordeig de hacer \u201cdeclaraciones precipitadas\u201d, hechas sin ninguna prueba fehaciente, m\u00e1s all\u00e1 de meras conjeturas. \u201cSon absolutamente despreciables e impropias de un cargo institucional del m\u00e1ximo nivel c\u00f3mo es el de un consejero auton\u00f3mico\u201d, ha denunciado la entidad.<\/p>\n<p class=\"\">Asimismo, ha subrayado que las \u201cacusaciones infundadas\u201d de Ordeig \u201chan sido puestas en entredicho\u201d, tras el informe de la Uni\u00f3n Europea que no descarta que el virus proceda de un laboratorio, puesto que el virus del foco detectado en Catalu\u00f1a no pertenece al mismo grupo gen\u00e9tico de los que circulan ahora en los Estados miembros de la UE.<\/p>\n<p class=\"\">Por ello, la federaci\u00f3n exige al conseller \u201cque se retracte de sus declaraciones y pida p\u00fablicamente perd\u00f3n al colectivo de transportistas\u201d.<\/p>\n","protected":false},"excerpt":{"rendered":"Los camioneros se han sentido se\u00f1alados injustamente por su supuesta relaci\u00f3n con la aparici\u00f3n de un brote de&hellip;\n","protected":false},"author":2,"featured_media":278678,"comment_status":"","ping_status":"","sticky":false,"template":"","format":"standard","meta":{"footnotes":""},"categories":[8],"tags":[210,17,18,1980,25,24,13,14,4344,11178,11,65111,19,20,9,10,15,16,65110,13347,23,12,21,22],"class_list":{"0":"post-278677","1":"post","2":"type-post","3":"status-publish","4":"format-standard","5":"has-post-thumbnail","7":"category-espana","8":"tag-barcelona","9":"tag-breaking-news","10":"tag-breakingnews","11":"tag-cataluna","12":"tag-es","13":"tag-espana","14":"tag-featured-news","15":"tag-featurednews","16":"tag-generalitat-cataluna","17":"tag-govern-cataluna","18":"tag-headlines","19":"tag-jabalies","20":"tag-latest-news","21":"tag-latestnews","22":"tag-news","23":"tag-noticias","24":"tag-noticias-destacadas","25":"tag-noticiasdestacadas","26":"tag-peste-porcina","27":"tag-salvador-illa","28":"tag-spain","29":"tag-titulares","30":"tag-ultimas-noticias","31":"tag-ultimasnoticias"},"share_on_mastodon":{"url":"https:\/\/pubeurope.com\/@es\/115687249999640497","error":""},"_links":{"self":[{"href":"https:\/\/www.europesays.com\/es\/wp-json\/wp\/v2\/posts\/278677","targetHints":{"allow":["GET"]}}],"collection":[{"href":"https:\/\/www.europesays.com\/es\/wp-json\/wp\/v2\/posts"}],"about":[{"href":"https:\/\/www.europesays.com\/es\/wp-json\/wp\/v2\/types\/post"}],"author":[{"embeddable":true,"href":"https:\/\/www.europesays.com\/es\/wp-json\/wp\/v2\/users\/2"}],"replies":[{"embeddable":true,"href":"https:\/\/www.europesays.com\/es\/wp-json\/wp\/v2\/comments?post=278677"}],"version-history":[{"count":0,"href":"https:\/\/www.europesays.com\/es\/wp-json\/wp\/v2\/posts\/278677\/revisions"}],"wp:featuredmedia":[{"embeddable":true,"href":"https:\/\/www.europesays.com\/es\/wp-json\/wp\/v2\/media\/278678"}],"wp:attachment":[{"href":"https:\/\/www.europesays.com\/es\/wp-json\/wp\/v2\/media?parent=278677"}],"wp:term":[{"taxonomy":"category","embeddable":true,"href":"https:\/\/www.europesays.com\/es\/wp-json\/wp\/v2\/categories?post=278677"},{"taxonomy":"post_tag","embeddable":true,"href":"https:\/\/www.europesays.com\/es\/wp-json\/wp\/v2\/tags?post=278677"}],"curies":[{"name":"wp","href":"https:\/\/api.w.org\/{rel}","templated":true}]}}