{"id":278687,"date":"2025-12-09T02:38:11","date_gmt":"2025-12-09T02:38:11","guid":{"rendered":"https:\/\/www.europesays.com\/es\/278687\/"},"modified":"2025-12-09T02:38:11","modified_gmt":"2025-12-09T02:38:11","slug":"exvocalista-de-la-charanga-habanera-muestra-su-recuperacion-sali-adelante","status":"publish","type":"post","link":"https:\/\/www.europesays.com\/es\/278687\/","title":{"rendered":"Exvocalista de la Charanga Habanera muestra su recuperaci\u00f3n: \u201cSal\u00ed adelante\u201d"},"content":{"rendered":"<p>David Montes De Oca, conocido como el Dandy y exvocalista de la Charanga Habanera, mostr\u00f3 su impresionante cambio f\u00edsico t<strong><a href=\"https:\/\/www.cibercuba.com\/noticias\/2025-07-14-u1-e42839-s27061-nid307015-exvocalista-charanga-habanera-comienza-rehabilitacion\" rel=\"nofollow noopener\" target=\"_blank\">ras entrar en rehabilitaci\u00f3n <\/a><\/strong>y dej\u00f3 un mensaje motivacional para todos los que luchan contra la adicci\u00f3n.<\/p>\n<p>\u201cEste video es un testimonio de que s\u00ed se puede superar cualquier obst\u00e1culo. Yo lo logr\u00e9 y t\u00fa tambi\u00e9n puedes. No importa cu\u00e1n dif\u00edcil parezca, con fe y perseverancia se sale adelante. \u00a1\u00c1nimo y a seguir luchando!\u201d, escribi\u00f3 el cantante, <a href=\"https:\/\/www.instagram.com\/reel\/DRh3JanEai9\/?igsh=MXR4Y2RmeWl0dXUxaw%3D%3D\" rel=\"nofollow noopener\" target=\"_blank\">en un video de su cuenta de Instagram,<\/a> donde aparece doblando una canci\u00f3n, y se puede apreciar su tremenda recuperaci\u00f3n.<\/p>\n<p>En julio, el proyecto comunitario Conducta Dade, que ayuda en Miami a personas con problemas de adicci\u00f3n y en situaci\u00f3n de calle, comparti\u00f3 varios videos del cantante, <strong><a href=\"https:\/\/www.cibercuba.com\/noticias\/2025-07-12-u1-e208512-s27061-nid306900-exvocalista-charanga-habanera-atraviesa-dificil\" rel=\"nofollow noopener\" target=\"_blank\">que enfrentaba problemas de adicci\u00f3n y estaba durmiendo en la calle.<\/a><\/strong><\/p>\n<p>\u201cYa estamos en contacto con la familia de Dandy, tanto en Miami como en otros estados y pa\u00edses. Estamos trabajando juntos para darle la ayuda que necesita. Gracias a todos los que han mostrado su apoyo\u201d, anunciaron en ese entonces.<\/p>\n<p>Poco despu\u00e9s, el artista comenz\u00f3 un proceso de rehabilitaci\u00f3n en Miami, seg\u00fan confirm\u00f3 \u00e9l mismo en un video publicado por Conducta en Dade.<\/p>\n<p>\u201cFeliz con esto, sinceramente, otro paso m\u00e1s que estoy dando, y nada, la guerra sigue, esto todav\u00eda no ha parado, esto es para toda una vida\u201d, dijo el cantante, que tambi\u00e9n expres\u00f3: \u201cHay que seguir para adelante, no nos podemos estancar, \u00bfentiendes?, porque no hay de otra\u201d. En su testimonio destaca el apoyo de su c\u00edrculo m\u00e1s cercano: \u201cMi prima y Camila, que todav\u00eda estamos de pie y todav\u00eda tenemos deseos de seguir\u201d.<\/p>\n<p>En septiembre, un Dandy\u00a0recuperado\u00a0<strong><a href=\"https:\/\/www.cibercuba.com\/noticias\/2025-09-18-u1-e199370-s27061-nid311236-exvocalista-charanga-habanera-visita-lugar-donde\" rel=\"nofollow noopener\" target=\"_blank\">regres\u00f3 al lugar de Miami donde vivi\u00f3 en situaci\u00f3n de calle, en un momento cargado de emociones.<\/a><\/strong><\/p>\n<p>En el recorrido, organizado por Conducta en Dade, el cantante comparti\u00f3 detalles \u00edntimos de su proceso de recuperaci\u00f3n y agradeci\u00f3 a quienes le tendieron la mano cuando m\u00e1s lo necesitaba.<\/p>\n<p>\u00abYo estoy ahora mismo aqu\u00ed, y me parece que quiz\u00e1s no me hubiera ido\u00bb, dijo al recordar los d\u00edas que pas\u00f3 durmiendo en la calle. \u00abMe vienen los recuerdos&#8230; Tom\u00e9 la decisi\u00f3n de salir de esta vida cuando lleg\u00f3 el l\u00edder del proyecto Conducta en Dade y me ayud\u00f3, me dio alimentos y me convenci\u00f3 de que pod\u00eda curarme\u00bb, confes\u00f3 el m\u00fasico.<\/p>\n<p>El Dandy relat\u00f3 que al tercer d\u00eda de recibir esas visitas de apoyo, se subi\u00f3 al carro y fue rumbo a un centro de rehabilitaci\u00f3n. \u201cLe dije, compadre, todo lo que hay ah\u00ed, d\u00e9jalo, y vamos. Me saqu\u00e9 la pipa y la tir\u00e9 por la ventanilla. Recuerdo que la romp\u00ed contra el suelo. Me dije: No quiero m\u00e1s nada de esto\u201d, expres\u00f3 con contundencia.<\/p>\n<p>En una entrevista con el youtuber dominicano Destino Tolk, el artista detall\u00f3 c\u00f3mo lleg\u00f3 al l\u00edmite. \u201cYa estaba cansado, ya no disfrutaba el high. Sent\u00eda el paniqueo, me sent\u00eda mal. Un d\u00eda le dije a un socio: \u2018Compadre, ll\u00e9vame a cualquier lugar, pero\u00a0<a href=\"https:\/\/www.cibercuba.com\/noticias\/2025-09-14-u1-e208933-s27061-nid310941-estaba-ultimas-exvocalista-charanga-habanera\" rel=\"nofollow noopener\" target=\"_blank\"><strong>s\u00e1came de aqu\u00ed<\/strong><\/a>\u2019\u201d.<\/p>\n<p>\u201cMe vi flaco, delgado, con la piel quemada, la boca en candela\u2026 Le dije: S\u00e1came de aqu\u00ed, compadre\u201d, record\u00f3. Desde entonces, ha estado en tratamiento y mantiene su compromiso con la rehabilitaci\u00f3n. \u201cEsto no es un catarro, esto es para toda la vida\u201d, afirm\u00f3.<\/p>\n<p><script async src=\"\/\/www.instagram.com\/embed.js\"><\/script><\/p>\n","protected":false},"excerpt":{"rendered":"David Montes De Oca, conocido como el Dandy y exvocalista de la Charanga Habanera, mostr\u00f3 su impresionante cambio&hellip;\n","protected":false},"author":2,"featured_media":278688,"comment_status":"","ping_status":"","sticky":false,"template":"","format":"standard","meta":{"footnotes":""},"categories":[174],"tags":[67726,255,67727,52446,146,147,25,24,629,367,256,4536,2661,20561,23,1018],"class_list":{"0":"post-278687","1":"post","2":"type-post","3":"status-publish","4":"format-standard","5":"has-post-thumbnail","7":"category-famosos","8":"tag-cantante-cubano","9":"tag-celebrities","10":"tag-charanga-habanera","11":"tag-destino-tolk","12":"tag-entertainment","13":"tag-entretenimiento","14":"tag-es","15":"tag-espana","16":"tag-estados-unidos","17":"tag-familia","18":"tag-famosos","19":"tag-instagram","20":"tag-internacionales","21":"tag-noticias-de-miami","22":"tag-spain","23":"tag-videos"},"share_on_mastodon":{"url":"https:\/\/pubeurope.com\/@es\/115687293578822015","error":""},"_links":{"self":[{"href":"https:\/\/www.europesays.com\/es\/wp-json\/wp\/v2\/posts\/278687","targetHints":{"allow":["GET"]}}],"collection":[{"href":"https:\/\/www.europesays.com\/es\/wp-json\/wp\/v2\/posts"}],"about":[{"href":"https:\/\/www.europesays.com\/es\/wp-json\/wp\/v2\/types\/post"}],"author":[{"embeddable":true,"href":"https:\/\/www.europesays.com\/es\/wp-json\/wp\/v2\/users\/2"}],"replies":[{"embeddable":true,"href":"https:\/\/www.europesays.com\/es\/wp-json\/wp\/v2\/comments?post=278687"}],"version-history":[{"count":0,"href":"https:\/\/www.europesays.com\/es\/wp-json\/wp\/v2\/posts\/278687\/revisions"}],"wp:featuredmedia":[{"embeddable":true,"href":"https:\/\/www.europesays.com\/es\/wp-json\/wp\/v2\/media\/278688"}],"wp:attachment":[{"href":"https:\/\/www.europesays.com\/es\/wp-json\/wp\/v2\/media?parent=278687"}],"wp:term":[{"taxonomy":"category","embeddable":true,"href":"https:\/\/www.europesays.com\/es\/wp-json\/wp\/v2\/categories?post=278687"},{"taxonomy":"post_tag","embeddable":true,"href":"https:\/\/www.europesays.com\/es\/wp-json\/wp\/v2\/tags?post=278687"}],"curies":[{"name":"wp","href":"https:\/\/api.w.org\/{rel}","templated":true}]}}