{"id":278689,"date":"2025-12-09T02:39:20","date_gmt":"2025-12-09T02:39:20","guid":{"rendered":"https:\/\/www.europesays.com\/es\/278689\/"},"modified":"2025-12-09T02:39:20","modified_gmt":"2025-12-09T02:39:20","slug":"muere-el-fotografo-britanico-martin-parr-el-cronista-que-ironizo-sobre-la-sociedad-de-consumo-cultura","status":"publish","type":"post","link":"https:\/\/www.europesays.com\/es\/278689\/","title":{"rendered":"Muere el fot\u00f3grafo brit\u00e1nico Martin Parr, el cronista que ironiz\u00f3 sobre la sociedad de consumo | Cultura"},"content":{"rendered":"<p>        <img decoding=\"async\" alt=\"Martin Parr posa durante una sesi\u00f3n de fotos en Par\u00eds, el 31 de octubre de 2025.\" height=\"800\" loading=\"lazy\"  src=\"https:\/\/www.europesays.com\/es\/wp-content\/uploads\/2025\/12\/parr.jpg\"  width=\"1200\"\/>Martin Parr posa durante una sesi\u00f3n de fotos en Par\u00eds, el 31 de octubre de 2025. (Joel SAGET | AFP)<\/p>\n<p>El fot\u00f3grafo brit\u00e1nico Martin Parr, reconocido por sus im\u00e1genes de colores saturados y su perspectiva ir\u00f3nica sobre la sociedad de consumo, ha fallecido a los 73 a\u00f1os, seg\u00fan ha anunciado este domingo su fundaci\u00f3n.<\/p>\n<p>\u00abCon gran pesar anunciamos que Martin Parr falleci\u00f3 [el s\u00e1bado] en su casa de Bristol\u00bb, han informado tanto la fundaci\u00f3n como la agencia Magnum Photos, para la que trabaj\u00f3 durante muchos a\u00f1os. No se ha especificado la causa de su muerte, pero al fot\u00f3grafo se le hab\u00eda diagnosticado en mayo de 2021 mieloma, un c\u00e1ncer de la sangre.<\/p>\n<p>Parr alcanz\u00f3 el estrellato gracias a su est\u00e9tica de inspiraci\u00f3n publicitaria, con primeros planos y colores saturados, su toque brit\u00e1nico y sus temas recurrentes, como el turismo de masas y el consumismo.<\/p>\n<p>Su reputaci\u00f3n como observador de la vida brit\u00e1nica se extiende mucho m\u00e1s all\u00e1 del c\u00edrculo de los aficionados a la fotograf\u00eda, y su obra, a veces etiquetada como \u2018kitsch\u2019, le ha granjeado tantos admiradores como detractores.<\/p>\n<p>Nacido en Surrey el 23 de mayo de 1952, Parr se inici\u00f3 en la fotograf\u00eda gracias a su abuelo. Al comenzar su carrera en la d\u00e9cada de 1970, tras estudiar en la Universidad de Manchester, tom\u00f3 fotograf\u00edas en blanco y negro, siguiendo los pasos de los grandes maestros de la \u00e9poca, como Henri Cartier-Bresson. Sin embargo, la atracci\u00f3n que sent\u00eda por objetos inusuales lo llev\u00f3 a probar con el color y nunca volvi\u00f3 atr\u00e1s.<\/p>\n<p>Fue a mediados de la d\u00e9cada de 1980 cuando alcanz\u00f3 el reconocimiento con \u2018Last Resort\u2019, una serie de fotograf\u00edas de turistas de clase media en Brighton, que inclu\u00edan el t\u00edpico \u2018fish and chips\u2019, ba\u00f1istas bronceados y parques de atracciones infantiles.<\/p>\n<p><strong>Entre el buen y el mal gusto<\/strong><\/p>\n<p>Esta serie anticipa el resto de su obra, con el uso del flash incluso en exteriores, y marc\u00f3 un punto de inflexi\u00f3n en el estilo de la fotograf\u00eda documental brit\u00e1nica, a pesar de que algunos criticaron su perspectiva sobre la clase trabajadora.<\/p>\n<p>\u00abAmo y odio Inglaterra al mismo tiempo\u00bb, declar\u00f3 tras el <a href=\"https:\/\/www.naiz.eus\/info\/noticia\/20160624\/el-brexit-lidera-el-recuento-de-votos-en-el-referendum-del-reino-unido\" rel=\"nofollow noopener\" target=\"_blank\">Brexit en 2016<\/a>, al que se opuso. \u00abLo que hago en mi fotograf\u00eda es capturar esta ambig\u00fcedad\u2026 Quiero poder expresar las contradicciones inglesas: hay buen gusto y mal gusto, y trato de fusionarlos en mis fotograf\u00edas\u00bb, se\u00f1al\u00f3 entonces.<\/p>\n<p>Tras un camino plagado de obst\u00e1culos, Martin Parr se convirti\u00f3 en miembro de pleno derecho de la cooperativa de fotograf\u00eda Magnum en 1994. Henri Cartier-Bresson se opuso inicialmente a su admisi\u00f3n, pero luego revirti\u00f3 su decisi\u00f3n. \u00abPertenecemos a dos sistemas solares diferentes, \u00bfy por qu\u00e9 no?\u00bb, le escribir\u00eda finalmente a Parr, quien acab\u00f3 dirigiendo Magnum de 2013 a 2017.<\/p>\n<p>Prefer\u00eda capturar la vida cotidiana a las frecuentes zonas de guerra y era conocido por llevar sandalias con calcetines; adem\u00e1s, desarroll\u00f3 la costumbre de tomarse selfis mucho antes de la llegada de las redes sociales.<\/p>\n<p>El turismo de masas fue, sin duda, el tema central de su carrera, y sus fotograf\u00edas de turistas fingiendo sostener la Torre Inclinada de Pisa o de japoneses api\u00f1ados en una playa artificial se hicieron mundialmente famosas.<\/p>\n<p>\u00abSomos demasiado ricos y consumimos demasiado\u00bb, observ\u00f3 el fot\u00f3grafo en una entrevista con AFP a principios de noviembre, con motivo de la publicaci\u00f3n de su autobiograf\u00eda visual de 150 fotograf\u00edas, titulada \u2018Completamente perezoso y aturdido\u2019.<\/p>\n","protected":false},"excerpt":{"rendered":"Martin Parr posa durante una sesi\u00f3n de fotos en Par\u00eds, el 31 de octubre de 2025. (Joel SAGET&hellip;\n","protected":false},"author":2,"featured_media":278690,"comment_status":"","ping_status":"","sticky":false,"template":"","format":"standard","meta":{"footnotes":""},"categories":[173],"tags":[229,233,231,230,5830,3213,67728,232,234,146,147,25,24,6638,67729,1730,8938,67458,492,23],"class_list":{"0":"post-278689","1":"post","2":"type-post","3":"status-publish","4":"format-standard","5":"has-post-thumbnail","7":"category-arte-y-diseno","8":"tag-arte","9":"tag-arte-y-diseno","10":"tag-arts","11":"tag-arts-and-design","12":"tag-britanico","13":"tag-consumo","14":"tag-cronista","15":"tag-design","16":"tag-diseno","17":"tag-entertainment","18":"tag-entretenimiento","19":"tag-es","20":"tag-espana","21":"tag-fotografo","22":"tag-ironizo","23":"tag-martin","24":"tag-muere","25":"tag-parr","26":"tag-sociedad","27":"tag-spain"},"share_on_mastodon":{"url":"https:\/\/pubeurope.com\/@es\/115687297561200962","error":""},"_links":{"self":[{"href":"https:\/\/www.europesays.com\/es\/wp-json\/wp\/v2\/posts\/278689","targetHints":{"allow":["GET"]}}],"collection":[{"href":"https:\/\/www.europesays.com\/es\/wp-json\/wp\/v2\/posts"}],"about":[{"href":"https:\/\/www.europesays.com\/es\/wp-json\/wp\/v2\/types\/post"}],"author":[{"embeddable":true,"href":"https:\/\/www.europesays.com\/es\/wp-json\/wp\/v2\/users\/2"}],"replies":[{"embeddable":true,"href":"https:\/\/www.europesays.com\/es\/wp-json\/wp\/v2\/comments?post=278689"}],"version-history":[{"count":0,"href":"https:\/\/www.europesays.com\/es\/wp-json\/wp\/v2\/posts\/278689\/revisions"}],"wp:featuredmedia":[{"embeddable":true,"href":"https:\/\/www.europesays.com\/es\/wp-json\/wp\/v2\/media\/278690"}],"wp:attachment":[{"href":"https:\/\/www.europesays.com\/es\/wp-json\/wp\/v2\/media?parent=278689"}],"wp:term":[{"taxonomy":"category","embeddable":true,"href":"https:\/\/www.europesays.com\/es\/wp-json\/wp\/v2\/categories?post=278689"},{"taxonomy":"post_tag","embeddable":true,"href":"https:\/\/www.europesays.com\/es\/wp-json\/wp\/v2\/tags?post=278689"}],"curies":[{"name":"wp","href":"https:\/\/api.w.org\/{rel}","templated":true}]}}