{"id":278691,"date":"2025-12-09T02:41:15","date_gmt":"2025-12-09T02:41:15","guid":{"rendered":"https:\/\/www.europesays.com\/es\/278691\/"},"modified":"2025-12-09T02:41:15","modified_gmt":"2025-12-09T02:41:15","slug":"la-isla-de-las-tentaciones-9-impacto-con-la-reaccion-de-dario-ante-almudena-en-el-espejo-y-el-encuentro-de-barranco-y-rodri","status":"publish","type":"post","link":"https:\/\/www.europesays.com\/es\/278691\/","title":{"rendered":"&#8216;La isla de las tentaciones 9&#8217; impact\u00f3 con la reacci\u00f3n de Dar\u00edo ante Almudena en el espejo y el encuentro de Barranco y Rodri"},"content":{"rendered":"<p class=\"article-text\">\n        La nueva entrega de <strong>La isla de las tentaciones 9 <\/strong>en Telecinco estuvo plagada de reencuentros&#8230; pero cada cual peor que el anterior.\n    <\/p>\n<p>    <a href=\"https:\/\/www.eldiario.es\/vertele\/noticias\/isla-tentaciones-almudena-dario-sandra-barneda-reencuentro-calento-bronca-imagenes-ineditas-video_1_12828766.html\" data-mrf-recirculation=\"saber-mas\" data-dl-event=\"saber-mas\" rel=\"nofollow noopener\" target=\"_blank\"><\/p>\n<p class=\"know-more__title\">Sandra Barneda dio un rapapolvo a Dar\u00edo en &#8216;La isla de las tentaciones&#8217; antes de su pol\u00e9mico reencuentro con Almudena<\/p>\n<p>            <img decoding=\"async\" class=\"lazy\" loading=\"lazy\" data-src=\"https:\/\/static.eldiario.es\/clip\/d14943de-f34b-4971-9fa1-e7dc734ed038_16-9-aspect-ratio_default_0.jpg\" src=\"data:image\/svg+xml,%3Csvg xmlns=\" http:=\"\" viewbox=\"0 0 880 495\" alt=\"Sandra Barneda dio un rapapolvo a Dar\u00edo en 'La isla de las tentaciones' antes de su pol\u00e9mico reencuentro con Almudena\"\/><\/p>\n<p>                        <\/a><\/p>\n<p class=\"article-text\">\n        Antes de llegar a ellos, cabe se\u00f1alar que en las villas todos siguen en su l\u00ednea, excepto <strong>Dar\u00edo que cay\u00f3 por completo en la tentaci\u00f3n al besar a Cristina<\/strong>, \u201cla segunda chica que ha besado en su vida\u201d.\n    <\/p>\n<p class=\"article-text\">\n        Mientras que<strong> Gilbert y Claudia contin\u00faan sin recordar que hab\u00edan venido con pareja <\/strong>y parecen tentadores. Gilbert jug\u00f3 bajo las s\u00e1banas con Noelia y ella al d\u00eda siguiente le pidi\u00f3 frenar porque quer\u00eda conocer a Enrique (el nuevo). Claudia ahora se quiere tentar con Aitor porque Gerard se ha fijado en la nueva.\n    <\/p>\n<blockquote class=\"twitter-tweet\" data-lang=\"es\"><p><a href=\"https:\/\/twitter.com\/X\/status\/1998153113077706898?ref_src=twsrc%5Etfw\" rel=\"nofollow noopener\" target=\"_blank\"><\/p><\/blockquote>\n<p class=\"article-text\">\n        Quienes tuvieron que distanciarse de sus tentaciones fueron <strong>Helena y Rodri porque pusieron el collar del veto a Barranco y a Olatz,<\/strong> respectivamente. Sin saber que eso les llevar\u00eda a un cara a cara con la soltera y el soltero favoritos de sus parejas.\n    <\/p>\n<p>    Cara a cara de Helena con Olatz: \u201c\u00bfCrees que mi novio est\u00e1 arrepentido?\u201d<\/p>\n<p class=\"article-text\">\n        En los 10 minutos que dur\u00f3 el encuentro de Helena con Olatz, la novia solo le hizo una pregunta:<strong> \u201c\u00bfCrees que mi novio se arrepiente de liarse contigo?\u201d<\/strong>. Como la soltera le respondi\u00f3 con una negativa, la novia dej\u00f3 de cre\u00e9rsela y no quiso hacerle m\u00e1s preguntas.\n    <\/p>\n<blockquote class=\"twitter-tweet\" data-lang=\"es\"><p><a href=\"https:\/\/twitter.com\/X\/status\/1998144700570554673?ref_src=twsrc%5Etfw\" rel=\"nofollow noopener\" target=\"_blank\"><\/p><\/blockquote>\n<p class=\"article-text\">\n        \u201cNo quiero preguntar nada m\u00e1s para que me mienta. Me voy de aqu\u00ed como he venido. Esto no me ha servido para nada, porque s\u00e9 que se arrepiente Rodri y ella dice que no\u201d, aleg\u00f3.\n    <\/p>\n<p class=\"article-text\">\n        Y la soltera a\u00f1adi\u00f3: <strong>\u201cNo se arrepiente, por c\u00f3mo me mira, c\u00f3mo me habla, c\u00f3mo me toca. <\/strong>Ya veremos con qui\u00e9n sale\u201d.\n    <\/p>\n<p>    El cara a cara de Rodri con Barranco: \u201cLlorar\u00e1s y lo sabes\u201d<\/p>\n<p class=\"article-text\">\n        Al ver llegar a Barranco, Rodri se levant\u00f3 a aplaudirle: \u201c10 a\u00f1os recorri\u00e9ndote todos los programas del amor y a\u00fan no lo has encontrado\u201d. A lo que el tentador respondi\u00f3 que prefer\u00eda estar soltero que como \u00e9l:<strong> \u201cEn seis d\u00edas te he levantado a la novia\u201d, <\/strong>replic\u00f3.\n    <\/p>\n<p class=\"article-text\">\n        Rodri s\u00ed que le hizo m\u00e1s preguntas aunque todas eran la misma: <strong>\u201c\u00bfQuiere salir de aqu\u00ed contigo?, \u00bfHelena te ha dicho que le gustas y que fuera estar\u00e9is juntos?, \u00bfse ha olvidado de m\u00ed?\u201d. <\/strong>Pero Barranco no le dio ni un atisbo de esperanza:\n    <\/p>\n<p class=\"article-text\">\n        \u201cVa a salir de aqu\u00ed siendo mi novia y lo vas a ver. No tengo nada contra ti, te estoy siendo sincero. Me lo dice todos los d\u00edas, que quiere conocerme fuera. Llorar\u00e1s y lo sabes\u201d, sentenci\u00f3.\n    <\/p>\n<p>    El reencuentro de Almudena y Dar\u00edo con lanzamiento de cocos<\/p>\n<p class=\"article-text\">\n        Al finalizar la entrega,<strong> Sandra Barneda<\/strong> pregunt\u00f3 a las chicas qui\u00e9n quer\u00edan que se reencontrara con su pareja en el espejo, durante tres minutos, pero sin poder hablar. Todas lo tuvieron claro: Almudena. La presentadora inform\u00f3 a Dar\u00edo de que hab\u00eda sido el elegido y \u00e9l se alegr\u00f3, porque cre\u00eda que le servir\u00eda.\n    <\/p>\n<p class=\"article-text\">\n        Sin embargo, los dos (y Barneda) vivieron uno de los reencuentros m\u00e1s duros que se recuerdan. \u00c9l la esperaba en el espejo, mientras ella corr\u00eda desesperada y al llegar se salt\u00f3 la norma de hablar para empezar a gritar: <strong>\u201c\u00a1Hijo de puta, me has roto el coraz\u00f3n, mi padre ten\u00eda raz\u00f3n, yo te ten\u00eda en un puto pedestal!\u201d. <\/strong>\n    <\/p>\n<p class=\"article-text\">\n        Dar\u00edo, contra todo pron\u00f3stico, en vez de arrepentirse, enfureci\u00f3: <strong>\u201c\u00a1C\u00e1llate, no ves que no puedes hablar, rel\u00e1jate me est\u00e1s mosqueando, est\u00e1 puto loca!\u201d<\/strong>, dec\u00eda ante el asombro de las redes sociales. Minutos antes se estaba besando con la tentadora, y ahora le dec\u00eda a la novia que estaba loca.\n    <\/p>\n<p class=\"article-text\">\n        Barneda les ped\u00eda que solo se miraran o hicieran gestos, pero Almudena no dejaba de gritar y <strong>hasta cogi\u00f3 un coco y se lo tir\u00f3 al espejo.<\/strong> Dar\u00edo se llen\u00f3 de ira y cog\u00eda arena y la tiraba con fuerza.\n    <\/p>\n<p>    <a href=\"https:\/\/www.eldiario.es\/vertele\/audiencias-tv\/asi-va-el-diario-de-jorge-audiencias-telecinco-pequeno-oasis-tarde-aferra-renovacion-mas-amplia_1_12817740.html\" data-mrf-recirculation=\"saber-mas-abajo\" data-dl-event=\"saber-mas-abajo\" rel=\"nofollow noopener\" target=\"_blank\"><\/p>\n<p class=\"know-more__title\">As\u00ed va en audiencias &#8216;El diario de Jorge&#8217;, un peque\u00f1o oasis en la tarde de Telecinco que se aferra a su renovaci\u00f3n m\u00e1s amplia<\/p>\n<p>            <img decoding=\"async\" class=\"lazy\" loading=\"lazy\" data-src=\"https:\/\/static.eldiario.es\/clip\/dcc4fe9c-9674-4fd6-b915-f6ded31eaf19_16-9-aspect-ratio_default_0.jpg\" src=\"data:image\/svg+xml,%3Csvg xmlns=\" http:=\"\" viewbox=\"0 0 880 495\" alt=\"As\u00ed va en audiencias 'El diario de Jorge', un peque\u00f1o oasis en la tarde de Telecinco que se aferra a su renovaci\u00f3n m\u00e1s amplia\"\/><\/p>\n<p>                        <\/a><\/p>\n<p class=\"article-text\">\n        Al acabar el tiempo, Barneda les separ\u00f3 y les pidi\u00f3 que se marcharan. Almudena cay\u00f3 rendida al suelo gritando, y Dar\u00edo continuaba enfadado y volv\u00eda hacia ella. La presentadora le frenaba y despu\u00e9s era ella la que corri\u00f3 hacia \u00e9l. \u201cOs hab\u00e9is saltado todo\u201d, repet\u00eda para dejar para ma\u00f1ana la continuaci\u00f3n del momento m\u00e1s tenso hasta la fecha.\n    <\/p>\n<p>                                    <script async src=\"https:\/\/platform.twitter.com\/widgets.js\" charset=\"utf-8\"><\/script><\/p>\n","protected":false},"excerpt":{"rendered":"La nueva entrega de La isla de las tentaciones 9 en Telecinco estuvo plagada de reencuentros&#8230; pero cada&hellip;\n","protected":false},"author":2,"featured_media":278692,"comment_status":"","ping_status":"","sticky":false,"template":"","format":"standard","meta":{"footnotes":""},"categories":[171],"tags":[5588,15099,2809,18335,437,146,147,25,24,5174,7761,3643,9173,35098,23,4473,214],"class_list":{"0":"post-278691","1":"post","2":"type-post","3":"status-publish","4":"format-standard","5":"has-post-thumbnail","7":"category-tv","8":"tag-5588","9":"tag-almudena","10":"tag-barranco","11":"tag-dario","12":"tag-encuentro","13":"tag-entertainment","14":"tag-entretenimiento","15":"tag-es","16":"tag-espana","17":"tag-espejo","18":"tag-impacto","19":"tag-isla","20":"tag-reaccion","21":"tag-rodri","22":"tag-spain","23":"tag-tentaciones","24":"tag-tv"},"share_on_mastodon":{"url":"https:\/\/pubeurope.com\/@es\/115687304920200326","error":""},"_links":{"self":[{"href":"https:\/\/www.europesays.com\/es\/wp-json\/wp\/v2\/posts\/278691","targetHints":{"allow":["GET"]}}],"collection":[{"href":"https:\/\/www.europesays.com\/es\/wp-json\/wp\/v2\/posts"}],"about":[{"href":"https:\/\/www.europesays.com\/es\/wp-json\/wp\/v2\/types\/post"}],"author":[{"embeddable":true,"href":"https:\/\/www.europesays.com\/es\/wp-json\/wp\/v2\/users\/2"}],"replies":[{"embeddable":true,"href":"https:\/\/www.europesays.com\/es\/wp-json\/wp\/v2\/comments?post=278691"}],"version-history":[{"count":0,"href":"https:\/\/www.europesays.com\/es\/wp-json\/wp\/v2\/posts\/278691\/revisions"}],"wp:featuredmedia":[{"embeddable":true,"href":"https:\/\/www.europesays.com\/es\/wp-json\/wp\/v2\/media\/278692"}],"wp:attachment":[{"href":"https:\/\/www.europesays.com\/es\/wp-json\/wp\/v2\/media?parent=278691"}],"wp:term":[{"taxonomy":"category","embeddable":true,"href":"https:\/\/www.europesays.com\/es\/wp-json\/wp\/v2\/categories?post=278691"},{"taxonomy":"post_tag","embeddable":true,"href":"https:\/\/www.europesays.com\/es\/wp-json\/wp\/v2\/tags?post=278691"}],"curies":[{"name":"wp","href":"https:\/\/api.w.org\/{rel}","templated":true}]}}