{"id":278703,"date":"2025-12-09T02:49:12","date_gmt":"2025-12-09T02:49:12","guid":{"rendered":"https:\/\/www.europesays.com\/es\/278703\/"},"modified":"2025-12-09T02:49:12","modified_gmt":"2025-12-09T02:49:12","slug":"se-sabe-algo-de-maria-corina-la-expectativa-sobre-la-presencia-de-la-lider-venezolana-en-oslo-crece-ante-la-entrega-del-nobel-de-la-paz-internacional","status":"publish","type":"post","link":"https:\/\/www.europesays.com\/es\/278703\/","title":{"rendered":"\u201c\u00bfSe sabe algo de Mar\u00eda Corina?\u201d: la expectativa sobre la presencia de la l\u00edder venezolana en Oslo crece ante la entrega del Nobel de la Paz | Internacional"},"content":{"rendered":"<p class=\"\">\u201c\u00bfSe sabe algo de <a href=\"https:\/\/elpais.com\/america\/2025-07-28\/maria-corina-machado-lo-unico-que-le-queda-a-maduro-es-el-terror.html\" target=\"_self\" rel=\"nofollow noopener\" title=\"https:\/\/elpais.com\/america\/2025-07-28\/maria-corina-machado-lo-unico-que-le-queda-a-maduro-es-el-terror.html\">Mar\u00eda Corina?\u201c. <\/a>Esa es la pregunta que acapara la atenci\u00f3n entre los venezolanos y los periodistas que han comenzado a llegar a Oslo antes de que se celebre este mi\u00e9rcoles la ceremonia de entrega del Premio Nobel de la Paz a la opositora venezolana Mar\u00eda Corina Machado. La dirigente, de 58 a\u00f1os, s\u00edmbolo de la disidencia y la oposici\u00f3n frente al chavismo, adelant\u00f3 hace un par de semanas que <a href=\"https:\/\/elpais.com\/america\/2025-12-06\/el-instituto-nobel-afirma-que-maria-corina-machado-estara-en-oslo-para-recoger-el-nobel-de-la-paz.html\" target=\"_self\" rel=\"nofollow noopener\" title=\"https:\/\/elpais.com\/america\/2025-12-06\/el-instituto-nobel-afirma-que-maria-corina-machado-estara-en-oslo-para-recoger-el-nobel-de-la-paz.html\">su intenci\u00f3n es recibir el reconocimiento de forma presencial, <\/a>al igual que el Instituto Noruego del Nobel, que ha seguido con los preparativos bajo el supuesto de que Machado estar\u00e1 en el pa\u00eds n\u00f3rdico para participar en todas las actividades previstas para esta semana, entre ellas una conferencia de prensa agendada para este martes. <\/p>\n<p class=\"\">A solo unas horas de que se comiencen los actos oficiales, la llegada de la dirigente opositora es, sin embargo, una inc\u00f3gnita. De producirse, ser\u00eda la primera aparici\u00f3n p\u00fablica de Machado desde agosto del a\u00f1o pasado, cuando decidi\u00f3 continuar con su labor pol\u00edtica desde la clandestinidad tras la crisis poselectoral que sigui\u00f3 a las elecciones presidenciales del 28 de julio de 2024. \u201cYo creo que s\u00ed [la vamos a ver], pero no te lo aseguro todav\u00eda\u201d, ha declarado Corina Parisca, la madre de la Nobel venezolana, a la periodista Andreina Flores, al llegar al aeropuerto de la capital noruega. Parisca, que ha afirmado que tiene m\u00e1s de un a\u00f1o sin ver a su hija, ha agregado que ser\u00eda un \u201cmilagro\u201d si logra salir de Venezuela. <\/p>\n<p class=\"\">Ana Corina Sosa, hija de la exdiputada venezolana, ya se encuentra tambi\u00e9n en Oslo, as\u00ed como otros invitados de honor de Machado, como el presidente paname\u00f1o, Jos\u00e9 Ra\u00fal Mulino. \u201cLes reiter\u00e9 el respaldo de Panam\u00e1 a la libertad del pueblo venezolano\u201d, ha escrito el mandatario centroamericano tras reunirse con familiares de la galardonada, parte de un goteo permanente de venezolanos en la di\u00e1spora que han recorrido miles de kil\u00f3metros para darse cita en un momento que consideran hist\u00f3rico. \u201cLos paname\u00f1os sabemos lo que es enfrentar momentos duros, lo vivimos en el 89\u2033, ha agregado.<\/p>\n<p><img decoding=\"auto\" class=\"_re lazyload a_m-h\" height=\"294\"  width=\"414\"  src=\"https:\/\/www.europesays.com\/es\/wp-content\/uploads\/2025\/12\/RXVYFTEX3JOWLAXZKNB4PRVS6Y.jpg\" loading=\"lazy\"\/>Ana Corina Sosa (centro), hija de Mar\u00eda Corina Machado, llega al Grand Hotel de Oslo, Noruega, el 8 de diciembre.LISE ASERUD (EFE)<\/p>\n<p class=\"\">Mulino se refiere a la invasi\u00f3n de Estados Unidos a territorio paname\u00f1o que acab\u00f3 con la rendici\u00f3n del dictador Manuel Noriega a finales de la d\u00e9cada de 1980. El Nobel de la Paz a Machado se anunci\u00f3 el pasado 10 de octubre, en pleno pico de tensiones entre Venezuela y Estados Unidos por el despliegue militar ordenado por Donald Trump en aguas del Caribe lim\u00edtrofes con Venezuela. <\/p>\n<p class=\"\">El misterio sobre la llegada de la opositora a Noruega ha entrado como una variable m\u00e1s en algunos an\u00e1lisis sobre los amagos que ha lanzado la Casa Blanca sobre una posible intervenci\u00f3n estadounidense contra Maduro, como ha insinuado Trump en numerosas ocasiones. Tambi\u00e9n anticipa nuevas inc\u00f3gnitas, como la posibilidad de que la dirigente, constantemente en la diana del chavismo, pueda regresar a su pa\u00eds o si continuar\u00e1 su lucha, al menos de momento, desde el exilio. \u201cEst\u00e1 a punto de tomar la decisi\u00f3n pol\u00edtica m\u00e1s importante de su vida\u201d, escribi\u00f3 Ryan Dub\u00e9 para The Wall Street Journal. <\/p>\n<p class=\"\">El n\u00famero dos del chavismo y ministro de Interior, Diosdado Cabello, lleva semanas asegurando que Mar\u00eda Corina Machado ya habr\u00eda tomado esa decisi\u00f3n y que habr\u00eda abandonado el pa\u00eds. \u201cLa vamos a extra\u00f1ar\u201d, dijo ir\u00f3nicamente en uno de sus \u00faltimos programas donde difundi\u00f3 datos sobre su supuesta salida. \u201cEl equipo est\u00e1 instalado desde hace d\u00edas en Noruega. Y aunque la maquinaria medi\u00e1tica anda con el cuento de que nadie sabe d\u00f3nde est\u00e1, la realidad es menos po\u00e9tica. La mujer dej\u00f3 el pelero con la misma elegancia con la que Edmundo Gonz\u00e1lez gestion\u00f3 su salida expr\u00e9s del pa\u00eds. Nada de desaparici\u00f3n ni drama, pura log\u00edstica de manual y aviones que viajan en silencio con inmunidad diplom\u00e1tica\u201d, revel\u00f3 Cabello la semana pasada.<\/p>\n<p class=\"\">El chavismo ha especulado sobre la disminuci\u00f3n de sus mensajes en redes sociales e incluso sobre la ropa que llevaba puesta en el \u00faltimo video, <a href=\"https:\/\/elpais.com\/america\/2025-11-18\/maria-corina-machado-lanza-un-manifiesto-en-el-que-dibuja-la-venezuela-del-futuro.html\" target=\"_self\" rel=\"nofollow noopener\" title=\"https:\/\/elpais.com\/america\/2025-11-18\/maria-corina-machado-lanza-un-manifiesto-en-el-que-dibuja-la-venezuela-del-futuro.html\">en el que lanz\u00f3 su Manifiesto de Libertad.<\/a> Al aparecer con una chaqueta oscura, Cabello asegur\u00f3 que ya estar\u00eda usando ropa de invierno, porque estar\u00eda en otro pa\u00eds. <\/p>\n<p class=\"\">El entorno de Machado ha sido perseguido cuerpo a cuerpo, al punto que m\u00e1s de un centenar de los colaboradores de su partido, Vente Venezuela, ha sido apresado por los servicios de inteligencia del chavismo. Esa persecuci\u00f3n llev\u00f3 a la dirigente a esconderse en la clandestinidad y reducir a casi cero los contactos presenciales con su equipo. Cabello tambi\u00e9n ha difundido la tesis de que Machado se ha mantenido oculta en la embajada de Estados Unidos, ubicada en la urbanizaci\u00f3n Valle Arriba de Caracas, que est\u00e1 sin personal diplom\u00e1tico desde 2019, y en torno a la cual el chavismo ha desplegado sus fuerzas policiales. <\/p>\n<p><img decoding=\"auto\" class=\"_re lazyload a_m-v\" height=\"415\"  width=\"414\"  src=\"https:\/\/www.europesays.com\/es\/wp-content\/uploads\/2025\/12\/OZMHT4A6PFH6FGBXC6X6M4FANY.jpg\" loading=\"lazy\"\/>El presidente de Panam\u00e1, Jos\u00e9 Ra\u00fal Mulino, saluda a la madre de Mar\u00eda Corina Machado en Oslo.@JoseRaulMulino (EFE)<\/p>\n<p class=\"\">\u201cEstamos trabajando, haciendo todo, para que cuando llegue el d\u00eda podamos encontrarnos en Noruega\u201d, declar\u00f3 Machado la semana pasada a la cadena noruega NRK. El portavoz del Instituto Noruego del Nobel, Erik Aasheim, declar\u00f3 a la Agencia Efe que hab\u00edan tenido comunicaci\u00f3n con ella el viernes por la noche y que les hab\u00eda ratificado que su intenci\u00f3n era recoger el premio en persona. Fuentes de la organizaci\u00f3n, de la oposici\u00f3n venezolana en el exilio y del entorno de Machado han dicho en los \u00faltimos d\u00edas que la viabilidad de la llegada de Machado se analiza un d\u00eda a la vez y manejan cada detalle con extremo sigilo para no poner en riesgo la seguridad de la Nobel.<\/p>\n<p class=\"\">La ceremonia de entrega est\u00e1 prevista para el mi\u00e9rcoles a la una de la tarde (hora local y de la Espa\u00f1a peninsular, ocho de la ma\u00f1ana de Caracas) en el Ayuntamiento de Oslo. A las 17.45 comenzar\u00e1 la tradicional procesi\u00f3n de las antorchas, una marcha que se realiza cada a\u00f1o en honor a los galardonados y que parte del Centro Nobel de la Paz para concluir frente al balc\u00f3n de la suite en la que se hospeda la persona reconocida con el premio. A las siete de la noche se celebrar\u00e1 un banquete de honor con 200 invitados, encabezados por altos representantes del Gobierno y de la corona noruega. El jueves, Machado est\u00e1 invitada a reunirse con miembros del Parlamento y el primer ministro noruego, Jonas Gahr Store, en el Storting, el \u00f3rgano legislativo del pa\u00eds n\u00f3rdico. El gran pendiente por confirmar es la asistencia de la protagonista del premio de este a\u00f1o. <\/p>\n","protected":false},"excerpt":{"rendered":"\u201c\u00bfSe sabe algo de Mar\u00eda Corina?\u201c. Esa es la pregunta que acapara la atenci\u00f3n entre los venezolanos y&hellip;\n","protected":false},"author":2,"featured_media":278704,"comment_status":"","ping_status":"","sticky":false,"template":"","format":"standard","meta":{"footnotes":""},"categories":[42],"tags":[17,18,629,13,14,11,61,62,63,64,19,20,4371,9,1194,25064,4907,10,15,16,49324,2575,12,21,22,1192,65,66,67],"class_list":{"0":"post-278703","1":"post","2":"type-post","3":"status-publish","4":"format-standard","5":"has-post-thumbnail","7":"category-internacional","8":"tag-breaking-news","9":"tag-breakingnews","10":"tag-estados-unidos","11":"tag-featured-news","12":"tag-featurednews","13":"tag-headlines","14":"tag-internacional","15":"tag-international","16":"tag-international-news","17":"tag-internationalnews","18":"tag-latest-news","19":"tag-latestnews","20":"tag-maria-corina-machado","21":"tag-news","22":"tag-nicolas-maduro","23":"tag-nobel-de-la-paz","24":"tag-noruega","25":"tag-noticias","26":"tag-noticias-destacadas","27":"tag-noticiasdestacadas","28":"tag-oslo","29":"tag-represion-politica","30":"tag-titulares","31":"tag-ultimas-noticias","32":"tag-ultimasnoticias","33":"tag-venezuela","34":"tag-world","35":"tag-world-news","36":"tag-worldnews"},"share_on_mastodon":{"url":"","error":"Validation failed: Text character limit of 500 exceeded"},"_links":{"self":[{"href":"https:\/\/www.europesays.com\/es\/wp-json\/wp\/v2\/posts\/278703","targetHints":{"allow":["GET"]}}],"collection":[{"href":"https:\/\/www.europesays.com\/es\/wp-json\/wp\/v2\/posts"}],"about":[{"href":"https:\/\/www.europesays.com\/es\/wp-json\/wp\/v2\/types\/post"}],"author":[{"embeddable":true,"href":"https:\/\/www.europesays.com\/es\/wp-json\/wp\/v2\/users\/2"}],"replies":[{"embeddable":true,"href":"https:\/\/www.europesays.com\/es\/wp-json\/wp\/v2\/comments?post=278703"}],"version-history":[{"count":0,"href":"https:\/\/www.europesays.com\/es\/wp-json\/wp\/v2\/posts\/278703\/revisions"}],"wp:featuredmedia":[{"embeddable":true,"href":"https:\/\/www.europesays.com\/es\/wp-json\/wp\/v2\/media\/278704"}],"wp:attachment":[{"href":"https:\/\/www.europesays.com\/es\/wp-json\/wp\/v2\/media?parent=278703"}],"wp:term":[{"taxonomy":"category","embeddable":true,"href":"https:\/\/www.europesays.com\/es\/wp-json\/wp\/v2\/categories?post=278703"},{"taxonomy":"post_tag","embeddable":true,"href":"https:\/\/www.europesays.com\/es\/wp-json\/wp\/v2\/tags?post=278703"}],"curies":[{"name":"wp","href":"https:\/\/api.w.org\/{rel}","templated":true}]}}