{"id":278721,"date":"2025-12-09T03:07:21","date_gmt":"2025-12-09T03:07:21","guid":{"rendered":"https:\/\/www.europesays.com\/es\/278721\/"},"modified":"2025-12-09T03:07:21","modified_gmt":"2025-12-09T03:07:21","slug":"muere-el-piloto-de-motocross-de-17-anos-enzo-badenas-en-un-accidente-entrenando","status":"publish","type":"post","link":"https:\/\/www.europesays.com\/es\/278721\/","title":{"rendered":"Muere el piloto de motocross de 17 a\u00f1os Enzo Badenas en un accidente entrenando"},"content":{"rendered":"<p style=\"\">El joven piloto de motocross <strong>Enzo Badenas<\/strong> ha <strong>muerto<\/strong> en un <strong>accidente<\/strong> durante un <strong>entrenamiento<\/strong> a los 17 a\u00f1os de edad, una tr\u00e1gica noticia que ha conmocionado a los aficionados al <a href=\"https:\/\/www.abc.es\/noticias\/motociclismo\/\" target=\"_blank\" data-voc-vtm-id=\"in-text-traffic\" title=\"motociclismo\" data-mrf-link=\"www.abc.es\" rel=\"nofollow noopener\">motociclismo<\/a> y en otros \u00e1mbitos en los que ya  &#8230; era conocido por sus \u00e9xitos deportivos.<\/p>\n<p class=\"voc-p\" style=\"\">Nacido en <strong>Gand\u00eda<\/strong> (Valencia), Badenas ha perdido la vida cuando entrenaba privadamente en <strong>Castell\u00f3n<\/strong> y su triste final, adem\u00e1s del dolor en sus familiares y allegados, trunca una prometedora carrera y ha causado una honda tristeza.<\/p>\n<p class=\"voc-p\" style=\"\">Ha sido <strong>campe\u00f3n<\/strong> de <strong>Espa\u00f1a<\/strong> en la categor\u00eda de 80 cent\u00edmetros cubicos en la \u00faltima temporada y formaba parte de la<strong> Selecci\u00f3n Espa\u00f1ola<\/strong>, despu\u00e9s de haber cosechado numerosos triunfos y resultados destacados.<\/p>\n<p class=\"voc-p\" style=\"\">Desde 2023, formaba parte del <strong>CETDM<\/strong> (Centro Especializado de Tecnificaci\u00f3n Deportiva del Motor) en el <strong>Circuito<\/strong> de <strong>Cheste<\/strong> (Valencia), que ha difundido un comunicado para resaltar su trayectoria y expresar sus condolencias por este desenlace.<\/p>\n<p class=\"voc-p\" style=\"\">\u00abEn todo este tiempo, ha mostrado un gran crecimiento personal y profesional que le ha llevado a lograr diversos <strong>podios<\/strong> y <strong>victorias<\/strong>, as\u00ed como ser convocado con la Selecci\u00f3n Espa\u00f1ola de Motocross y competir en cert\u00e1menes auton\u00f3micos, nacionales e internacionales, como el Campeonato de Europa\u00bb, han resaltado.<\/p>\n<p class=\"voc-p\" style=\"\">Tras conocer su muerte, han manifestado que est\u00e1 \u00ab<strong>consternados<\/strong> con esta noticia y todo el personal del CETDM y del Circuit desea dar el <strong>p\u00e9same<\/strong>, cari\u00f1o y mucha fuerza a todos los familiares, compa\u00f1eros, amigos y allegados de Enzo en estos momentos tan dif\u00edciles\u00bb.<\/p>\n","protected":false},"excerpt":{"rendered":"El joven piloto de motocross Enzo Badenas ha muerto en un accidente durante un entrenamiento a los 17&hellip;\n","protected":false},"author":2,"featured_media":278722,"comment_status":"","ping_status":"","sticky":false,"template":"","format":"standard","meta":{"footnotes":""},"categories":[93],"tags":[4205,988,67732,168,11010,67731,25,24,67730,8938,14725,23,167],"class_list":{"0":"post-278721","1":"post","2":"type-post","3":"status-publish","4":"format-standard","5":"has-post-thumbnail","7":"category-deportes","8":"tag-accidente","9":"tag-anos","10":"tag-badenas","11":"tag-deportes","12":"tag-entrenando","13":"tag-enzo","14":"tag-es","15":"tag-espana","16":"tag-motocross","17":"tag-muere","18":"tag-piloto","19":"tag-spain","20":"tag-sports"},"share_on_mastodon":{"url":"https:\/\/pubeurope.com\/@es\/115687407186912178","error":""},"_links":{"self":[{"href":"https:\/\/www.europesays.com\/es\/wp-json\/wp\/v2\/posts\/278721","targetHints":{"allow":["GET"]}}],"collection":[{"href":"https:\/\/www.europesays.com\/es\/wp-json\/wp\/v2\/posts"}],"about":[{"href":"https:\/\/www.europesays.com\/es\/wp-json\/wp\/v2\/types\/post"}],"author":[{"embeddable":true,"href":"https:\/\/www.europesays.com\/es\/wp-json\/wp\/v2\/users\/2"}],"replies":[{"embeddable":true,"href":"https:\/\/www.europesays.com\/es\/wp-json\/wp\/v2\/comments?post=278721"}],"version-history":[{"count":0,"href":"https:\/\/www.europesays.com\/es\/wp-json\/wp\/v2\/posts\/278721\/revisions"}],"wp:featuredmedia":[{"embeddable":true,"href":"https:\/\/www.europesays.com\/es\/wp-json\/wp\/v2\/media\/278722"}],"wp:attachment":[{"href":"https:\/\/www.europesays.com\/es\/wp-json\/wp\/v2\/media?parent=278721"}],"wp:term":[{"taxonomy":"category","embeddable":true,"href":"https:\/\/www.europesays.com\/es\/wp-json\/wp\/v2\/categories?post=278721"},{"taxonomy":"post_tag","embeddable":true,"href":"https:\/\/www.europesays.com\/es\/wp-json\/wp\/v2\/tags?post=278721"}],"curies":[{"name":"wp","href":"https:\/\/api.w.org\/{rel}","templated":true}]}}