{"id":278725,"date":"2025-12-09T03:09:10","date_gmt":"2025-12-09T03:09:10","guid":{"rendered":"https:\/\/www.europesays.com\/es\/278725\/"},"modified":"2025-12-09T03:09:10","modified_gmt":"2025-12-09T03:09:10","slug":"sandra-barneda-dio-un-rapapolvo-a-dario-en-la-isla-de-las-tentaciones-antes-de-su-polemico-reencuentro-con-almudena","status":"publish","type":"post","link":"https:\/\/www.europesays.com\/es\/278725\/","title":{"rendered":"Sandra Barneda dio un rapapolvo a Dar\u00edo en &#8216;La isla de las tentaciones&#8217; antes de su pol\u00e9mico reencuentro con Almudena"},"content":{"rendered":"<p class=\"article-text\">\n        <strong>El debate de las tentaciones <\/strong>cont\u00f3 este domingo con la presencia en plat\u00f3 de <strong>Dar\u00edo<\/strong>, uno de los grandes protagonistas de la semana en <strong>La isla de las tentaciones<\/strong> y que este lunes vivir\u00e1<a href=\"https:\/\/www.eldiario.es\/vertele\/noticias\/isla-tentaciones-9-desato-celos-nueva-novia-adelanto-desgarrador-reencuentro-almudena-dario_1_12819253.html\" target=\"_blank\" data-mrf-recirculation=\"links-noticia\" class=\"link\" rel=\"nofollow noopener\"> su esperado reencuentro con Almudena<\/a>. Durante la velada, <strong>Sandra Barneda <\/strong>dio un rapapolvo al joven por su reacci\u00f3n a una de las confesiones que su pareja dio en la \u00faltima hoguera.\n    <\/p>\n<p>    <a href=\"https:\/\/www.eldiario.es\/vertele\/noticias\/isla-tentaciones-9-desato-celos-nueva-novia-adelanto-desgarrador-reencuentro-almudena-dario_1_12819253.html\" data-mrf-recirculation=\"saber-mas\" data-dl-event=\"saber-mas\" rel=\"nofollow noopener\" target=\"_blank\"><\/p>\n<p class=\"know-more__title\">&#8216;La isla de las tentaciones 9&#8217; desat\u00f3 los celos con la nueva novia y adelant\u00f3 el desgarrador reencuentro de Almudena y Dar\u00edo<\/p>\n<p>            <img decoding=\"async\" class=\"lazy\" loading=\"lazy\" data-src=\"https:\/\/static.eldiario.es\/clip\/c2956224-af57-45a3-bc82-50b497402643_16-9-aspect-ratio_default_0.jpg\" src=\"data:image\/svg+xml,%3Csvg xmlns=\" http:=\"\" viewbox=\"0 0 880 495\" alt=\"'La isla de las tentaciones 9' desat\u00f3 los celos con la nueva novia y adelant\u00f3 el desgarrador reencuentro de Almudena y Dar\u00edo\"\/><\/p>\n<p>                        <\/a><\/p>\n<p class=\"article-text\">\n        Antes de hablar con el participante, la presentadora de <strong>Telecinco <\/strong>le invit\u00f3 a ver unas im\u00e1genes donde Almudena se sinceraba ante las c\u00e1maras: <strong>\u201cDar\u00edo es una persona que no hace especial mi cumplea\u00f1os\u201d<\/strong>, lleg\u00f3 a decir la malague\u00f1a, que desvelaba entre l\u00e1grimas que su \u00faltimo aniversario hab\u00eda sido <strong>\u201cuna mierda\u201d. <\/strong>\n    <\/p>\n<p class=\"article-text\">\n         Al devolver la conexi\u00f3n con plat\u00f3, Barneda pregunt\u00f3 a Dar\u00edo si esa celebraci\u00f3n hab\u00eda sido tan \u201cterrible\u201d como Almudena hab\u00eda asegurado: \u201cYo no lo recuerdo tan terrible, <strong>ella tuvo su tarta&#8230;<\/strong>\u201d, aleg\u00f3, dando un argumento que desat\u00f3 algunas risas entre los colaboradores.<strong> \u201c\u00a1Qu\u00e9 suerte tuvo! Menos mal que tuvo su tarta&#8230;\u201d,<\/strong>  brome\u00f3 Terelu desde su asiento. \u201cYo he admitido que no soy detallista ni cari\u00f1oso\u201d, se justidic\u00f3 el aludido.\n    <\/p>\n<p class=\"article-text\">\n        Sandra Barneda decidi\u00f3 entonces tomar partido y dar un rapapolvo al andaluz por su actitud desganada: \u201cPero Dar\u00edo, que no seas detallista, no lo seas contigo. <strong>Pero a la pareja tienes que hacerle alg\u00fan detalle, t\u00edo. <\/strong>Contigo mismo vale, no te cuides t\u00fa, pero hombre, con tu pareja&#8230;\u201d, dijo sorprendida la presentadora.\n    <\/p>\n<p class=\"article-text\">\n        \u201cEs que eso es lo que hace que una relaci\u00f3n dure y funcione\u201d, la apoy\u00f3 Alejandra Rubio. \u201cPero yo s<strong>u felicidad siempre la he antepuesto por delante de la m\u00eda. <\/strong>Todo lo que me ha pedido se lo he dado. \u00bfQue no ha salido de m\u00ed? Pues no es culpa m\u00eda&#8230;\u201d, aleg\u00f3 Dar\u00edo indignado.\n    <\/p>\n<p>    <a href=\"https:\/\/www.eldiario.es\/vertele\/noticias\/ines-hernand-eta-terrorismo-ot-2025-matiza-palabras-parece-mentira-aclarar-violencia-video_1_12828369.html\" data-mrf-recirculation=\"saber-mas-abajo\" data-dl-event=\"saber-mas-abajo\" rel=\"nofollow noopener\" target=\"_blank\"><\/p>\n<p class=\"know-more__title\">In\u00e9s Hernand matiza sus palabras sobre ETA y el terrorismo en &#8216;OT 2025&#8217;: \u201cParece mentira tener que aclarar esto\u201d\n<\/p>\n<p>            <img decoding=\"async\" class=\"lazy\" loading=\"lazy\" data-src=\"https:\/\/static.eldiario.es\/clip\/ff43bc73-c042-4d2b-9262-e0c493ccf82c_16-9-aspect-ratio_default_0.jpg\" src=\"data:image\/svg+xml,%3Csvg xmlns=\" http:=\"\" viewbox=\"0 0 880 495\" alt=\"In\u00e9s Hernand matiza sus palabras sobre ETA y el terrorismo en 'OT 2025': &quot;Parece mentira tener que aclarar esto&quot;\"\/><\/p>\n<p>                        <\/a><\/p>\n<blockquote class=\"twitter-tweet\" data-lang=\"es\"><p><a href=\"https:\/\/twitter.com\/X\/status\/1997776885493760135?ref_src=twsrc%5Etfw\" rel=\"nofollow noopener\" target=\"_blank\"><\/p><\/blockquote>\n<p class=\"article-text\">\n        La isla de las tentaciones emiti\u00f3 tambi\u00e9n un avance del reencuentro entre Dar\u00edo y Almudena, plato fuerte con el que el reality de Telecinco planea este lunes sorprender a la audiencia de Telecinco. En \u00e9l, se puede ver a <strong>la malague\u00f1a llegar corriendo al &#8216;espejo&#8217; del reality<\/strong>, donde se lanza contra su pareja, enfadada por todo lo acontecido hasta la fecha en el programa.\n    <\/p>\n<blockquote class=\"twitter-tweet\" data-lang=\"es\"><p><a href=\"https:\/\/twitter.com\/X\/status\/1997780527894381054?ref_src=twsrc%5Etfw\" rel=\"nofollow noopener\" target=\"_blank\"><\/p><\/blockquote>\n<p>                                    <script async src=\"https:\/\/platform.twitter.com\/widgets.js\" charset=\"utf-8\"><\/script><\/p>\n","protected":false},"excerpt":{"rendered":"El debate de las tentaciones cont\u00f3 este domingo con la presencia en plat\u00f3 de Dar\u00edo, uno de los&hellip;\n","protected":false},"author":2,"featured_media":278726,"comment_status":"","ping_status":"","sticky":false,"template":"","format":"standard","meta":{"footnotes":""},"categories":[91],"tags":[15099,7280,9261,67733,18335,146,147,25,24,1641,45360,3643,20070,7279,23,4473,2338],"class_list":{"0":"post-278725","1":"post","2":"type-post","3":"status-publish","4":"format-standard","5":"has-post-thumbnail","7":"category-entretenimiento","8":"tag-almudena","9":"tag-barneda","10":"tag-bronca","11":"tag-calento","12":"tag-dario","13":"tag-entertainment","14":"tag-entretenimiento","15":"tag-es","16":"tag-espana","17":"tag-imagenes","18":"tag-ineditas","19":"tag-isla","20":"tag-reencuentro","21":"tag-sandra","22":"tag-spain","23":"tag-tentaciones","24":"tag-video"},"share_on_mastodon":{"url":"https:\/\/pubeurope.com\/@es\/115687415182831258","error":""},"_links":{"self":[{"href":"https:\/\/www.europesays.com\/es\/wp-json\/wp\/v2\/posts\/278725","targetHints":{"allow":["GET"]}}],"collection":[{"href":"https:\/\/www.europesays.com\/es\/wp-json\/wp\/v2\/posts"}],"about":[{"href":"https:\/\/www.europesays.com\/es\/wp-json\/wp\/v2\/types\/post"}],"author":[{"embeddable":true,"href":"https:\/\/www.europesays.com\/es\/wp-json\/wp\/v2\/users\/2"}],"replies":[{"embeddable":true,"href":"https:\/\/www.europesays.com\/es\/wp-json\/wp\/v2\/comments?post=278725"}],"version-history":[{"count":0,"href":"https:\/\/www.europesays.com\/es\/wp-json\/wp\/v2\/posts\/278725\/revisions"}],"wp:featuredmedia":[{"embeddable":true,"href":"https:\/\/www.europesays.com\/es\/wp-json\/wp\/v2\/media\/278726"}],"wp:attachment":[{"href":"https:\/\/www.europesays.com\/es\/wp-json\/wp\/v2\/media?parent=278725"}],"wp:term":[{"taxonomy":"category","embeddable":true,"href":"https:\/\/www.europesays.com\/es\/wp-json\/wp\/v2\/categories?post=278725"},{"taxonomy":"post_tag","embeddable":true,"href":"https:\/\/www.europesays.com\/es\/wp-json\/wp\/v2\/tags?post=278725"}],"curies":[{"name":"wp","href":"https:\/\/api.w.org\/{rel}","templated":true}]}}