{"id":278742,"date":"2025-12-09T03:27:16","date_gmt":"2025-12-09T03:27:16","guid":{"rendered":"https:\/\/www.europesays.com\/es\/278742\/"},"modified":"2025-12-09T03:27:16","modified_gmt":"2025-12-09T03:27:16","slug":"asi-es-la-casa-de-los-gemelos-2-el-reality-que-reune-a-gandia-shore-la-isla-de-las-tentaciones-y-gh-para-competir-con-la-television-lineal","status":"publish","type":"post","link":"https:\/\/www.europesays.com\/es\/278742\/","title":{"rendered":"As\u00ed es &#8216;La casa de los gemelos 2&#8217;, el reality que re\u00fane a &#8216;Gand\u00eda Shore&#8217;, &#8216;La isla de las tentaciones&#8217; y &#8216;GH&#8217; para competir con la televisi\u00f3n lineal"},"content":{"rendered":"<p data-gtm-element-container=\"modulo-texto-link\" class=\"paragraph\">El pasado octubre, un reality show revolucion\u00f3 Espa\u00f1a. Su nombre, La casa de los gemelos, no figuraba en la lista de formatos predilectos de los m\u00e1s seguidores de la telerrealidad. Por algo tan sencillo como que se trataba de un espacio de nueva creaci\u00f3n, as\u00ed como que tampoco formaba parte de la parrilla televisiva propiamente dicha. Daniel y Carlos Ramos, dos youtubers y streamers conocidos como Zona Gemelos \u2013por ser, precisamente, gemelos\u2013 idearon un concurso al m\u00e1s puro estilo Gran Hermano, pero mezclando a personajes pol\u00e9micos del universo de Internet. \u00bfEl resultado? Un \u00e9xito, pero solo relativo.<\/p>\n<p data-gtm-element-container=\"modulo-texto-link\" class=\"paragraph\">Si bien la emisi\u00f3n en directo cosech\u00f3 miles de espectadores que no perd\u00edan detalle de lo que acontec\u00eda en la casa habilitada para la convivencia \u2013y su emisi\u00f3n en diferido en YouTube supera los dos millones de visualizaciones\u2013, el programa se vio obligado a bajar la persiana tan solo 9 horas despu\u00e9s de su arranque. Las peleas entre algunos de los participantes llegaron a l\u00edmites inadmisibles, propiciando abandonos prematuros y una cancelaci\u00f3n in extremis. Eso s\u00ed, visto el inter\u00e9s, los creadores de contenido no estaban dispuestos a renunciar a su idea. De ah\u00ed La casa de los gemelos 2, el reality que inici\u00f3 sus emisiones este 7 de diciembre y del que todo el mundo habla.<\/p>\n<p>Famosos de hoy y de siempre<br \/>\nEl reality recupera a sus pesos pesados, pero apuesta por perfiles de Telecinco<\/p>\n<p data-gtm-element-container=\"modulo-texto-link\" class=\"paragraph\">Cabe destacar que desde primera hora anunciaron Daniel y Carlos que esta vez quer\u00edan ir un paso m\u00e1s all\u00e1. No solo en infraestructura, con una nave habilitada para que los concursantes se instalen durante las tres semanas que durar\u00e1 el reality, que finalizar\u00e1 \u2013si todo va seg\u00fan lo previsto\u2013 a la par que la Nochevieja. Tambi\u00e9n en materia de casting, en el que han optado por mantener \u00fanicamente dos de los pesos pesados de la primera edici\u00f3n. Ellas son Triana S\u00e1nchez \u2018La Marrash\u2019 y Asunci\u00f3n Marto \u2018La Falete\u2019, dos influencers famosas por sus personalidades extremas y por ser habituales en la secci\u00f3n de directos de TikTok.<\/p>\n<p>                <img loading=\"lazy\" decoding=\"async\" data-full-src=\"https:\/\/www.lavanguardia.com\/uploads\/2025\/12\/08\/693716e47ba5e.png\" alt=\"'La Falete' y 'La Marrash' protagonizaron grandes discusiones en la primera edici\u00f3n de 'La casa de los gemelos'.\" width=\"449\" height=\"310\" src=\"https:\/\/www.europesays.com\/es\/wp-content\/uploads\/2025\/12\/693716e47ba5e.png\" class=\"lazy\"\/><\/p>\n<p class=\"caption-title \">&#8216;La Falete&#8217; y &#8216;La Marrash&#8217; protagonizaron grandes discusiones en la primera edici\u00f3n de &#8216;La casa de los gemelos&#8217;.<\/p>\n<p>                    YouTube<\/p>\n<p data-gtm-element-container=\"modulo-texto-link\" class=\"paragraph\">El caso es que el resto de los valientes que se han animado a experimentar esta reinvenci\u00f3n de la vida en directo a trav\u00e9s de las redes no son desconocidos para el p\u00fablico general. Sobre todo atendiendo a que muchos de ellos han pasado por algunos de los espacios televisivos m\u00e1s c\u00e9lebres de nuestro pa\u00eds. Entre ellos Jos\u00e9 Labrador, inolvidable participante de Gand\u00eda Shore; Eros Vidal y Gabriella Barbu de La isla de las tentaciones; o Nissrine Lahr de la segunda edici\u00f3n de Secret Story: La casa de los secretos. Perfiles del universo Telecinco atractivos a m\u00e1s no poder que ahora comparten hogar con otras figuras de lo m\u00e1s variopintas.<\/p>\n<p data-gtm-element-container=\"modulo-texto-link\" class=\"paragraph\">Y es que el elenco final de concursantes lo completan la influencer Andrea Batres, el DJ Sweet Flow y Jos\u00e9 \u00c1ngel Peregrina, otro particular creador de contenido apodado en las redes como \u2018El Patica\u2019. Pero eso no es todo. Tres importantes roles juegan un papel esencial en el devenir de esta segunda temporada que tiene a los internautas pegados a la pantalla. Y nadie mejor para desempe\u00f1arlos que tres especialistas de la peque\u00f1a pantalla. Nada m\u00e1s y nada menos que V\u00edctor Sandoval, Coto Matamoros y Kiko Hern\u00e1ndez. El primero en calidad de \u201cdictador\u201d de la casa, para imponer \u00f3rdenes. El segundo, como \u201cverdugo\u201d, para determinar castigos. Y el tercero como presentador y maestro de ceremonias. Del GH que le vio emerger all\u00e1 por el 2002 al GH del futuro. \u00bfEl premio? 100.000 euros. No es poca cosa.<\/p>\n<blockquote class=\"instagram-media\" data-instgrm-captioned=\"\" data-instgrm-version=\"6\" style=\"background: #FFF; border: 0; border-radius: 3px; box-shadow: 0 0 1px 0 rgba(0,&#10;0, 0, 0.5), 0 1px 10px 0 rgba(0, 0, 0, 0.15); margin: 1px; max-width: 658px; padding: 0;&#10;width: 99.375%; width: -webkit-calc(100% - 2px); width: calc(100% - 2px);\">\n<\/blockquote>\n<p> \u00ab&gt;<\/p>\n<p>Con el necesario reemplazo<br \/>\nUn estreno marcado por tres bajas de \u00faltima hora (y un veto)<\/p>\n<p data-gtm-element-container=\"modulo-texto-link\" class=\"paragraph\">Es importante tener en cuenta que, pese a la potencia de los participantes, estos no eran todos los elegidos en primera instancia. Desafortunadamente, se dieron tres bajas de \u00faltima hora, pese a haberse confirmado sus nombres. Estas fueron tres mujeres, adem\u00e1s especialmente aclamadas por la audiencia, y cada una fuera de la competici\u00f3n por motivos totalmente distintos. Para comenzar, Bea \u2018La legionaria\u2019, conocida por su paso por\u00a0Gran Hermano 7, causar\u00eda baja m\u00e9dica.<\/p>\n<p data-gtm-element-container=\"modulo-texto-link\" class=\"paragraph\">Despu\u00e9s la vidente y bruja Aram\u00eds Fuster decidir\u00eda retirarse voluntariamente por discrepancias con el resto de perfiles participantes. Por \u00faltimo, a escasas horas del estreno, sali\u00f3 a la luz que la influencer Mar\u00eda Rispa hab\u00eda sido vetada por \u2018La Marrash\u2019 a ra\u00edz de su mala sinton\u00eda tiempo atr\u00e1s, quedando fuera de la ecuaci\u00f3n. Es por esto que Miguel Misha, influencer y amigo cercano de los gemelos, ha cubierto uno de los huecos. La pregunta ahora es: \u00bfhabr\u00e1 m\u00e1s incorporaciones para completar este reparto que a nadie est\u00e1 dejando indiferente? Todo est\u00e1 por ver.<\/p>\n","protected":false},"excerpt":{"rendered":"El pasado octubre, un reality show revolucion\u00f3 Espa\u00f1a. Su nombre, La casa de los gemelos, no figuraba en&hellip;\n","protected":false},"author":2,"featured_media":278743,"comment_status":"","ping_status":"","sticky":false,"template":"","format":"standard","meta":{"footnotes":""},"categories":[171],"tags":[146,147,25,24,23,214],"class_list":{"0":"post-278742","1":"post","2":"type-post","3":"status-publish","4":"format-standard","5":"has-post-thumbnail","7":"category-tv","8":"tag-entertainment","9":"tag-entretenimiento","10":"tag-es","11":"tag-espana","12":"tag-spain","13":"tag-tv"},"share_on_mastodon":{"url":"https:\/\/pubeurope.com\/@es\/115687486296821743","error":""},"_links":{"self":[{"href":"https:\/\/www.europesays.com\/es\/wp-json\/wp\/v2\/posts\/278742","targetHints":{"allow":["GET"]}}],"collection":[{"href":"https:\/\/www.europesays.com\/es\/wp-json\/wp\/v2\/posts"}],"about":[{"href":"https:\/\/www.europesays.com\/es\/wp-json\/wp\/v2\/types\/post"}],"author":[{"embeddable":true,"href":"https:\/\/www.europesays.com\/es\/wp-json\/wp\/v2\/users\/2"}],"replies":[{"embeddable":true,"href":"https:\/\/www.europesays.com\/es\/wp-json\/wp\/v2\/comments?post=278742"}],"version-history":[{"count":0,"href":"https:\/\/www.europesays.com\/es\/wp-json\/wp\/v2\/posts\/278742\/revisions"}],"wp:featuredmedia":[{"embeddable":true,"href":"https:\/\/www.europesays.com\/es\/wp-json\/wp\/v2\/media\/278743"}],"wp:attachment":[{"href":"https:\/\/www.europesays.com\/es\/wp-json\/wp\/v2\/media?parent=278742"}],"wp:term":[{"taxonomy":"category","embeddable":true,"href":"https:\/\/www.europesays.com\/es\/wp-json\/wp\/v2\/categories?post=278742"},{"taxonomy":"post_tag","embeddable":true,"href":"https:\/\/www.europesays.com\/es\/wp-json\/wp\/v2\/tags?post=278742"}],"curies":[{"name":"wp","href":"https:\/\/api.w.org\/{rel}","templated":true}]}}