{"id":27875,"date":"2025-08-05T19:40:08","date_gmt":"2025-08-05T19:40:08","guid":{"rendered":"https:\/\/www.europesays.com\/es\/27875\/"},"modified":"2025-08-05T19:40:08","modified_gmt":"2025-08-05T19:40:08","slug":"iberdrola-venta-masdar-norges-y-fortescue-pujan-por-una-cartera-de-renovables-de-iberdrola-por-900-millones","status":"publish","type":"post","link":"https:\/\/www.europesays.com\/es\/27875\/","title":{"rendered":"IBERDROLA VENTA | Masdar, Norges y Fortescue pujan por una cartera de renovables de Iberdrola por 900 millones"},"content":{"rendered":"<p class=\"ft-text ft-helper-closenews\">La emirat\u00ed Masdar, el fondo soberano de Noruega, Norges Bank, y la australiana Fortescue <strong>han sido las empresas preseleccionadas para comprar por 900 millones una cartera de energ\u00eda solar de Iberdrola en Espa\u00f1a<\/strong>, seg\u00fan informa la agencia Bloomberg. La energ\u00e9tica espa\u00f1ola pone a la venta el 49% de la cartera de Proyecto Julieta, que tiene una capacidad de un gigavatio, seg\u00fan informa Bloomberg.<\/p>\n<p class=\"ft-text\">Esta operaci\u00f3n es similar a otras desinversiones que Iberdrola ha realizado en los \u00faltimos a\u00f1os. <strong>Al vender participaciones minoritarias en grandes proyectos a socios financieros, la compa\u00f1\u00eda puede mantener el control de los activos mientras recauda fondos para reducir deuda y abaratar su coste de capital<\/strong>. La empresa tambi\u00e9n est\u00e1 destinando el dinero de estas llamadas operaciones de rotaci\u00f3n de activos para aumentar sus inversiones en redes el\u00e9ctricas a nivel global.<\/p>\n<p class=\"ft-text\">Algunas de las empresas preseleccionadas han cerrado transacciones en los \u00faltimos meses con la energ\u00e9tica espa\u00f1ola. En 2023, el fondo soberano de Noruega compr\u00f3 una participaci\u00f3n en otra cartera por 600 millones de euros. Ese mismo a\u00f1o, <strong>Iberdrola tambi\u00e9n vendi\u00f3 una participaci\u00f3n del 49% en <\/strong>el parque e\u00f3lico marino Baltic Eagle<strong>, frente a la costa alemana, a Masdar<\/strong>.<\/p>\n<p class=\"ft-text\">Iberdrola tambi\u00e9n anunci\u00f3 recientemente una inversi\u00f3n conjunta con Masdar en <a class=\"ft-link ft-link--decoration\" href=\"https:\/\/www.elperiodico.com\/es\/economia\/20250710\/iberdrola-alianza-abu-dabi-masdar-eolica-marina-119548125\" target=\"_blank\" rel=\"nofollow noopener\">el proyecto e\u00f3lico marino East Anglia Three<\/a>, de 1,4 gigavatios, en el Reino Unido. Tambi\u00e9n Masdar cerr\u00f3 otro acuerdo con Iberdrola para la venta de una participaci\u00f3n en el proyecto Baltic Eagle, de e\u00f3lica marina en Alemania.<strong> La firma con sede en Abi Dabi se hizo con una participaci\u00f3n del 49% en el capital del parque e\u00f3lico marino Baltic Eagle en Alemania, con 476 megavatios de potencia instalada<\/strong>.<\/p>\n<p class=\"ft-text\">Tambi\u00e9n cabe destacar que Iberdrola complet\u00f3 <a class=\"ft-link ft-link--decoration\" href=\"https:\/\/www.elperiodico.com\/es\/economia\/20250731\/cox-compra-activos-iberdrola-mexico-millones-120248542\" target=\"_blank\" rel=\"nofollow noopener\">la venta de su filial en M\u00e9xico al grupo alicantino Cox por 3.643 millones de euros<\/a>, una operaci\u00f3n que se suma a <a class=\"ft-link ft-link--decoration\" href=\"https:\/\/www.elperiodico.com\/es\/economia\/20250723\/iberdrola-lanza-ampliacion-capital-record-119975976\" target=\"_blank\" rel=\"nofollow noopener\">la ampliaci\u00f3n de capital de 5.000 millones de euros<\/a>. <strong>La energ\u00e9tica quiere ahora centrarse en potenciar los mercados de redes el\u00e9ctricas de transporte y distribuci\u00f3n de Estados Unidos, Reino Unido, Brasil y Espa\u00f1a<\/strong>.<\/p>\n<p data-close=\"closedContent\" class=\"subscribeHideForDisplay\">Suscr\u00edbete para seguir leyendo<\/p>\n","protected":false},"excerpt":{"rendered":"La emirat\u00ed Masdar, el fondo soberano de Noruega, Norges Bank, y la australiana Fortescue han sido las empresas&hellip;\n","protected":false},"author":2,"featured_media":27876,"comment_status":"","ping_status":"","sticky":false,"template":"","format":"standard","meta":{"footnotes":""},"categories":[80],"tags":[82,95,94,5220,25,24,15142,7131,15140,15141,15143,5292,23],"class_list":{"0":"post-27875","1":"post","2":"type-post","3":"status-publish","4":"format-standard","5":"has-post-thumbnail","7":"category-economia","8":"tag-business","9":"tag-economia","10":"tag-economy","11":"tag-energia","12":"tag-es","13":"tag-espana","14":"tag-fortescue","15":"tag-iberdrola","16":"tag-masdar","17":"tag-norges","18":"tag-pujan","19":"tag-renovables","20":"tag-spain"},"share_on_mastodon":{"url":"","error":""},"_links":{"self":[{"href":"https:\/\/www.europesays.com\/es\/wp-json\/wp\/v2\/posts\/27875","targetHints":{"allow":["GET"]}}],"collection":[{"href":"https:\/\/www.europesays.com\/es\/wp-json\/wp\/v2\/posts"}],"about":[{"href":"https:\/\/www.europesays.com\/es\/wp-json\/wp\/v2\/types\/post"}],"author":[{"embeddable":true,"href":"https:\/\/www.europesays.com\/es\/wp-json\/wp\/v2\/users\/2"}],"replies":[{"embeddable":true,"href":"https:\/\/www.europesays.com\/es\/wp-json\/wp\/v2\/comments?post=27875"}],"version-history":[{"count":0,"href":"https:\/\/www.europesays.com\/es\/wp-json\/wp\/v2\/posts\/27875\/revisions"}],"wp:featuredmedia":[{"embeddable":true,"href":"https:\/\/www.europesays.com\/es\/wp-json\/wp\/v2\/media\/27876"}],"wp:attachment":[{"href":"https:\/\/www.europesays.com\/es\/wp-json\/wp\/v2\/media?parent=27875"}],"wp:term":[{"taxonomy":"category","embeddable":true,"href":"https:\/\/www.europesays.com\/es\/wp-json\/wp\/v2\/categories?post=27875"},{"taxonomy":"post_tag","embeddable":true,"href":"https:\/\/www.europesays.com\/es\/wp-json\/wp\/v2\/tags?post=27875"}],"curies":[{"name":"wp","href":"https:\/\/api.w.org\/{rel}","templated":true}]}}