{"id":278756,"date":"2025-12-09T03:34:16","date_gmt":"2025-12-09T03:34:16","guid":{"rendered":"https:\/\/www.europesays.com\/es\/278756\/"},"modified":"2025-12-09T03:34:16","modified_gmt":"2025-12-09T03:34:16","slug":"cancela-su-plan-de-eliminar-los-coches-con-motor-de-combustion-gracias-a-alemania","status":"publish","type":"post","link":"https:\/\/www.europesays.com\/es\/278756\/","title":{"rendered":"cancela su plan de eliminar los coches con motor de combusti\u00f3n gracias a Alemania"},"content":{"rendered":"<p data-gtm-element-container=\"modulo-texto-link\" class=\"paragraph\">Cada vez m\u00e1s ciudades se han sumado a <strong>la implantaci\u00f3n de medidas para reducir la contaminaci\u00f3n y mejorar la calidad del aire<\/strong>, restringiendo el acceso de veh\u00edculos a las zonas m\u00e1s sensibles. La prueba de ello es <strong>la creaci\u00f3n de Zonas de Bajas Emisiones<\/strong>, donde solo pueden circular coches poco contaminantes, en grandes ciudades como por ejemplo, <strong>Barcelona o Madrid<\/strong>.\u00a0<\/p>\n<p data-gtm-element-container=\"modulo-texto-link\" class=\"paragraph\">Una intenci\u00f3n que <strong>se est\u00e1 llevando a cabo en toda Europa y que pretende disminuir las emisiones y el ruido<\/strong>. Un futuro que miraba hacia <strong>el coche el\u00e9ctrico como la alternativa<\/strong> m\u00e1s sostenible, los Gobiernos han proporcionado subvenciones a la compra para quienes cambien al el\u00e9ctrico y ventajas a zonas de aparcamiento.\u00a0<\/p>\n<p>                <img loading=\"lazy\" decoding=\"async\" data-full-src=\"https:\/\/www.mundodeportivo.com\/uploads\/2025\/11\/30\/692c2f847051d.jpeg\" alt=\"Horizontal\" width=\"449\" height=\"297\" src=\"https:\/\/www.europesays.com\/es\/wp-content\/uploads\/2025\/12\/692c2f847051d.jpeg\" class=\"lazy\"\/><\/p>\n<p class=\"caption-title \">La presidenta de la Comisi\u00f3n Europea, Ursula von der Leyen, asiste a un debate sobre el nuevo plan de pensiones 2028-2034.<\/p>\n<p>                    OLIVIER HOSLET \/ EFE<\/p>\n<p data-gtm-element-container=\"modulo-texto-link\" class=\"paragraph\">De hecho, la <strong>Uni\u00f3n Europea pretend\u00eda eliminar todos los coches de combusti\u00f3n nuevos a partir de 2035<\/strong>, pero ha dado marcha atr\u00e1s en su prohibici\u00f3n. Pa\u00edses como <strong>Alemania, que ha sido la principal objetora<\/strong>, han presionado la normativa para que no se cierre la puerta a los motores t\u00e9rmicos.\u00a0<\/p>\n<p data-gtm-element-container=\"modulo-texto-link\" class=\"paragraph\">El <strong>plan original de la UE consist\u00eda en prohibir la venta de coches<\/strong> <strong>nuevos de combusti\u00f3n (gasolina y di\u00e9sel)<\/strong> a partir del a\u00f1o 2035, no se limitar\u00eda la circulaci\u00f3n de los coches antiguos, pero no se podr\u00edan matricular veh\u00edculos nuevos que emitiesen CO2.<\/p>\n<p>                <img loading=\"lazy\" decoding=\"async\" data-full-src=\"https:\/\/www.mundodeportivo.com\/uploads\/2025\/05\/04\/6817885778998.jpeg\" alt=\"Cargador de coche el\u00e9ctrico de la empresa Char.gy en una ciudad brit\u00e1nica.\" width=\"449\" height=\"299\" src=\"https:\/\/www.europesays.com\/es\/wp-content\/uploads\/2025\/12\/6817885778998.r_d.512-342.jpeg\" class=\"lazy\"\/><\/p>\n<p class=\"caption-title \">Cargador de coche el\u00e9ctrico de la empresa Char.gy en una ciudad brit\u00e1nica.<\/p>\n<p>                    Char.gy<\/p>\n<p>    Lee tambi\u00e9n<\/p>\n<p data-gtm-element-container=\"modulo-texto-link\" class=\"paragraph\">Tras la presi\u00f3n de pa\u00edses como Alemania, <strong>la Comisi\u00f3n Europea ha revisado su plan de prohibir la venta de coches con motor de combusti\u00f3n<\/strong>, aceptando que se puedan seguir comercializando motores de combusti\u00f3n \u00abaltamente eficientes\u00bb.<\/p>\n<p data-gtm-element-container=\"modulo-texto-link\" class=\"paragraph\">Adem\u00e1s, se refleja que la Uni\u00f3n Europea estar\u00eda dispuesta a permitir combustibles sint\u00e9ticos o de bajas emisiones como alternativa, manteniendo \u00abtodas las tecnolog\u00edas abiertas\u00bb. <strong>De modo que dar\u00e1 paso a una transici\u00f3n m\u00e1s flexible que incluir\u00e1 motores t\u00e9rmicos, combustibles alternativos y el\u00e9ctricos.\u00a0<\/strong><\/p>\n","protected":false},"excerpt":{"rendered":"Cada vez m\u00e1s ciudades se han sumado a la implantaci\u00f3n de medidas para reducir la contaminaci\u00f3n y mejorar&hellip;\n","protected":false},"author":2,"featured_media":278757,"comment_status":"","ping_status":"","sticky":false,"template":"","format":"standard","meta":{"footnotes":""},"categories":[80],"tags":[82,95,94,25,24,23],"class_list":{"0":"post-278756","1":"post","2":"type-post","3":"status-publish","4":"format-standard","5":"has-post-thumbnail","7":"category-economia","8":"tag-business","9":"tag-economia","10":"tag-economy","11":"tag-es","12":"tag-espana","13":"tag-spain"},"share_on_mastodon":{"url":"https:\/\/pubeurope.com\/@es\/115687513956340758","error":""},"_links":{"self":[{"href":"https:\/\/www.europesays.com\/es\/wp-json\/wp\/v2\/posts\/278756","targetHints":{"allow":["GET"]}}],"collection":[{"href":"https:\/\/www.europesays.com\/es\/wp-json\/wp\/v2\/posts"}],"about":[{"href":"https:\/\/www.europesays.com\/es\/wp-json\/wp\/v2\/types\/post"}],"author":[{"embeddable":true,"href":"https:\/\/www.europesays.com\/es\/wp-json\/wp\/v2\/users\/2"}],"replies":[{"embeddable":true,"href":"https:\/\/www.europesays.com\/es\/wp-json\/wp\/v2\/comments?post=278756"}],"version-history":[{"count":0,"href":"https:\/\/www.europesays.com\/es\/wp-json\/wp\/v2\/posts\/278756\/revisions"}],"wp:featuredmedia":[{"embeddable":true,"href":"https:\/\/www.europesays.com\/es\/wp-json\/wp\/v2\/media\/278757"}],"wp:attachment":[{"href":"https:\/\/www.europesays.com\/es\/wp-json\/wp\/v2\/media?parent=278756"}],"wp:term":[{"taxonomy":"category","embeddable":true,"href":"https:\/\/www.europesays.com\/es\/wp-json\/wp\/v2\/categories?post=278756"},{"taxonomy":"post_tag","embeddable":true,"href":"https:\/\/www.europesays.com\/es\/wp-json\/wp\/v2\/tags?post=278756"}],"curies":[{"name":"wp","href":"https:\/\/api.w.org\/{rel}","templated":true}]}}